{"id":2430,"date":"2024-02-21T14:35:27","date_gmt":"2024-02-21T13:35:27","guid":{"rendered":"https:\/\/us.edu.pl\/absolwent\/?p=2430"},"modified":"2025-03-04T14:01:17","modified_gmt":"2025-03-04T13:01:17","slug":"anna-orska-olszewska-organizacja-produkcji-filmowej-i-telewizyjnej","status":"publish","type":"post","link":"https:\/\/us.edu.pl\/absolwent\/2024\/02\/21\/anna-orska-olszewska-organizacja-produkcji-filmowej-i-telewizyjnej\/","title":{"rendered":"Anna Orska-Olszewska \u2013 absolwentka organizacji produkcji filmowej i telewizyjnej"},"content":{"rendered":"<p>[vc_row content_placement=&#8221;middle&#8221;][vc_column width=&#8221;1\/3&#8243;][vc_single_image image=&#8221;2431&#8243; img_size=&#8221;large&#8221; add_caption=&#8221;yes&#8221; alignment=&#8221;center&#8221; style=&#8221;vc_box_shadow_border_circle_2&#8243;][\/vc_column][vc_column width=&#8221;2\/3&#8243;]\r\n                <div class=\"text-modules\">\r\n                    <div class=\"container\">\r\n                        \r\n                        <div class=\"text-modules__content\"><p><span style=\"font-weight: 400;\">Wyb\u00f3r studi\u00f3w to niezwyk\u0142a podr\u00f3\u017c w g\u0142\u0105b siebie, pe\u0142na refleksji, odkry\u0107 i nadziei. To moment, w kt\u00f3rym otwieramy drzwi do niezliczonych mo\u017cliwo\u015bci i nowych przyg\u00f3d. To decyzja, kt\u00f3ra zapocz\u0105tkuje histori\u0119, kt\u00f3r\u0105 kontynuowa\u0107 b\u0119dziemy przez kolejne lata. Dla mnie wcale nie by\u0142a ona naj\u0142atwiejsza \u2013 bardzo d\u0142ugo zastanawia\u0142am si\u0119, kt\u00f3re drzwi powinnam otworzy\u0107. <\/span><\/p>\n<p><span style=\"font-weight: 400;\">Zdecydowa\u0142am si\u0119 na studiowanie socjologii oraz produkcji filmowej i telewizyjnej na Uniwersytecie \u015al\u0105skim, co umo\u017cliwi\u0142o mi po\u0142\u0105czenie moich pasji i zainteresowa\u0144. Mia\u0142am szcz\u0119\u015bcie spotka\u0107 na swojej akademickiej drodze fantastycznych ludzi, kt\u00f3rzy nieustaj\u0105co inspirowali mnie, zach\u0119cali do dzia\u0142ania, dodawali wiatru w skrzyd\u0142a. <\/span><\/p>\n<p><span style=\"font-weight: 400;\">Czas studi\u00f3w by\u0142 wype\u0142niony godzinami intelektualnych potyczek, rozm\u00f3w akademickich, interakcji z osobami o r\u00f3\u017cnych przekonaniach i pogl\u0105dach, kt\u00f3re wzajemnie szanowali\u015bmy. To niezliczona liczba projekt\u00f3w naukowych, w kt\u00f3rych mog\u0142am uczestniczy\u0107 dzi\u0119ki otwarto\u015bci moich wyk\u0142adowc\u00f3w. To wspania\u0142e wyjazdy naukowe i dzia\u0142alno\u015b\u0107 w organizacjach studenckich, czas zawierania prawdziwych przyja\u017ani. <\/span><\/p>\n<p><span style=\"font-weight: 400;\">Dzisiaj z czystym sumieniem mog\u0119 ka\u017cdej osobie rekomendowa\u0107 uko\u0144czone przeze mnie kierunki na Uniwersytecie \u015al\u0105skim (i odrobink\u0105 zazdro\u015bci, \u017ce ta przygoda dopiero przed nimi) \u2013 studia, kt\u00f3re pozwoli\u0142y mi si\u0119 rozwin\u0105\u0107, pozna\u0107 wspania\u0142ych ludzi, z kt\u00f3rymi nierzadko dzisiaj spotykam si\u0119 w pracy i zdoby\u0107 wiedz\u0119, a wszystko to w niezwykle przyjaznej atmosferze.\u00a0<\/span><\/p>\n<\/div>\r\n                    <\/div>\r\n                <\/div>[\/vc_column][\/vc_row][vc_row][vc_column][vc_empty_space height=&#8221;2em&#8221;][vc_separator color=&#8221;custom&#8221; border_width=&#8221;2&#8243; accent_color=&#8221;#9d9c9c&#8221;]\r\n            <div class=\"container\">  \r\n                <div class=\"lists-with-links\">\r\n                    <div class=\"section-title\">Rekomendacje<\/div>\r\n                   <div class=\"lists-with-links__items lists-2\"><ul class=\"angle-list\"> <li> <a href=\"https:\/\/us.edu.pl\/absolwent\/category\/rekomendacje-wideo\/\"> rekomendacje wideo <\/a> <\/li><li> <a href=\"https:\/\/us.edu.pl\/absolwent\/category\/nauki-humanistyczne\/\"> nauki humanistyczne <\/a> <\/li><li> <a href=\"https:\/\/us.edu.pl\/absolwent\/category\/nauki-prawne-i-nauki-o-administracji\/\"> nauki prawne i nauki o administracji <\/a> <\/li><li> <a href=\"https:\/\/us.edu.pl\/absolwent\/category\/nauki-przyrodnicze\/\"> nauki przyrodnicze <\/a> <\/li><\/ul><ul class=\"angle-list\"> <li> <a href=\"https:\/\/us.edu.pl\/absolwent\/category\/nauki-spoleczne\/\"> nauki spo\u0142eczne <\/a> <\/li><li> <a href=\"https:\/\/us.edu.pl\/absolwent\/category\/nauki-scisle-oraz-techniczne\/\"> nauki \u015bcis\u0142e oraz techniczne <\/a> <\/li><li> <a href=\"https:\/\/us.edu.pl\/absolwent\/category\/nauki-teologiczne\/\"> nauki teologiczne <\/a> <\/li><li> <a href=\"https:\/\/us.edu.pl\/absolwent\/category\/sztuka-i-nauki-o-edukacji\/\"> sztuka i nauki o edukacji <\/a> <\/li><\/ul><\/div>\r\n                <\/div>\r\n            <\/div>[\/vc_column][\/vc_row]<\/p>","protected":false},"excerpt":{"rendered":"<p>[vc_row content_placement=&#8221;middle&#8221;][vc_column width=&#8221;1\/3&#8243;][vc_single_image image=&#8221;2431&#8243; img_size=&#8221;large&#8221; add_caption=&#8221;yes&#8221; alignment=&#8221;center&#8221; style=&#8221;vc_box_shadow_border_circle_2&#8243;][\/vc_column][vc_column width=&#8221;2\/3&#8243;][\/vc_column][\/vc_row][vc_row][vc_column][vc_empty_space height=&#8221;2em&#8221;][vc_separator color=&#8221;custom&#8221; border_width=&#8221;2&#8243; accent_color=&#8221;#9d9c9c&#8221;][\/vc_column][\/vc_row] [&#8230;]<\/p>\n<p><a class=\"btn btn-secondary understrap-read-more-link\" href=\"https:\/\/us.edu.pl\/absolwent\/2024\/02\/21\/anna-orska-olszewska-organizacja-produkcji-filmowej-i-telewizyjnej\/\">Read More&#8230;<\/a><\/p>\n","protected":false},"author":26,"featured_media":3085,"comment_status":"open","ping_status":"open","sticky":false,"template":"","format":"standard","meta":{"_expiration-date-status":"","_expiration-date":0,"_expiration-date-type":"","_expiration-date-categories":[],"_expiration-date-options":[]},"categories":[24],"tags":[],"acf":[],"_links":{"self":[{"href":"https:\/\/us.edu.pl\/absolwent\/wp-json\/wp\/v2\/posts\/2430"}],"collection":[{"href":"https:\/\/us.edu.pl\/absolwent\/wp-json\/wp\/v2\/posts"}],"about":[{"href":"https:\/\/us.edu.pl\/absolwent\/wp-json\/wp\/v2\/types\/post"}],"author":[{"embeddable":true,"href":"https:\/\/us.edu.pl\/absolwent\/wp-json\/wp\/v2\/users\/26"}],"replies":[{"embeddable":true,"href":"https:\/\/us.edu.pl\/absolwent\/wp-json\/wp\/v2\/comments?post=2430"}],"version-history":[{"count":10,"href":"https:\/\/us.edu.pl\/absolwent\/wp-json\/wp\/v2\/posts\/2430\/revisions"}],"predecessor-version":[{"id":2626,"href":"https:\/\/us.edu.pl\/absolwent\/wp-json\/wp\/v2\/posts\/2430\/revisions\/2626"}],"wp:featuredmedia":[{"embeddable":true,"href":"https:\/\/us.edu.pl\/absolwent\/wp-json\/wp\/v2\/media\/3085"}],"wp:attachment":[{"href":"https:\/\/us.edu.pl\/absolwent\/wp-json\/wp\/v2\/media?parent=2430"}],"wp:term":[{"taxonomy":"category","embeddable":true,"href":"https:\/\/us.edu.pl\/absolwent\/wp-json\/wp\/v2\/categories?post=2430"},{"taxonomy":"post_tag","embeddable":true,"href":"https:\/\/us.edu.pl\/absolwent\/wp-json\/wp\/v2\/tags?post=2430"}],"curies":[{"name":"wp","href":"https:\/\/api.w.org\/{rel}","templated":true}]}}