{"id":3263,"date":"2025-09-30T09:57:28","date_gmt":"2025-09-30T07:57:28","guid":{"rendered":"https:\/\/us.edu.pl\/absolwent\/?p=3263"},"modified":"2025-09-30T09:57:28","modified_gmt":"2025-09-30T07:57:28","slug":"wojciech-pilorz-absolwent-geografii","status":"publish","type":"post","link":"https:\/\/us.edu.pl\/absolwent\/2025\/09\/30\/wojciech-pilorz-absolwent-geografii\/","title":{"rendered":"Wojciech Pilorz &#8211; absolwent geografii"},"content":{"rendered":"<p>[vc_row][vc_column width=&#8221;1\/3&#8243;][vc_single_image image=&#8221;3264&#8243; img_size=&#8221;large&#8221; add_caption=&#8221;yes&#8221; alignment=&#8221;center&#8221; style=&#8221;vc_box_shadow_border_circle_2&#8243;][\/vc_column][vc_column width=&#8221;2\/3&#8243;]\r\n                <div class=\"text-modules\">\r\n                    <div class=\"container\">\r\n                        \r\n                        <div class=\"text-modules__content\"><p><span style=\"font-weight: 400;\">Dla mnie Uniwersytet \u015al\u0105ski by\u0142 prostym wyborem wynikaj\u0105cym z moich zainteresowa\u0144. Od kiedy pami\u0119tam interesowa\u0142y mnie burze i og\u00f3lnie \u2013 meteorologia, ale tak\u017ce inne rzeczy tworz\u0105ce swego rodzaju \u201eheatmap\u0119\u201d, w kt\u00f3rej obszary mocno mnie fascynuj\u0105ce stanowi\u0105 kolor intensywnie czerwony a obszary oboj\u0119tne \u2013 kolory ch\u0142odne. Najwa\u017cniejsz\u0105 kwesti\u0105, kt\u00f3r\u0105 b\u0119d\u0119 zawsze wskazywa\u0142 m\u0142odym ludziom stoj\u0105cym przed wyborem \u017cyciowej drogi jest pasja i zainteresowania. Je\u015bli ju\u017c masz zainteresowania, nie traktuj ich wy\u0142\u0105cznie jako odskoczni i nie poddawaj si\u0119, poniewa\u017c ich rozw\u00f3j wymaga po\u015bwi\u0119cenia czasu oraz si\u0142y. Bowiem im wi\u0119cej im po\u015bwi\u0119cimy, tym lepsi staniemy si\u0119 w ich w\u0105skiej specjalizacji, co z czasem zaprocentuje na rynku pracy. Staraj si\u0119 wi\u0119c anga\u017cowa\u0107 w aktywno\u015bci, kt\u00f3re Ci\u0119 poci\u0105gaj\u0105. Je\u015bli takich nie masz \u2013 si\u0119gnij nawet do wczesnego dzieci\u0144stwa \u2013 co interesowa\u0142o Ci\u0119 wtedy, w jakim kierunku bieg\u0142y Twoje my\u015bli, jakie mia\u0142e\u015b zaci\u0119cia. Oferta kszta\u0142cenia Uniwersytetu \u015al\u0105skiego jest na tyle szeroka, \u017ce ka\u017cdy znajdzie w niej co\u015b dla siebie. W moim przypadku by\u0142a to geografia i p\u00f3\u017aniejsza specjalizacja z hydroklimatologii. Na studiach pozna\u0142em wielu koleg\u00f3w, z kt\u00f3rymi znajomo\u015b\u0107 kontynuuj\u0119 do dzisiaj. Bardzo pomocne w nawi\u0105zywaniu relacji by\u0142y praktyki terenowe, kt\u00f3re sta\u0142y si\u0119 okazj\u0105 nie tylko do pog\u0142\u0119bienia relacji, ale r\u00f3wnie\u017c do poznawania zjawisk przyrodniczych wyst\u0119puj\u0105cych <\/span><i><span style=\"font-weight: 400;\">in situ<\/span><\/i><span style=\"font-weight: 400;\">. Na studiach mia\u0142em pe\u0142n\u0105 mo\u017cliwo\u015b\u0107 realizacji w\u0142asnego tematu pracy magisterskiej. W tej chwili rozwijam swoje badania w ramach studi\u00f3w doktoranckich. Niezwykle pomocni w przygotowaniu pracy s\u0105 pracownicy Wydzia\u0142u Nauk Przyrodniczych, kt\u00f3rzy wspierali mnie swoj\u0105 wiedz\u0105 i praktycznymi wskaz\u00f3wkami na ka\u017cdym etapie mojej nauki. Dzisiaj owocuje to prac\u0105 zwi\u0105zan\u0105 z moimi zainteresowaniami jako Kierownik Dzia\u0142u Bada\u0144 i Rozwoju w firmie Ekoenergia Silesia S.A., gdzie odpowiadam m.in. za dzia\u0142anie radaru meteorologicznego, jak r\u00f3wnie\u017c jestem wsp\u00f3\u0142tw\u00f3rc\u0105 i pomys\u0142odawc\u0105 aplikacji Silesia Alert, kt\u00f3ra automatycznie, przez 24 godziny na dob\u0119, analizuje dane radarowe a w przypadku wykrycia silnych burz \u2013 ostrzega mieszka\u0144c\u00f3w zagro\u017conych miast. Opr\u00f3cz tego jestem cz\u0142onkiem zarz\u0105du stowarzyszenia Polscy \u0141owcy Burz \u2013 Skywarn Polska.<\/span><\/p>\n<\/div>\r\n                    <\/div>\r\n                <\/div>[\/vc_column][\/vc_row][vc_row][vc_column][vc_empty_space height=&#8221;2em&#8221;][vc_separator color=&#8221;custom&#8221; border_width=&#8221;2&#8243; accent_color=&#8221;#9d9c9c&#8221;]\r\n            <div class=\"container\">  \r\n                <div class=\"lists-with-links\">\r\n                    <div class=\"section-title\">Rekomendacje<\/div>\r\n                   <div class=\"lists-with-links__items lists-2\"><ul class=\"angle-list\"> <li> <a href=\"https:\/\/us.edu.pl\/absolwent\/category\/rekomendacje-wideo\/\"> rekomendacje wideo <\/a> <\/li><li> <a href=\"https:\/\/us.edu.pl\/absolwent\/category\/nauki-humanistyczne\/\"> nauki humanistyczne <\/a> <\/li><li> <a href=\"https:\/\/us.edu.pl\/absolwent\/category\/nauki-prawne-i-nauki-o-administracji\/\"> nauki prawne i nauki o administracji <\/a> <\/li><li> <a href=\"https:\/\/us.edu.pl\/absolwent\/category\/nauki-przyrodnicze\/\"> nauki przyrodnicze <\/a> <\/li><\/ul><ul class=\"angle-list\"> <li> <a href=\"https:\/\/us.edu.pl\/absolwent\/category\/nauki-spoleczne\/\"> nauki spo\u0142eczne <\/a> <\/li><li> <a href=\"https:\/\/us.edu.pl\/absolwent\/category\/nauki-scisle-oraz-techniczne\/\"> nauki \u015bcis\u0142e oraz techniczne <\/a> <\/li><li> <a href=\"https:\/\/us.edu.pl\/absolwent\/category\/nauki-teologiczne\/\"> nauki teologiczne <\/a> <\/li><li> <a href=\"https:\/\/us.edu.pl\/absolwent\/category\/sztuka-i-nauki-o-edukacji\/\"> sztuka i nauki o edukacji <\/a> <\/li><\/ul><\/div>\r\n                <\/div>\r\n            <\/div>[\/vc_column][\/vc_row]<\/p>","protected":false},"excerpt":{"rendered":"<p>[vc_row][vc_column width=&#8221;1\/3&#8243;][vc_single_image image=&#8221;3264&#8243; img_size=&#8221;large&#8221; add_caption=&#8221;yes&#8221; alignment=&#8221;center&#8221; style=&#8221;vc_box_shadow_border_circle_2&#8243;][\/vc_column][vc_column width=&#8221;2\/3&#8243;][\/vc_column][\/vc_row][vc_row][vc_column][vc_empty_space height=&#8221;2em&#8221;][vc_separator color=&#8221;custom&#8221; border_width=&#8221;2&#8243; accent_color=&#8221;#9d9c9c&#8221;][\/vc_column][\/vc_row] [&#8230;]<\/p>\n<p><a class=\"btn btn-secondary understrap-read-more-link\" href=\"https:\/\/us.edu.pl\/absolwent\/2025\/09\/30\/wojciech-pilorz-absolwent-geografii\/\">Read More&#8230;<\/a><\/p>\n","protected":false},"author":6851,"featured_media":3265,"comment_status":"open","ping_status":"open","sticky":false,"template":"","format":"standard","meta":{"_expiration-date-status":"","_expiration-date":0,"_expiration-date-type":"","_expiration-date-categories":[],"_expiration-date-options":[]},"categories":[6],"tags":[],"acf":[],"_links":{"self":[{"href":"https:\/\/us.edu.pl\/absolwent\/wp-json\/wp\/v2\/posts\/3263"}],"collection":[{"href":"https:\/\/us.edu.pl\/absolwent\/wp-json\/wp\/v2\/posts"}],"about":[{"href":"https:\/\/us.edu.pl\/absolwent\/wp-json\/wp\/v2\/types\/post"}],"author":[{"embeddable":true,"href":"https:\/\/us.edu.pl\/absolwent\/wp-json\/wp\/v2\/users\/6851"}],"replies":[{"embeddable":true,"href":"https:\/\/us.edu.pl\/absolwent\/wp-json\/wp\/v2\/comments?post=3263"}],"version-history":[{"count":1,"href":"https:\/\/us.edu.pl\/absolwent\/wp-json\/wp\/v2\/posts\/3263\/revisions"}],"predecessor-version":[{"id":3266,"href":"https:\/\/us.edu.pl\/absolwent\/wp-json\/wp\/v2\/posts\/3263\/revisions\/3266"}],"wp:featuredmedia":[{"embeddable":true,"href":"https:\/\/us.edu.pl\/absolwent\/wp-json\/wp\/v2\/media\/3265"}],"wp:attachment":[{"href":"https:\/\/us.edu.pl\/absolwent\/wp-json\/wp\/v2\/media?parent=3263"}],"wp:term":[{"taxonomy":"category","embeddable":true,"href":"https:\/\/us.edu.pl\/absolwent\/wp-json\/wp\/v2\/categories?post=3263"},{"taxonomy":"post_tag","embeddable":true,"href":"https:\/\/us.edu.pl\/absolwent\/wp-json\/wp\/v2\/tags?post=3263"}],"curies":[{"name":"wp","href":"https:\/\/api.w.org\/{rel}","templated":true}]}}