{"id":1915,"date":"2025-03-10T10:40:53","date_gmt":"2025-03-10T09:40:53","guid":{"rendered":"https:\/\/us.edu.pl\/centra-badawcze\/opmim\/?p=1915"},"modified":"2025-04-01T15:41:27","modified_gmt":"2025-04-01T13:41:27","slug":"4-miedzynarodowe-spotkanie-w-berlinie-kolejny-etap-europejskiego-projektu-mecog-ce-interreg","status":"publish","type":"post","link":"https:\/\/us.edu.pl\/centra-badawcze\/opmim\/en\/2025\/03\/10\/4-miedzynarodowe-spotkanie-w-berlinie-kolejny-etap-europejskiego-projektu-mecog-ce-interreg\/","title":{"rendered":"4th Transnational Meeting in Berlin \u2013 the next stage of the MECOG-CE Interreg project"},"content":{"rendered":"<p><\/p>\n<p class=\"\" data-start=\"118\" data-end=\"499\"><span style=\"font-size: 12pt;\">On 26\u201328 February 2025, the experts from our Observatory \u2013<strong data-start=\"175\" data-end=\"377\"> Robert Pyka, PhD, DLitt, Assoc. Prof. (Project director); Krzysztof Bierwiaczek, PhD, DLitt, Assoc. Prof; Ma\u0142gorzata Suchacka, PhD, DLitt, Assoc. Prof and<\/strong><strong data-start=\"382\" data-end=\"410\">\u00a0Zuzanna Neuve-\u00c9glise, PhD<\/strong> \u2013 took part in the <strong data-start=\"430\" data-end=\"483\">4th Transnational Meeting of the MECOG-CE Project<\/strong> held in Berlin.<\/span><\/p>\n<p class=\"\" data-start=\"501\" data-end=\"895\"><span style=\"font-size: 12pt;\">This meeting marked a significant milestone in the project\u2019s implementation phase, focusing on the development of <strong data-start=\"615\" data-end=\"644\">five innovative solutions<\/strong> in the metropolitan areas of <strong data-start=\"674\" data-end=\"727\">Brno, Berlin-Brandenburg, Warsaw, Turin, Ostrava<\/strong>\u00a0and <strong data-start=\"732\" data-end=\"745\">Stuttgart<\/strong>. These solutions were developed through collaborative work in <strong data-start=\"808\" data-end=\"826\">study clusters<\/strong>, culminating in the successful completion of <strong data-start=\"872\" data-end=\"894\">five pilot actions<\/strong>.<\/span><\/p>\n<p class=\"\" data-start=\"897\" data-end=\"1330\"><span style=\"font-size: 12pt;\">Over the course of three days, participants engaged in in-depth discussions on completed and upcoming activities, as well as the first draft of the <strong data-start=\"1045\" data-end=\"1133\">Strategy for Strengthening Metropolitan Cooperation and Governance in Central Europe<\/strong>. This strategy aims to reinforce metropolitan-level governance both at the European level and within the project\u2019s partner regions, while also offering a model to inspire other metropolitan areas.<\/span><\/p>\n<p class=\"\" data-start=\"1332\" data-end=\"1506\"><span style=\"font-size: 12pt;\">In addition to the working sessions, study visits provided participants with valuable insights into urban development models and spatial planning practices in Berlin.<\/span><\/p>\n<p class=\"\" data-start=\"1508\" data-end=\"1729\"><span style=\"font-size: 12pt;\">The project is now entering a new phase of intensive work and inspiring activities. We invite you to stay up to date with the latest developments on the <a href=\"https:\/\/www.interreg-central.eu\/projects\/mecog-ce\/\"><strong data-start=\"1661\" data-end=\"1681\">MECOG-CE website<\/strong><\/a> and the official <strong data-start=\"1699\" data-end=\"1728\">MECOG-CE <a href=\"https:\/\/www.linkedin.com\/company\/mecog%E2%80%93ce\/posts\/?feedView=all&amp;viewAsMember=true\">LinkedIn profile<\/a><\/strong>!<\/span><\/p>\n<p data-start=\"1508\" data-end=\"1729\"><span style=\"font-size: 12pt;\"><strong><a href=\"https:\/\/us.edu.pl\/centra-badawcze\/opmim\/wp-content\/uploads\/sites\/56\/Bez-kategorii\/Berlin-meeting_Press-release.pdf\" class=\"mtli_attachment mtli_pdf\">Press release &gt;&gt;&gt;<\/a><\/strong><\/span><\/p>\n<div id='gallery-2' class='gallery galleryid-1915 gallery-columns-3 gallery-size-thumbnail'><figure class='gallery-item'>\n\t\t\t<div class='gallery-icon portrait'>\n\t\t\t\t<a href='https:\/\/us.edu.pl\/centra-badawcze\/opmim\/en\/2025\/03\/10\/4-miedzynarodowe-spotkanie-w-berlinie-kolejny-etap-europejskiego-projektu-mecog-ce-interreg\/zespol-instytutu-socjologii-us-na-spotkaniu-w-berlinie-fot-zuzanna-neuve-eglise\/'><img width=\"150\" height=\"150\" src=\"https:\/\/us.edu.pl\/centra-badawcze\/opmim\/wp-content\/uploads\/sites\/56\/Bez-kategorii\/Zespol-Instytutu-Socjologii-US-na-spotkaniu-w-Berlinie-fot.-Zuzanna-Neuve-Eglise-150x150.jpg\" class=\"attachment-thumbnail size-thumbnail\" alt=\"\" aria-describedby=\"gallery-2-1939\" \/><\/a>\n\t\t\t<\/div>\n\t\t\t\t<figcaption class='wp-caption-text gallery-caption' id='gallery-2-1939'>\n\t\t\t\tThe Observatory team at the meeting in Berlin, from left to right: dr hab. Krzysztof Bierwiaczonek, dr hab. Ma\u0142gorzata Suchacka, prof. U\u015a, dr Zuzanna Neuve-\u00c9glise, dr hab. Robert Pyka, prof. U\u015a, photo: Zuzanna Neuve-\u00c9glise\n\t\t\t\t<\/figcaption><\/figure><figure class='gallery-item'>\n\t\t\t<div class='gallery-icon landscape'>\n\t\t\t\t<a href='https:\/\/us.edu.pl\/centra-badawcze\/opmim\/en\/2025\/03\/10\/4-miedzynarodowe-spotkanie-w-berlinie-kolejny-etap-europejskiego-projektu-mecog-ce-interreg\/4-miedzynarodowe-spotkanie-projektu-mecog-ce-w-berlinie-fot-zuzanna-neuve-eglise\/'><img width=\"150\" height=\"150\" src=\"https:\/\/us.edu.pl\/centra-badawcze\/opmim\/wp-content\/uploads\/sites\/56\/Bez-kategorii\/4.-Miedzynarodowe-Spotkanie-Projektu-MECOG-Ce-w-Berlinie-fot.-Zuzanna-Neuve-Eglise-150x150.jpg\" class=\"attachment-thumbnail size-thumbnail\" alt=\"\" aria-describedby=\"gallery-2-1943\" \/><\/a>\n\t\t\t<\/div>\n\t\t\t\t<figcaption class='wp-caption-text gallery-caption' id='gallery-2-1943'>\n\t\t\t\t4th Transnational Project Meeting in Berlin, photo: Zuzanna Neuve-\u00c9glise\n\t\t\t\t<\/figcaption><\/figure><figure class='gallery-item'>\n\t\t\t<div class='gallery-icon portrait'>\n\t\t\t\t<a href='https:\/\/us.edu.pl\/centra-badawcze\/opmim\/en\/2025\/03\/10\/4-miedzynarodowe-spotkanie-w-berlinie-kolejny-etap-europejskiego-projektu-mecog-ce-interreg\/dyskusje-partnerow-projektu-mecog-ce-w-berlinie-fot-malgorzata-suchacka\/'><img width=\"150\" height=\"150\" src=\"https:\/\/us.edu.pl\/centra-badawcze\/opmim\/wp-content\/uploads\/sites\/56\/Bez-kategorii\/Dyskusje-partnerow-projektu-MECOG-CE-w-Berlinie-fot.-Malgorzata-Suchacka-150x150.jpg\" class=\"attachment-thumbnail size-thumbnail\" alt=\"\" aria-describedby=\"gallery-2-1922\" \/><\/a>\n\t\t\t<\/div>\n\t\t\t\t<figcaption class='wp-caption-text gallery-caption' id='gallery-2-1922'>\n\t\t\t\tDiscussions at the MECOG-CE project meeting in Berlin, photo: Ma\u0142gorzata Suchacka\n\t\t\t\t<\/figcaption><\/figure><figure class='gallery-item'>\n\t\t\t<div class='gallery-icon landscape'>\n\t\t\t\t<a href='https:\/\/us.edu.pl\/centra-badawcze\/opmim\/en\/2025\/03\/10\/4-miedzynarodowe-spotkanie-w-berlinie-kolejny-etap-europejskiego-projektu-mecog-ce-interreg\/dyskusje-partnerow-projektu-mecog-ce-w-berlinie-fot-zuzanna-neuve-eglise\/'><img width=\"150\" height=\"150\" src=\"https:\/\/us.edu.pl\/centra-badawcze\/opmim\/wp-content\/uploads\/sites\/56\/Bez-kategorii\/Dyskusje-partnerow-projektu-MECOG-CE-w-Berlinie-fot.-Zuzanna-Neuve-Eglise-150x150.jpg\" class=\"attachment-thumbnail size-thumbnail\" alt=\"\" aria-describedby=\"gallery-2-1926\" \/><\/a>\n\t\t\t<\/div>\n\t\t\t\t<figcaption class='wp-caption-text gallery-caption' id='gallery-2-1926'>\n\t\t\t\tDiscussions at the MECOG-CE project meeting in Berlin, photo: Zuzanna Neuve-\u00c9glise\n\t\t\t\t<\/figcaption><\/figure><figure class='gallery-item'>\n\t\t\t<div class='gallery-icon landscape'>\n\t\t\t\t<a href='https:\/\/us.edu.pl\/centra-badawcze\/opmim\/en\/2025\/03\/10\/4-miedzynarodowe-spotkanie-w-berlinie-kolejny-etap-europejskiego-projektu-mecog-ce-interreg\/panorama-berlina-z-budynku-departamentu-senatu-ds-rozwoju-miasta-budownictwa-i-mieszkalnictwa\/'><img width=\"150\" height=\"150\" src=\"https:\/\/us.edu.pl\/centra-badawcze\/opmim\/wp-content\/uploads\/sites\/56\/Bez-kategorii\/Panorama-Berlina-z-budynku-Departamentu-Senatu-ds.-Rozwoju-Miasta-Budownictwa-i-Mieszkalnictwa-150x150.jpg\" class=\"attachment-thumbnail size-thumbnail\" alt=\"\" aria-describedby=\"gallery-2-1930\" \/><\/a>\n\t\t\t<\/div>\n\t\t\t\t<figcaption class='wp-caption-text gallery-caption' id='gallery-2-1930'>\n\t\t\t\tPanoramic view of Berlin from the Senate Department for Urban Development, Building and Housing\n\t\t\t\t<\/figcaption><\/figure><figure class='gallery-item'>\n\t\t\t<div class='gallery-icon landscape'>\n\t\t\t\t<a href='https:\/\/us.edu.pl\/centra-badawcze\/opmim\/en\/2025\/03\/10\/4-miedzynarodowe-spotkanie-w-berlinie-kolejny-etap-europejskiego-projektu-mecog-ce-interreg\/wizyta-studyjna-na-obszarze-portu-lotniczego-tempelhof-w-berlinie-fot-zuzanna-neuve-eglise\/'><img width=\"150\" height=\"150\" src=\"https:\/\/us.edu.pl\/centra-badawcze\/opmim\/wp-content\/uploads\/sites\/56\/Bez-kategorii\/Wizyta-studyjna-na-obszarze-portu-lotniczego-Tempelhof-w-Berlinie-fot.-Zuzanna-Neuve-Eglise-150x150.jpg\" class=\"attachment-thumbnail size-thumbnail\" alt=\"\" aria-describedby=\"gallery-2-1931\" \/><\/a>\n\t\t\t<\/div>\n\t\t\t\t<figcaption class='wp-caption-text gallery-caption' id='gallery-2-1931'>\n\t\t\t\tStudy visit to the Tempelhof Airport in Berlin, photo: Zuzanna Neuve-\u00c9glise\n\t\t\t\t<\/figcaption><\/figure>\n\t\t<\/div>\n<\/p>","protected":false},"excerpt":{"rendered":"<p>On 26\u201328 February 2025, the experts from our Observatory \u2013 Robert Pyka, PhD, DLitt, Assoc. Prof. (Project director); Krzysztof Bierwiaczek, PhD, DLitt, Assoc. Prof; Ma\u0142gorzata Suchacka, PhD, DLitt, Assoc. Prof and\u00a0Zuzanna Neuve-\u00c9glise, PhD \u2013 took part in the 4th Transnational Meeting of the MECOG-CE Project held in Berlin. This meeting marked a significant milestone in [&#8230;]<\/p>\n<p><a class=\"btn btn-secondary understrap-read-more-link\" href=\"https:\/\/us.edu.pl\/centra-badawcze\/opmim\/en\/2025\/03\/10\/4-miedzynarodowe-spotkanie-w-berlinie-kolejny-etap-europejskiego-projektu-mecog-ce-interreg\/\">Read More&#8230;<\/a><\/p>\n","protected":false},"author":2808,"featured_media":1935,"comment_status":"open","ping_status":"open","sticky":false,"template":"","format":"standard","meta":{"_expiration-date-status":"","_expiration-date":0,"_expiration-date-type":"","_expiration-date-categories":[],"_expiration-date-options":[]},"categories":[8],"tags":[51,59,18,14,20],"acf":[],"_links":{"self":[{"href":"https:\/\/us.edu.pl\/centra-badawcze\/opmim\/en\/wp-json\/wp\/v2\/posts\/1915"}],"collection":[{"href":"https:\/\/us.edu.pl\/centra-badawcze\/opmim\/en\/wp-json\/wp\/v2\/posts"}],"about":[{"href":"https:\/\/us.edu.pl\/centra-badawcze\/opmim\/en\/wp-json\/wp\/v2\/types\/post"}],"author":[{"embeddable":true,"href":"https:\/\/us.edu.pl\/centra-badawcze\/opmim\/en\/wp-json\/wp\/v2\/users\/2808"}],"replies":[{"embeddable":true,"href":"https:\/\/us.edu.pl\/centra-badawcze\/opmim\/en\/wp-json\/wp\/v2\/comments?post=1915"}],"version-history":[{"count":10,"href":"https:\/\/us.edu.pl\/centra-badawcze\/opmim\/en\/wp-json\/wp\/v2\/posts\/1915\/revisions"}],"predecessor-version":[{"id":2012,"href":"https:\/\/us.edu.pl\/centra-badawcze\/opmim\/en\/wp-json\/wp\/v2\/posts\/1915\/revisions\/2012"}],"wp:featuredmedia":[{"embeddable":true,"href":"https:\/\/us.edu.pl\/centra-badawcze\/opmim\/en\/wp-json\/wp\/v2\/media\/1935"}],"wp:attachment":[{"href":"https:\/\/us.edu.pl\/centra-badawcze\/opmim\/en\/wp-json\/wp\/v2\/media?parent=1915"}],"wp:term":[{"taxonomy":"category","embeddable":true,"href":"https:\/\/us.edu.pl\/centra-badawcze\/opmim\/en\/wp-json\/wp\/v2\/categories?post=1915"},{"taxonomy":"post_tag","embeddable":true,"href":"https:\/\/us.edu.pl\/centra-badawcze\/opmim\/en\/wp-json\/wp\/v2\/tags?post=1915"}],"curies":[{"name":"wp","href":"https:\/\/api.w.org\/{rel}","templated":true}]}}