{"id":1213,"date":"2021-10-19T12:11:37","date_gmt":"2021-10-19T10:11:37","guid":{"rendered":"https:\/\/us.edu.pl\/centra-badawcze\/opmim\/?p=1213"},"modified":"2022-02-08T13:34:04","modified_gmt":"2022-02-08T12:34:04","slug":"konferencja-metropolitalna-10-lutego-2022","status":"publish","type":"post","link":"https:\/\/us.edu.pl\/centra-badawcze\/opmim\/2021\/10\/19\/konferencja-metropolitalna-10-lutego-2022\/","title":{"rendered":"[ONLINE] Konferencja Metropolitalna &#8211; Metropolitan Conference 10 lutego 2022"},"content":{"rendered":"<p><span style=\"font-size: 12pt;\">Serdecznie zapraszamy do udzia\u0142u w mi\u0119dzynarodowej konferencji naukowej &#8222;<em>Metropolitalne perspektywy na lepsz\u0105 miejsk\u0105 przysz\u0142o\u015b\u0107 \u2013 idee, mieszka\u0144cy, instytucje&#8221; <\/em>(<em>Metropolitan Prospects for a Better Urban Future &#8211; Ideas, Inhabitants, Institutions<\/em>), organizowanej przez nasze Obserwatorium we wsp\u00f3\u0142pracy z Instytutem Socjologii Wydzia\u0142u Nauk Spo\u0142ecznych U\u015a.<\/span><\/p>\n<p><strong><span style=\"font-size: 12pt;\">TERMIN KONFERENCJI: 10 lutego 2022 roku<\/span><\/strong><\/p>\n<p><strong><span style=\"font-size: 12pt;\">MIEJSCE KONFERENCJI: Aula im. K. Lepszego, Uniwersytet \u015al\u0105ski w Katowicach (Prelegenci), ZOOM (pozostali uczestnicy)<\/span><\/strong><\/p>\n<p><span style=\"font-size: 12pt;\">W czasie konferencji b\u0119dzie zapewnione t\u0142umaczenie symultaniczne na j\u0119zyk angielski i j\u0119zyk polski dost\u0119pne poprzez platform\u0119 Zoom, pozwalaj\u0105cej Pa\u0144stwu na aktywny udzia\u0142 w sesji Q&amp;A. Transmisja na \u017cywo z konferencji w oryginalnej wersji j\u0119zykowej (bez t\u0142umaczenia) b\u0119dzie tak\u017ce udost\u0119pniona na kanale YouTube Uniwersytetu \u015al\u0105skiego.<\/span><\/p>\n<p><span style=\"font-size: 12pt;\">Celem konferencji jest stworzenie pracownikom badawczo-naukowym, cz\u0142onkom Metropolitalnej Sieci Naukowej oraz spo\u0142eczno\u015bci akademickiej, reprezentuj\u0105cym r\u00f3\u017cne dyscypliny naukowe i podej\u015bcia badawcze, mo\u017cliwo\u015bci podj\u0119cia dyskusji na temat zr\u00f3\u017cnicowanych wyzwa\u0144 stoj\u0105cych przed obszarami metropolitalnymi: wyzwa\u0144 klimatycznych oraz zwi\u0105zanych z poszukiwaniem nowych modeli \u017cycia, mieszkania, pracy, generowania zasob\u00f3w, kt\u00f3re ogranicza\u0142yby negatywne oddzia\u0142ywanie na \u015brodowisko, a jednocze\u015bnie pozwala\u0142y mieszka\u0144com zachowa\u0107 wysok\u0105 jako\u015b\u0107 \u017cycia, tak\u017ce w sytuacjach kryzysowych, jak ta zwi\u0105zana z pandemi\u0105 COVID-19. Konferencja ma r\u00f3wnie\u017c na celu upowszechnienie najnowszych wynik\u00f3w bada\u0144 realizowanych przez naukowc\u00f3w reprezentuj\u0105cych uczelnie oraz instytuty badawcze z kraju i zagranicy.<\/span><\/p>\n<p><span style=\"font-size: 12pt;\">W roli keynote speaker\u2019\u00f3w udzia\u0142 wezm\u0105 eksperci z zagranicy:<\/span><\/p>\n<ul>\n<li><span style=\"font-size: 12pt;\">prof. Mariona Tom\u00e0s Forn\u00e9s (Barcelona, Hiszpania)<\/span><\/li>\n<li><span style=\"font-size: 12pt;\">prof. Eric Champagne (Ottawa, Kanada)<\/span><\/li>\n<li><span style=\"font-size: 12pt;\">prof. Christophe Chabrot (Lyon, Francja)<\/span><\/li>\n<\/ul>\n<p><span style=\"font-size: 12pt;\">Zakres tematyczny konferencji mo\u017cna opisa\u0107 poprzez 3 x \u201ei\u201d, tj. <em>ideas, inhabitants, institutions, <\/em>obejmuj\u0105cy nast\u0119puj\u0105ce zagadnienia szczeg\u00f3\u0142owe:<\/span><\/p>\n<ol>\n<li><span style=\"font-size: 12pt;\">Metropolie w uj\u0119ciu teoretycznym: poj\u0119cia, koncepcje, teorie, perspektywy na przysz\u0142o\u015b\u0107.<\/span><\/li>\n<li><span style=\"font-size: 12pt;\">Metropolie jako z\u0142o\u017cone systemy spo\u0142eczne: praktyki, dzia\u0142ania (oddolne), partycypacja, innowacje spo\u0142eczne.<\/span><\/li>\n<li><span style=\"font-size: 12pt;\">Metropolie w uj\u0119ciu instytucjonalnym: regulacje, kompetencje, zarz\u0105dzanie, polityki.<\/span><\/li>\n<\/ol>\n<p><span style=\"font-size: 12pt;\"><strong style=\"font-size: 12pt;\">Udzia\u0142 w konferencji jest bezp\u0142atny.<\/strong><strong><span style=\"font-size: 12pt;\"> Udzia\u0142 w wydarzeniu wymaga r<\/span><\/strong><b style=\"font-size: 12pt;\">ejestracji, kt\u00f3rej <\/b><span style=\"font-size: 16px;\"><b>mo\u017cna<\/b><\/span><b style=\"font-size: 12pt;\"> dokona\u0107 do 8<\/b> <strong style=\"font-size: 12pt;\">lutego br.<\/strong><span style=\"font-size: 12pt;\">\u00a0<\/span><strong style=\"font-size: 12pt;\">w\u0142\u0105cznie<\/strong><span style=\"font-size: 12pt;\">, <strong>poprzez\u00a0<\/strong><\/span><strong><a style=\"font-size: 12pt;\" href=\"http:\/\/transfer.us.edu.pl\/konferencja-metropolitalna-online\">formularz dost\u0119pny pod linkiem &gt;&gt;&gt;.<\/a><\/strong><\/span><\/p>\n<p>&nbsp;<\/p>\n<table style=\"height: 18px; width: 100%; border-collapse: collapse; border-style: solid; border-color: #000000;\">\n<tbody>\n<tr style=\"height: 18px;\">\n<td style=\"width: 100%; height: 18px;\"><span style=\"font-size: 12pt; color: #ff0000;\"><span style=\"color: #ff0000;\"><span style=\"font-size: 12pt;\"><b>W celu do\u0142\u0105czenia do <\/b><\/span><span style=\"font-size: 16px;\"><b>konferencji<\/b><\/span><span style=\"font-size: 12pt;\"><b> na platformie ZOOM, prosimy <\/b><\/span><\/span><a style=\"color: #ff0000; font-size: 12pt; font-weight: bold;\" href=\"https:\/\/us02web.zoom.us\/webinar\/register\/WN_fu5ATzVRRTSyZIXoPelx_g\">klikn\u0105\u0107 w LINK &gt;&gt;&gt;<\/a><\/span><\/p>\n<p><span style=\"font-size: 12pt;\">W tej formie otrzymuj\u0105 Pa\u0144stwo dost\u0119p do t\u0142umaczenia symultanicznego na j\u0119zyk angielski i j\u0119zyk polski.<\/span><\/p>\n<p><span style=\"font-size: 12pt;\">Ponadto mog\u0105 Pa\u0144stwo aktywnie uczestniczy\u0107 w sesji Q&amp;A.<\/span><\/td>\n<\/tr>\n<\/tbody>\n<\/table>\n<p>&nbsp;<\/p>\n<p><span style=\"font-size: 12pt;\">W razie pyta\u0144 zapraszamy do kontaktu z Pani\u0105 Zuzann\u0105 Neuve-\u00c9glise:\u00a0<a href=\"mailto:zuzanna.neuve-eglise@us.edu.pl\">zuzanna.neuve-eglise@us.edu.pl<\/a>\u00a0(tel. 32\u00a0359 18 16).<\/span><\/p>\n<p><strong><span style=\"font-size: 12pt;\"><a href=\"https:\/\/us.edu.pl\/centra-badawcze\/opmim\/wp-content\/uploads\/sites\/56\/Nieprzypisane\/Program_G-ZM_10_02_2022_pl-1.pdf\" class=\"mtli_attachment mtli_pdf\" target=\"_blank\" rel=\"noopener noreferrer\">PROGRAM KONFERENCJI &gt;&gt;&gt;<\/a><br \/>\n<\/span><\/strong><\/p>\n<p><strong><span style=\"font-size: 12pt;\"><a href=\"https:\/\/us.edu.pl\/centra-badawcze\/opmim\/wp-content\/uploads\/sites\/56\/Nieprzypisane\/Konferencja-metropolitarna_plakat_INTERNET_03.02.2022.pdf\" class=\"mtli_attachment mtli_pdf\" target=\"_blank\" rel=\"noopener noreferrer\">Plakat promuj\u0105cy konferencj\u0119 w wersji PDF &gt;&gt;&gt;<\/a><br \/>\n<\/span><\/strong><\/p>\n<p><span style=\"font-size: 12pt;\"><strong><a href=\"https:\/\/us.edu.pl\/centra-badawcze\/opmim\/wp-content\/uploads\/sites\/56\/Nieprzypisane\/KONFERENCJA-metropolitalna_OPMiM_Uniwersytet-\u015al\u0105ski-w-Katowicach-1.pdf\" class=\"mtli_attachment mtli_pdf\" target=\"_blank\" rel=\"noopener noreferrer\">Opis za\u0142o\u017ce\u0144 konferencji &gt;&gt;&gt;<\/a><\/strong><\/span><\/p>\n<p><span style=\"font-size: 12pt;\"><strong>Konferencja uzyska\u0142a dofinansowanie w ramach programu \u201eSpo\u0142eczna odpowiedzialno\u015b\u0107 nauki\u201d Ministra Edukacji i Nauki.<\/strong><\/span><\/p>\n<p><span style=\"font-size: 12pt;\"><strong><img class=\"alignnone size-medium wp-image-1297\" src=\"https:\/\/us.edu.pl\/centra-badawcze\/opmim\/wp-content\/uploads\/sites\/56\/Nieprzypisane\/Logo_ministerstwo_poziom_PL-300x155.jpg\" alt=\"Ministerstwo Edukacji i Nauki: bia\u0142y orze\u0142 na czerwonym tle\" width=\"300\" height=\"155\" srcset=\"https:\/\/us.edu.pl\/centra-badawcze\/opmim\/wp-content\/uploads\/sites\/56\/Nieprzypisane\/Logo_ministerstwo_poziom_PL-300x155.jpg 300w, https:\/\/us.edu.pl\/centra-badawcze\/opmim\/wp-content\/uploads\/sites\/56\/Nieprzypisane\/Logo_ministerstwo_poziom_PL-768x396.jpg 768w, https:\/\/us.edu.pl\/centra-badawcze\/opmim\/wp-content\/uploads\/sites\/56\/Nieprzypisane\/Logo_ministerstwo_poziom_PL-1024x528.jpg 1024w, https:\/\/us.edu.pl\/centra-badawcze\/opmim\/wp-content\/uploads\/sites\/56\/Nieprzypisane\/Logo_ministerstwo_poziom_PL-575x296.jpg 575w\" sizes=\"(max-width: 300px) 100vw, 300px\" \/><br \/>\nKonferencja zosta\u0142a obj\u0119ta Patronatem Honorowym Prezydenta Miasta Katowice Marcina Krupa oraz Patronatem Honorowym JM Rektora Uniwersytetu \u015al\u0105skiego w Katowicach prof. dra hab. Ryszarda Kozio\u0142ka<\/strong><\/span><\/p>\n<p>&nbsp;<\/p>\n<p><strong><span style=\"font-size: 12pt;\">Konferencja uzyska\u0142a tytu\u0142 &#8222;Oficjalnego wydarzenia towarzysz\u0105cego 11. sesji \u015awiatowego Forum Miejskiego \u2013 WUF11&#8221;<\/span><\/strong><\/p>\n<p><img class=\"alignnone size-medium wp-image-1347\" src=\"https:\/\/us.edu.pl\/centra-badawcze\/opmim\/wp-content\/uploads\/sites\/56\/Nieprzypisane\/LOGO4-300x214.png\" alt=\"Patronat World Urban Forum, logotyp z napisem: Katowice, Poland, 26-30 June 2022, WUF w twoim mie\u015bcie\" width=\"300\" height=\"214\" srcset=\"https:\/\/us.edu.pl\/centra-badawcze\/opmim\/wp-content\/uploads\/sites\/56\/Nieprzypisane\/LOGO4-300x214.png 300w, https:\/\/us.edu.pl\/centra-badawcze\/opmim\/wp-content\/uploads\/sites\/56\/Nieprzypisane\/LOGO4-768x549.png 768w, https:\/\/us.edu.pl\/centra-badawcze\/opmim\/wp-content\/uploads\/sites\/56\/Nieprzypisane\/LOGO4-1024x732.png 1024w, https:\/\/us.edu.pl\/centra-badawcze\/opmim\/wp-content\/uploads\/sites\/56\/Nieprzypisane\/LOGO4-575x411.png 575w, https:\/\/us.edu.pl\/centra-badawcze\/opmim\/wp-content\/uploads\/sites\/56\/Nieprzypisane\/LOGO4.png 1199w\" sizes=\"(max-width: 300px) 100vw, 300px\" \/><\/p>\n<p>&nbsp;<\/p>","protected":false},"excerpt":{"rendered":"<p>Serdecznie zapraszamy do udzia\u0142u w mi\u0119dzynarodowej konferencji naukowej &#8222;Metropolitalne perspektywy na lepsz\u0105 miejsk\u0105 przysz\u0142o\u015b\u0107 \u2013 idee, mieszka\u0144cy, instytucje&#8221; (Metropolitan Prospects for a Better Urban Future &#8211; Ideas, Inhabitants, Institutions), organizowanej przez nasze Obserwatorium we wsp\u00f3\u0142pracy z Instytutem Socjologii Wydzia\u0142u Nauk Spo\u0142ecznych U\u015a. TERMIN KONFERENCJI: 10 lutego 2022 roku MIEJSCE KONFERENCJI: Aula im. K. Lepszego, Uniwersytet [&#8230;]<\/p>\n<p><a class=\"btn btn-secondary understrap-read-more-link\" href=\"https:\/\/us.edu.pl\/centra-badawcze\/opmim\/2021\/10\/19\/konferencja-metropolitalna-10-lutego-2022\/\">Read More&#8230;<\/a><\/p>\n","protected":false},"author":2808,"featured_media":1371,"comment_status":"open","ping_status":"open","sticky":false,"template":"","format":"standard","meta":{"_expiration-date-status":"saved","_expiration-date":0,"_expiration-date-type":"","_expiration-date-categories":[],"_expiration-date-options":[]},"categories":[8],"tags":[],"acf":[],"_links":{"self":[{"href":"https:\/\/us.edu.pl\/centra-badawcze\/opmim\/wp-json\/wp\/v2\/posts\/1213"}],"collection":[{"href":"https:\/\/us.edu.pl\/centra-badawcze\/opmim\/wp-json\/wp\/v2\/posts"}],"about":[{"href":"https:\/\/us.edu.pl\/centra-badawcze\/opmim\/wp-json\/wp\/v2\/types\/post"}],"author":[{"embeddable":true,"href":"https:\/\/us.edu.pl\/centra-badawcze\/opmim\/wp-json\/wp\/v2\/users\/2808"}],"replies":[{"embeddable":true,"href":"https:\/\/us.edu.pl\/centra-badawcze\/opmim\/wp-json\/wp\/v2\/comments?post=1213"}],"version-history":[{"count":10,"href":"https:\/\/us.edu.pl\/centra-badawcze\/opmim\/wp-json\/wp\/v2\/posts\/1213\/revisions"}],"predecessor-version":[{"id":1370,"href":"https:\/\/us.edu.pl\/centra-badawcze\/opmim\/wp-json\/wp\/v2\/posts\/1213\/revisions\/1370"}],"wp:featuredmedia":[{"embeddable":true,"href":"https:\/\/us.edu.pl\/centra-badawcze\/opmim\/wp-json\/wp\/v2\/media\/1371"}],"wp:attachment":[{"href":"https:\/\/us.edu.pl\/centra-badawcze\/opmim\/wp-json\/wp\/v2\/media?parent=1213"}],"wp:term":[{"taxonomy":"category","embeddable":true,"href":"https:\/\/us.edu.pl\/centra-badawcze\/opmim\/wp-json\/wp\/v2\/categories?post=1213"},{"taxonomy":"post_tag","embeddable":true,"href":"https:\/\/us.edu.pl\/centra-badawcze\/opmim\/wp-json\/wp\/v2\/tags?post=1213"}],"curies":[{"name":"wp","href":"https:\/\/api.w.org\/{rel}","templated":true}]}}