{"id":2136,"date":"2025-07-16T16:00:42","date_gmt":"2025-07-16T14:00:42","guid":{"rendered":"https:\/\/us.edu.pl\/centra-badawcze\/opmim\/?p=2136"},"modified":"2025-07-21T09:56:48","modified_gmt":"2025-07-21T07:56:48","slug":"dzialalnosc-opmim-w-2024-roku","status":"publish","type":"post","link":"https:\/\/us.edu.pl\/centra-badawcze\/opmim\/2025\/07\/16\/dzialalnosc-opmim-w-2024-roku\/","title":{"rendered":"Dzia\u0142alno\u015b\u0107 OPMiM w 2024 roku"},"content":{"rendered":"<p><span style=\"font-size: 12pt;\">Szanowni Pa\u0144stwo,<\/span><\/p>\n<p data-start=\"122\" data-end=\"470\"><span style=\"font-size: 12pt;\">wraz z okresem wakacji letnich nadchodzi czas podsumowa\u0144.<\/span><br data-start=\"179\" data-end=\"182\" \/><span style=\"font-size: 12pt;\">Z rado\u015bci\u0105 informujemy o publikacji <a href=\"https:\/\/us.edu.pl\/centra-badawcze\/opmim\/wp-content\/uploads\/sites\/56\/Bez-kategorii\/Podsumowanie-dzialan-US-w-2024.pdf\" class=\"mtli_attachment mtli_pdf\"><em>Podsumowania dzia\u0142alno\u015bci Uniwersytetu \u015al\u0105skiego w roku 2024<\/em><\/a>, kt\u00f3re obejmuje r\u00f3wnie\u017c liczne aktywno\u015bci naszego Obserwatorium, realizowane w ramach Trzeciej Misji Uniwersytetu \u2013 w szczeg\u00f3lno\u015bci w obszarze wspierania wsp\u00f3\u0142pracy regionalnej i mi\u0119dzynarodowej.<\/span><\/p>\n<p data-start=\"122\" data-end=\"470\"><span style=\"font-size: 12pt;\">Serdecznie dzi\u0119kujemy Uniwersytetowi \u015al\u0105skiemu za docenienie naszych osi\u0105gni\u0119\u0107.<\/span><\/p>\n<p data-start=\"472\" data-end=\"518\"><span style=\"font-size: 12pt;\">Zach\u0119camy Pa\u0144stwa do lektury tego dokumentu!<\/span><\/p>\n<p>&nbsp;<\/p>","protected":false},"excerpt":{"rendered":"<p>Szanowni Pa\u0144stwo, wraz z okresem wakacji letnich nadchodzi czas podsumowa\u0144.Z rado\u015bci\u0105 informujemy o publikacji Podsumowania dzia\u0142alno\u015bci Uniwersytetu \u015al\u0105skiego w roku 2024, kt\u00f3re obejmuje r\u00f3wnie\u017c liczne aktywno\u015bci naszego Obserwatorium, realizowane w ramach Trzeciej Misji Uniwersytetu \u2013 w szczeg\u00f3lno\u015bci w obszarze wspierania wsp\u00f3\u0142pracy regionalnej i mi\u0119dzynarodowej. Serdecznie dzi\u0119kujemy Uniwersytetowi \u015al\u0105skiemu za docenienie naszych osi\u0105gni\u0119\u0107. Zach\u0119camy Pa\u0144stwa do [&#8230;]<\/p>\n<p><a class=\"btn btn-secondary understrap-read-more-link\" href=\"https:\/\/us.edu.pl\/centra-badawcze\/opmim\/2025\/07\/16\/dzialalnosc-opmim-w-2024-roku\/\">Read More&#8230;<\/a><\/p>\n","protected":false},"author":2808,"featured_media":2143,"comment_status":"open","ping_status":"open","sticky":false,"template":"","format":"standard","meta":{"_expiration-date-status":"","_expiration-date":0,"_expiration-date-type":"","_expiration-date-categories":[],"_expiration-date-options":[]},"categories":[8],"tags":[148,152,140,144],"acf":[],"_links":{"self":[{"href":"https:\/\/us.edu.pl\/centra-badawcze\/opmim\/wp-json\/wp\/v2\/posts\/2136"}],"collection":[{"href":"https:\/\/us.edu.pl\/centra-badawcze\/opmim\/wp-json\/wp\/v2\/posts"}],"about":[{"href":"https:\/\/us.edu.pl\/centra-badawcze\/opmim\/wp-json\/wp\/v2\/types\/post"}],"author":[{"embeddable":true,"href":"https:\/\/us.edu.pl\/centra-badawcze\/opmim\/wp-json\/wp\/v2\/users\/2808"}],"replies":[{"embeddable":true,"href":"https:\/\/us.edu.pl\/centra-badawcze\/opmim\/wp-json\/wp\/v2\/comments?post=2136"}],"version-history":[{"count":3,"href":"https:\/\/us.edu.pl\/centra-badawcze\/opmim\/wp-json\/wp\/v2\/posts\/2136\/revisions"}],"predecessor-version":[{"id":2150,"href":"https:\/\/us.edu.pl\/centra-badawcze\/opmim\/wp-json\/wp\/v2\/posts\/2136\/revisions\/2150"}],"wp:featuredmedia":[{"embeddable":true,"href":"https:\/\/us.edu.pl\/centra-badawcze\/opmim\/wp-json\/wp\/v2\/media\/2143"}],"wp:attachment":[{"href":"https:\/\/us.edu.pl\/centra-badawcze\/opmim\/wp-json\/wp\/v2\/media?parent=2136"}],"wp:term":[{"taxonomy":"category","embeddable":true,"href":"https:\/\/us.edu.pl\/centra-badawcze\/opmim\/wp-json\/wp\/v2\/categories?post=2136"},{"taxonomy":"post_tag","embeddable":true,"href":"https:\/\/us.edu.pl\/centra-badawcze\/opmim\/wp-json\/wp\/v2\/tags?post=2136"}],"curies":[{"name":"wp","href":"https:\/\/api.w.org\/{rel}","templated":true}]}}