{"id":6548,"date":"2021-03-26T11:06:19","date_gmt":"2021-03-26T10:06:19","guid":{"rendered":"https:\/\/us.edu.pl\/doktorant\/?p=6548"},"modified":"2021-03-26T11:06:41","modified_gmt":"2021-03-26T10:06:41","slug":"dni-mlodych-skandynawistow","status":"publish","type":"post","link":"https:\/\/us.edu.pl\/doktorant\/2021\/03\/26\/dni-mlodych-skandynawistow\/","title":{"rendered":"Dni M\u0142odych Skandynawist\u00f3w"},"content":{"rendered":"<p>[vc_row][vc_column]\r\n                <div class=\"text-modules\">\r\n                    <div class=\"container\">\r\n                        \r\n                        <div class=\"text-modules__content\"><p>Instytut Skandynawistyki i Fennistyki Uniwersytetu w Gda\u0144sku organizuje w dniach 25.05-26.05. 2021 Dni M\u0142odych Skandynawist\u00f3w w ramach kt\u00f3rych przewidziana jest sesja doktorancka online (za po\u015brednictwem platformy MS Teams), kt\u00f3ra\u00a0odb\u0119dzie si\u0119 w dniu 26.05. Serdecznie zapraszamy wszystkich doktorant\u00f3w zajmuj\u0105cych si\u0119 szeroko poj\u0119t\u0105 problematyka zwi\u0105zan\u0105 z zagadnieniami\u00a0 regionu nordyckiego do zg\u0142aszania swoich projekt\u00f3w. Czas prelekcji jest przewidziany na oko\u0142o 15 minut. Instytut wyda za\u015bwiadczenia potwierdzaj\u0105ce udzia\u0142 w sesji doktoranckiej dla wszystkich uczestnik\u00f3w. Zg\u0142oszenia, abstrakt w j\u0119zyku polskim lub angielskim do 250 s\u0142\u00f3w oraz kr\u00f3tki biogram, prosimy przesy\u0142a\u0107 do 25 kwietnia 2021 r. na\u00a0 adres:\u00a0<a href=\"mailto:anna.prorok@phdstud.ug.edu.pl\">anna.prorok@phdstud.ug.edu.pl<\/a>\u00a0W zale\u017cno\u015bci od ilo\u015bci zg\u0142osze\u0144 tematy b\u0119d\u0105 zakwalifikowane po wst\u0119pnej recenzji.<\/p>\n<p><a href=\"https:\/\/us.edu.pl\/doktorant\/wp-content\/uploads\/sites\/12\/Nieprzypisane\/Szczeg\u00f3\u0142y-dotycz\u0105ce-konferencji-ENG.pdf\" class=\"mtli_attachment mtli_pdf\" data-mtli=\"mtli_filesize539,39kB\" class=\"mtli_attachment mtli_pdf\" data-mtli=\"mtli_filesize539,39kB\">Szczeg\u00f3\u0142y dotycz\u0105ce konferencji ENG<\/a><\/p>\n<style type=\"text\/css\">a[data-mtli~=\"mtli_filesize539,39kB\"]:after {content:\" (539,39 kB)\"}<\/style><\/div>\r\n                    <\/div>\r\n                <\/div>[\/vc_column][\/vc_row]<\/p>\n<style type=\"text\/css\">a[data-mtli~=\"mtli_filesize539,39kB\"]:after {content:\" (539,39 kB)\"}<\/style>","protected":false},"excerpt":{"rendered":"<p>[vc_row][vc_column][\/vc_column][\/vc_row] [&#8230;]<\/p>\n<p><a class=\"btn btn-secondary understrap-read-more-link\" href=\"https:\/\/us.edu.pl\/doktorant\/2021\/03\/26\/dni-mlodych-skandynawistow\/\">Read More&#8230;<\/a><\/p>\n","protected":false},"author":205,"featured_media":6550,"comment_status":"open","ping_status":"open","sticky":false,"template":"","format":"standard","meta":{"_expiration-date-status":"saved","_expiration-date":0,"_expiration-date-type":"","_expiration-date-categories":[],"_expiration-date-options":[]},"categories":[1,13,10],"tags":[144,60,52],"acf":[],"_links":{"self":[{"href":"https:\/\/us.edu.pl\/doktorant\/wp-json\/wp\/v2\/posts\/6548"}],"collection":[{"href":"https:\/\/us.edu.pl\/doktorant\/wp-json\/wp\/v2\/posts"}],"about":[{"href":"https:\/\/us.edu.pl\/doktorant\/wp-json\/wp\/v2\/types\/post"}],"author":[{"embeddable":true,"href":"https:\/\/us.edu.pl\/doktorant\/wp-json\/wp\/v2\/users\/205"}],"replies":[{"embeddable":true,"href":"https:\/\/us.edu.pl\/doktorant\/wp-json\/wp\/v2\/comments?post=6548"}],"version-history":[{"count":0,"href":"https:\/\/us.edu.pl\/doktorant\/wp-json\/wp\/v2\/posts\/6548\/revisions"}],"wp:featuredmedia":[{"embeddable":true,"href":"https:\/\/us.edu.pl\/doktorant\/wp-json\/wp\/v2\/media\/6550"}],"wp:attachment":[{"href":"https:\/\/us.edu.pl\/doktorant\/wp-json\/wp\/v2\/media?parent=6548"}],"wp:term":[{"taxonomy":"category","embeddable":true,"href":"https:\/\/us.edu.pl\/doktorant\/wp-json\/wp\/v2\/categories?post=6548"},{"taxonomy":"post_tag","embeddable":true,"href":"https:\/\/us.edu.pl\/doktorant\/wp-json\/wp\/v2\/tags?post=6548"}],"curies":[{"name":"wp","href":"https:\/\/api.w.org\/{rel}","templated":true}]}}