{"id":109567,"date":"2018-12-04T17:51:59","date_gmt":"2018-12-04T16:51:59","guid":{"rendered":"https:\/\/us.edu.pl\/dzien-z-uniwersytetem-slaskim-w-liceum-ogolnoksztalcacym-im-e-plater-w-sosnowcu\/"},"modified":"2019-11-05T11:17:28","modified_gmt":"2019-11-05T10:17:28","slug":"dzien-z-uniwersytetem-slaskim-w-liceum-ogolnoksztalcacym-im-e-plater-w-sosnowcu","status":"publish","type":"post","link":"https:\/\/us.edu.pl\/en\/dzien-z-uniwersytetem-slaskim-w-liceum-ogolnoksztalcacym-im-e-plater-w-sosnowcu\/","title":{"rendered":"Dzie\u0144 z Uniwersytetem \u015al\u0105skim w Liceum Og\u00f3lnokszta\u0142c\u0105cym im. E. Plater w Sosnowcu"},"content":{"rendered":"<p>5 grudnia 2018 roku w II Liceum Og\u00f3lnokszta\u0142c\u0105cym im. Emilii Plater w Sosnowcu odb\u0119dzie si\u0119 cykl spotka\u0144 pn. \u201eAkademicka Emilka\u201d, czyli Dzie\u0144 z Uniwersytet \u015al\u0105skim. W programie wydarzenia zaplanowano wyk\u0142ady i warsztaty, kt\u00f3re poprowadz\u0105 pracownicy i studenci uczelni.<\/p>\n<p>Uczniowie dowiedz\u0105 si\u0119 m.in. jak\u0105 rol\u0119 w walce z nowotworami maj\u0105 nanocz\u0105steczki, jakie korzy\u015bci i zagro\u017cenia wi\u0105\u017c\u0105 si\u0119 z promieniotw\u00f3rczo\u015bci\u0105, jak funkcjonuj\u0105 zmys\u0142y oraz sk\u0105d wiadomo, \u017ce co\u015b \u017cyje? Ponadto b\u0119d\u0105 mogli wzi\u0105\u0107 udzia\u0142 w warsztatach dziennikarskich, pozna\u0107 tajniki umowy o prac\u0119, a tak\u017ce wys\u0142ucha\u0107 prelekcji z zakresu j\u0119zykoznawstwa oraz historii.<\/p>\n<p>II Liceum Og\u00f3lnokszta\u0142c\u0105cego im. Emilii Plater w Sosnowcu dzia\u0142a pod patronatem Uniwersytetu \u015al\u0105skiego. Porozumienie w tej sprawie, maj\u0105ce zapewni\u0107 uczniom wy\u017csz\u0105 jako\u015b\u0107 kszta\u0142cenia i umo\u017cliwi\u0107 im pe\u0142niejszy rozw\u00f3j, pog\u0142\u0119bianie wiedzy i zainteresowa\u0144, zosta\u0142o zawarte 4 wrze\u015bnia 2015 roku.<\/p>\n<p><a href=\"https:\/\/us.edu.pl\/wp-content\/uploads\/imported_files\/fd66feb3f9914000465c9fad8eba64d4_akademicka_emilka-1.pdf\" class=\"mtli_attachment mtli_pdf\" data-mtli=\"mtli_filesize44195kB\">Program spotkania<\/a> | pdf, 441 kB<br \/>\n&nbsp;<\/p>\n<style type=\"text\/css\">a[data-mtli~=\"mtli_filesize44195kB\"]:after {content:\" (441.95 kB)\"}<\/style>","protected":false},"excerpt":{"rendered":"<p>5 grudnia 2018 roku w II Liceum Og\u00f3lnokszta\u0142c\u0105cym im. Emilii Plater w Sosnowcu odb\u0119dzie si\u0119 cykl spotka\u0144 pn. \u201eAkademicka Emilka\u201d, czyli Dzie\u0144 z Uniwersytet \u015al\u0105skim. W programie wydarzenia zaplanowano wyk\u0142ady i warsztaty, kt\u00f3re poprowadz\u0105 pracownicy i studenci uczelni.<\/p>\n<p> [&#8230;]<\/p>\n<p><a class=\"btn btn-secondary understrap-read-more-link\" href=\"https:\/\/us.edu.pl\/en\/dzien-z-uniwersytetem-slaskim-w-liceum-ogolnoksztalcacym-im-e-plater-w-sosnowcu\/\">Read More&#8230;<\/a><\/p>\n","protected":false},"author":1,"featured_media":0,"comment_status":"open","ping_status":"open","sticky":false,"template":"","format":"standard","meta":{"_expiration-date-status":"","_expiration-date":0,"_expiration-date-type":"","_expiration-date-categories":[],"_expiration-date-options":[]},"categories":[24],"tags":[],"acf":[],"_links":{"self":[{"href":"https:\/\/us.edu.pl\/en\/wp-json\/wp\/v2\/posts\/109567"}],"collection":[{"href":"https:\/\/us.edu.pl\/en\/wp-json\/wp\/v2\/posts"}],"about":[{"href":"https:\/\/us.edu.pl\/en\/wp-json\/wp\/v2\/types\/post"}],"author":[{"embeddable":true,"href":"https:\/\/us.edu.pl\/en\/wp-json\/wp\/v2\/users\/1"}],"replies":[{"embeddable":true,"href":"https:\/\/us.edu.pl\/en\/wp-json\/wp\/v2\/comments?post=109567"}],"version-history":[{"count":0,"href":"https:\/\/us.edu.pl\/en\/wp-json\/wp\/v2\/posts\/109567\/revisions"}],"wp:attachment":[{"href":"https:\/\/us.edu.pl\/en\/wp-json\/wp\/v2\/media?parent=109567"}],"wp:term":[{"taxonomy":"category","embeddable":true,"href":"https:\/\/us.edu.pl\/en\/wp-json\/wp\/v2\/categories?post=109567"},{"taxonomy":"post_tag","embeddable":true,"href":"https:\/\/us.edu.pl\/en\/wp-json\/wp\/v2\/tags?post=109567"}],"curies":[{"name":"wp","href":"https:\/\/api.w.org\/{rel}","templated":true}]}}