{"id":109956,"date":"2018-02-28T12:42:04","date_gmt":"2018-02-28T11:42:04","guid":{"rendered":"https:\/\/us.edu.pl\/barwy-ziemi-chorwacja\/"},"modified":"2019-11-05T11:17:59","modified_gmt":"2019-11-05T10:17:59","slug":"barwy-ziemi-chorwacja","status":"publish","type":"post","link":"https:\/\/us.edu.pl\/en\/barwy-ziemi-chorwacja\/","title":{"rendered":"\u201eBarwy Ziemi \u2013 Chorwacja\u201d"},"content":{"rendered":"<p>3 marca 2018 roku w sali widowiskowej dzia\u0142u \u201eBogucice\u201d Miejskiego Domu Kultury \u201eBogucice-Zawodzie\u201d (ul. Markiefki 44a) odb\u0119dzie si\u0119, zorganizowane w ramach Bud\u017cetu Obywatelskiego Miasta Katowice przy wsp\u00f3\u0142pracy Uniwersytetu \u015al\u0105skiego, kolejne wydarzenie z cyklu \u201eBarwy Ziemi\u201d. Tegoroczna edycja po\u015bwi\u0119cona zostanie Chorwacji.<\/p>\n<p>W programie wydarzenia zaplanowano warsztaty artystyczne i j\u0119zykowe, prelekcj\u0119, koncert zespo\u0142u \u201eBijela Lipa\u201d, otwarcie galerii fotografii, film po\u015bwi\u0119cony kulturze chorwackiej, a tak\u017ce degustacj\u0119 chorwackiej potrawy.&nbsp;&nbsp;&nbsp;&nbsp;&nbsp; &nbsp;&nbsp;<\/p>\n<p>Honorowy patronat nad spotkaniem obj\u0119li: Ambasada Republiki Chorwacji w Warszawie przy wsparciu Konsulatu Republiki Chorwacji w Krakowie oraz prezydent Katowic. Wst\u0119p na wydarzenie jest wolny. Liczba miejsc na warsztaty jest ograniczona. Zapisy przyjmowane s\u0105 telefonicznie pod numerem: (32) 203 05 17.<\/p>\n<p class=\"rtecenter\"><img alt=\"Plakat promuj\u0105cy wydarzenie &quot;Barwy Ziemi - Chorwacja&quot; z flag\u0105 pa\u0144stwa, logo organizator\u00f3w i napisem: koncert zespo\u0142u Bileja Lipa, wst\u0119p wolny, punktami sk\u0142adaj\u0105cymi si\u0119 na program oraz numerem telefonu, pod kt\u00f3rym nale\u017cy zg\u0142asza\u0107 udzia\u0142\" src=\"https:\/\/us.edu.pl\/wp-content\/uploads\/imported_files\/037c4650b96ab676e467b7c8f43078ba_barwy_us.jpg\" style=\"width: 100%;\" \/><\/p>\n","protected":false},"excerpt":{"rendered":"<p>3 marca 2018 roku w sali widowiskowej dzia\u0142u \u201eBogucice\u201d Miejskiego Domu Kultury \u201eBogucice-Zawodzie\u201d (ul. Markiefki 44a) odb\u0119dzie si\u0119, zorganizowane w ramach Bud\u017cetu Obywatelskiego Miasta Katowice przy wsp\u00f3\u0142pracy Uniwersytetu \u015al\u0105skiego, kolejne wydarzenie z cyklu \u201eBarwy Ziemi\u201d. Tegoroczna edycja po\u015bwi\u0119cona zostanie Chorwacji.<\/p>\n<p> [&#8230;]<\/p>\n<p><a class=\"btn btn-secondary understrap-read-more-link\" href=\"https:\/\/us.edu.pl\/en\/barwy-ziemi-chorwacja\/\">Read More&#8230;<\/a><\/p>\n","protected":false},"author":1,"featured_media":0,"comment_status":"open","ping_status":"open","sticky":false,"template":"","format":"standard","meta":{"_expiration-date-status":"","_expiration-date":0,"_expiration-date-type":"","_expiration-date-categories":[],"_expiration-date-options":[]},"categories":[24],"tags":[],"acf":[],"_links":{"self":[{"href":"https:\/\/us.edu.pl\/en\/wp-json\/wp\/v2\/posts\/109956"}],"collection":[{"href":"https:\/\/us.edu.pl\/en\/wp-json\/wp\/v2\/posts"}],"about":[{"href":"https:\/\/us.edu.pl\/en\/wp-json\/wp\/v2\/types\/post"}],"author":[{"embeddable":true,"href":"https:\/\/us.edu.pl\/en\/wp-json\/wp\/v2\/users\/1"}],"replies":[{"embeddable":true,"href":"https:\/\/us.edu.pl\/en\/wp-json\/wp\/v2\/comments?post=109956"}],"version-history":[{"count":0,"href":"https:\/\/us.edu.pl\/en\/wp-json\/wp\/v2\/posts\/109956\/revisions"}],"wp:attachment":[{"href":"https:\/\/us.edu.pl\/en\/wp-json\/wp\/v2\/media?parent=109956"}],"wp:term":[{"taxonomy":"category","embeddable":true,"href":"https:\/\/us.edu.pl\/en\/wp-json\/wp\/v2\/categories?post=109956"},{"taxonomy":"post_tag","embeddable":true,"href":"https:\/\/us.edu.pl\/en\/wp-json\/wp\/v2\/tags?post=109956"}],"curies":[{"name":"wp","href":"https:\/\/api.w.org\/{rel}","templated":true}]}}