{"id":110023,"date":"2017-12-15T16:20:55","date_gmt":"2017-12-15T15:20:55","guid":{"rendered":"https:\/\/us.edu.pl\/dr-hab-miroslaw-kwasniewski-laureatem-nagrody-ministra-nauki-i-szkolnictwa-wyzszego\/"},"modified":"2019-11-05T11:18:04","modified_gmt":"2019-11-05T10:18:04","slug":"dr-hab-miroslaw-kwasniewski-laureatem-nagrody-ministra-nauki-i-szkolnictwa-wyzszego","status":"publish","type":"post","link":"https:\/\/us.edu.pl\/en\/dr-hab-miroslaw-kwasniewski-laureatem-nagrody-ministra-nauki-i-szkolnictwa-wyzszego\/","title":{"rendered":"Dr hab. Miros\u0142aw Kwa\u015bniewski laureatem nagrody Ministra Nauki i Szkolnictwa Wy\u017cszego"},"content":{"rendered":"<p>11 grudnia 2017 roku w Starej Oran\u017cerii w warszawskich \u0141azienkach Kr\u00f3lewskich odby\u0142a si\u0119 uroczysta gala wr\u0119czenia&nbsp;nagr\u00f3d Ministra Nauki i Szkolnictwa Wy\u017cszego. W\u015br\u00f3d wyr\u00f3\u017cnionych znalaz\u0142 si\u0119 <a href=\"http:\/\/pracownik.us.edu.pl\/us-addressbook\/emp\/14612\">dr hab. Miros\u0142aw Kwa\u015bniewski<\/a> z Katedry Genetyki <a href=\"http:\/\/www.wbios.us.edu.pl\">Wydzia\u0142u Biologii i Ochrony \u015arodowiska<\/a> Uniwersytetu \u015al\u0105skiego, kt\u00f3ry zosta\u0142 laureatem nagrody za osi\u0105gni\u0119cia naukowe I stopnia.<\/p>\n<p>Dr hab. Miros\u0142aw Kwa\u015bniewski jest genetykiem, biologiem molekularnym i bioinformatykiem. W swojej pracy wykorzystuje najnowsze, wysokowydajne, globalne metody analityczne z zakresu genomiki i biologii systemowej. Jest jednym z pionier\u00f3w i \u015bwiatowych lider\u00f3w bada\u0144 nad procesami r\u00f3\u017cnicowania i rozwoju w\u0142o\u015bnik\u00f3w ro\u015blin jednoli\u015bciennych. Wsp\u00f3lnie ze swoim zespo\u0142em odkry\u0142 i scharakteryzowa\u0142 kilkana\u015bcie nowych, nieopisanych wcze\u015bniej gen\u00f3w zwi\u0105zanych z powstawaniem w\u0142o\u015bnik\u00f3w. Wykaza\u0142 przy tym kluczow\u0105 rol\u0119 peroksydaz w inicjacji tworzenia w\u0142o\u015bnik\u00f3w i zaproponowa\u0142 integralny model udzia\u0142u reaktywnych form tlenu w rozwoju tych specyficznych kom\u00f3rek ro\u015blinnych. Opisa\u0142 ca\u0142kowicie now\u0105 rol\u0119 w\u0142o\u015bnik\u00f3w jako potencjalnych sensor\u00f3w stanu \u015brodowiska, istotnych m.in. w adaptacji ro\u015blin do suszy glebowej. Opracowa\u0142 i stworzy\u0142 pierwsz\u0105, szczeg\u00f3\u0142ow\u0105 baz\u0119 danych dotycz\u0105c\u0105 genomiki w\u0142o\u015bnik\u00f3w <a href=\"http:\/\/www.iroothair.org\/\">iRootHair<\/a>. Jego prace dotycz\u0105ce bada\u0144 nad r\u00f3\u017cnicowaniem i rozwojem w\u0142o\u015bnik\u00f3w zosta\u0142y opublikowane w presti\u017cowych czasopismach takich jak \u201ePlant Physiology\u201d, \u201eJournal of Experimental Botany\u201d, \u201eJournal of Plant Physiology\u201d. Zdoby\u0142y r\u00f3wnie\u017c uznanie \u015brodowiska naukowego (Nagroda G\u0142\u00f3wna Kapitu\u0142y Polskiego Towarzystwa Biologii Eksperymentalnej Ro\u015blin jako najlepsza publikacja oryginalna dotycz\u0105ca biologii ro\u015blin opracowana w polskim laboratorium w latach 2005\u20132006), prace zosta\u0142y tak\u017ce ocenione jako wybitne, niezale\u017cnie przez wszystkich recenzent\u00f3w w przewodzie habilitacyjnym.<\/p>\n<p>Od kilku lat dr hab. Miros\u0142aw Kwa\u015bniewski zajmuje si\u0119 badaniem wp\u0142ywu \u015brodowiska na ekspresj\u0119 informacji genetycznej, m.in. poprzez analiz\u0119 epigenomu ro\u015blin i cz\u0142owieka oraz analiz\u0119 mikroflory bakteryjnej w badaniach metagenomicznych. Obecnie pracuje r\u00f3wnie\u017c w Uniwersytecie Medycznym w Bia\u0142ymstoku jako kierownik Centrum Bioinformatyki i Analizy Danych, gdzie jest koordynatorem zada\u0144 jednego z najwi\u0119kszych w Polsce projekt\u00f3w z zakresu Medycyny Spersonalizowanej, dotycz\u0105cego precyzyjnej diagnostyki i terapii raka p\u0142uca.<\/p>\n<p class=\"rtecenter\"><img alt=\"Dr hab. Miros\u0142aw Kwa\u015bniewski odbiera nagrod\u0119 z r\u0105k ministra nauki i szkolnictwa \" src=\"https:\/\/us.edu.pl\/wp-content\/uploads\/imported_files\/397724559ba07068d3fb7bbac855cb08_img_9535_aa.jpg\" style=\"width: 80%;\" \/><\/p>\n<p class=\"rtecenter\" style=\"font-size:small\"><em>Dr hab. Miros\u0142aw Kwa\u015bniewski odbiera nagrod\u0119 z r\u0105k ministra nauki i szkolnictwa&nbsp;<\/em><br \/>\n<em><span style=\"text-align: center;\">\u200b<\/span>\u017ar\u00f3d\u0142o: Ministerstwo Nauki i Szkolnictwa Wy\u017cszego<\/em><\/p>\n<p>Presti\u017cowe nagrody Ministra Nauki i Szkolnictwa Wy\u017cszego&nbsp;przyznawane s\u0105 przedstawicielom \u015bwiata akademickiego \u2013 naukowcom, dydaktykom i organizatorom \u2013 za wybitne osi\u0105gni\u0119cia naukowe, indywidualn\u0105 i zbiorow\u0105 dzia\u0142alno\u015b\u0107 dydaktyczn\u0105 oraz sukcesy organizacyjne w 2017 roku.&nbsp;\u0141\u0105cznie nagrodzonych zosta\u0142o 60 przedstawicieli \u015bwiata akademickiego.&nbsp;<\/p>\n<p>W ocenie dzia\u0142alno\u015bci pod uwag\u0119 brane by\u0142y badania podstawowe oraz badania na rzecz rozwoju spo\u0142ecze\u0144stwa i gospodarki. Szczeg\u00f3\u0142owe informacje na temat wyr\u00f3\u017cnienia oraz lista laureat\u00f3w dost\u0119pne s\u0105 na stronie:&nbsp;<a href=\"http:\/\/www.nauka.gov.pl\/aktualnosci-ministerstwo\/laury-dla-naukowcow-i-dydaktykow-nagrody-ministra-nauki-2017-rozdane.html\">www.nauka.gov.pl<\/a>.<\/p>\n","protected":false},"excerpt":{"rendered":"<p>11 grudnia 2017 roku w Starej Oran\u017cerii w warszawskich \u0141azienkach Kr\u00f3lewskich odby\u0142a si\u0119 uroczysta gala wr\u0119czenia&nbsp;nagr\u00f3d Ministra Nauki i Szkolnictwa Wy\u017cszego. W\u015br\u00f3d wyr\u00f3\u017cnionych znalaz\u0142 si\u0119 <a href=\"http:\/\/pracownik.us.edu.pl\/us-addressbook\/emp\/14612\">dr hab. Miros\u0142aw Kwa\u015bniewski<\/a> z Katedry Genetyki <a href=\"http:\/\/www.wbios.us.edu.pl\">Wydzia\u0142u Biologii i Ochrony \u015arodowiska<\/a> Uniwersytetu \u015al\u0105skiego, kt\u00f3ry zosta\u0142 laureatem nagrody za osi\u0105gni\u0119cia naukowe I stopnia.<\/p>\n<p> [&#8230;]<\/p>\n<p><a class=\"btn btn-secondary understrap-read-more-link\" href=\"https:\/\/us.edu.pl\/en\/dr-hab-miroslaw-kwasniewski-laureatem-nagrody-ministra-nauki-i-szkolnictwa-wyzszego\/\">Read More&#8230;<\/a><\/p>\n","protected":false},"author":1,"featured_media":0,"comment_status":"open","ping_status":"open","sticky":false,"template":"","format":"standard","meta":{"_expiration-date-status":"","_expiration-date":0,"_expiration-date-type":"","_expiration-date-categories":[],"_expiration-date-options":[]},"categories":[24],"tags":[],"acf":[],"_links":{"self":[{"href":"https:\/\/us.edu.pl\/en\/wp-json\/wp\/v2\/posts\/110023"}],"collection":[{"href":"https:\/\/us.edu.pl\/en\/wp-json\/wp\/v2\/posts"}],"about":[{"href":"https:\/\/us.edu.pl\/en\/wp-json\/wp\/v2\/types\/post"}],"author":[{"embeddable":true,"href":"https:\/\/us.edu.pl\/en\/wp-json\/wp\/v2\/users\/1"}],"replies":[{"embeddable":true,"href":"https:\/\/us.edu.pl\/en\/wp-json\/wp\/v2\/comments?post=110023"}],"version-history":[{"count":0,"href":"https:\/\/us.edu.pl\/en\/wp-json\/wp\/v2\/posts\/110023\/revisions"}],"wp:attachment":[{"href":"https:\/\/us.edu.pl\/en\/wp-json\/wp\/v2\/media?parent=110023"}],"wp:term":[{"taxonomy":"category","embeddable":true,"href":"https:\/\/us.edu.pl\/en\/wp-json\/wp\/v2\/categories?post=110023"},{"taxonomy":"post_tag","embeddable":true,"href":"https:\/\/us.edu.pl\/en\/wp-json\/wp\/v2\/tags?post=110023"}],"curies":[{"name":"wp","href":"https:\/\/api.w.org\/{rel}","templated":true}]}}