{"id":110094,"date":"2017-11-06T00:35:00","date_gmt":"2017-11-05T23:35:00","guid":{"rendered":"https:\/\/us.edu.pl\/wspomnienie-prof-walerego-pisarka\/"},"modified":"2019-11-05T11:18:10","modified_gmt":"2019-11-05T10:18:10","slug":"wspomnienie-prof-walerego-pisarka","status":"publish","type":"post","link":"https:\/\/us.edu.pl\/en\/wspomnienie-prof-walerego-pisarka\/","title":{"rendered":"Wspomnienie prof.  Walerego Pisarka"},"content":{"rendered":"<p>5 listopada 2017 roku w Katowicach na kilkana\u015bcie minut przed rozpocz\u0119ciem gali przyznania nagr\u00f3d Ambasador\u00f3w Polszczyzny zmar\u0142 Profesor Walery Pisarek \u2013 wybitny uczony, wielki j\u0119zykoznawca, wieloletni kierownik krakowskiego O\u015brodka Bada\u0144 Prasoznawczych, przewodnicz\u0105cy, a potem honorowy przewodnicz\u0105cy Rady J\u0119zyka Polskiego, autor wielu artyku\u0142\u00f3w, ksi\u0105\u017cek, tw\u00f3rca s\u0142ownik\u00f3w. Z Uniwersytetem \u015al\u0105skim \u0142\u0105czy\u0142o go mn\u00f3stwo dzia\u0142a\u0144. W 1965 roku rozpocz\u0105\u0142 zaj\u0119cia dydaktyczne na Wydziale Filologiczno-Historycznym Wy\u017cszej Szko\u0142y Pedagogicznej w Katowicach (kt\u00f3ra wraz z Fili\u0105 UJ da\u0142a pocz\u0105tek Uniwersytetowi \u015al\u0105skiemu). W Katowicach Walery Pisarek uzyska\u0142 stopie\u0144 naukowy doktora. Profesor przyje\u017cd\u017ca\u0142 do Katowic jako juror Og\u00f3lnopolskiego Dyktanda oraz jako cz\u0142onek kapitu\u0142y Ambasadora Polszczyzny, otwiera\u0142 wraz z Krystyn\u0105 Bochenek pierwsz\u0105 wielk\u0105 \u015bl\u0105sk\u0105 konferencj\u0119 w sali Sejmu \u015al\u0105skiego zatytu\u0142owan\u0105 \u201e\u015al\u0105sko godka \u2013 jeszcze gwara czy jednak ju\u017c j\u0119zyk\u201d. 7 grudnia 2011 roku Uniwersytet \u015al\u0105ski nada\u0142 Profesorowi Waleremu Pisarkowi sw\u0105 najwy\u017csz\u0105 godno\u015b\u0107, jak\u0105 jest tytu\u0142 doktora <em>honoris causa<\/em>.<\/p>\n<p>Profesor Walery Pisarek wielokrotnie oddawa\u0142 ho\u0142d \u015bl\u0105skiej ziemi, z kt\u00f3r\u0105 czu\u0142 si\u0119 blisko zwi\u0105zany. W swoim wyk\u0142adzie na uroczysto\u015bci nadania tytu\u0142u doktora <em>honoris causa<\/em> m\u00f3wi\u0142: \u201eTrzecia melodia polszczyzny pojawi\u0142a si\u0119 w moim \u017cyciu w po\u0142owie lat sze\u015b\u0107dziesi\u0105tych. Mam j\u0105 w uszach r\u00f3wnie wyra\u017anie, jak dwie poprzednie. I widz\u0119 j\u0105 te\u017c plastycznie, jak tancerza, kt\u00f3ry zmierza z partnerk\u0105 w jakim\u015b kierunku, ale si\u0119 nagle rozmy\u015bli\u0142 i zawr\u00f3ci\u0142, z\u0142y na siebie i niepewny swego. O, z tej z\u0142o\u015bci i niepewno\u015bci melodia si\u0119 wznosi. Jakby chcia\u0142 si\u0119 upewni\u0107, zanim zrobi krok nast\u0119pny, \u017ce mo recht, niy? W mojej \u015bl\u0105skiej polszczy\u017anie dominuje tonacja pytaj\u0105ca. Mo\u017ce to nie tyle wyraz niepewno\u015bci, ile swego rodzaju permanentnego domagania si\u0119 akceptacji. A ja pewnie tak\u017ce mo\u017ce z wdzi\u0119czno\u015bci za ca\u0142e dobro, kt\u00f3re ze \u015al\u0105ska na mnie sp\u0142yn\u0119\u0142o, ochoczo i serdecznie akceptuj\u0119 s\u0142odk\u0105 Karolink\u0119 z Gogolina i \u017cywio\u0142ow\u0105 Karin, smak krupniok\u00f3w i metki, rubaszny humor i zaczarowan\u0105 muzyk\u0119 Kilara, podziwiam m\u0142od\u0105 a dojrza\u0142\u0105 \u015bl\u0105sk\u0105 humanistyk\u0119 i medycyn\u0119, podziwiam \u015bl\u0105ski up\u00f3r, trwanie, a nade wszystko serdeczny stosunek do j\u0119zyka, tzn. m\u00f3wi\u0105c patetycznie, do mowy ojc\u00f3w\u201d.<\/p>\n<p>Panie Profesorze, dzi\u0119kujemy za ten ciep\u0142y, serdeczny, pe\u0142en aprobaty i szacunku dla \u015al\u0105ska i dla nas g\u0142os. Pana Profesora odej\u015bcie to niepowetowana strata dla wszystkich, dla nas w Uniwersytecie \u015al\u0105skim to strata szczeg\u00f3lna. Pozostanie Pan Profesor na zawsze w naszych sercach i umys\u0142ach.<\/p>\n<p class=\"rtecenter\"><img alt=\"Zdj\u0119cie z uroczysto\u015bci nadania doktoratu honoris causa prof. Waleremu Pisarkowi. Na zdj\u0119ciu: prof. Pisarek, prof. Wies\u0142aw Bany\u015b, prof. Ma\u0142gorzata Kita, prof. Jerzy Bralczyk i dr hab. Jacek Warchala\" src=\"https:\/\/us.edu.pl\/wp-content\/uploads\/imported_files\/ce08cec08244edd25dae7a693c2369be_1_12.jpg\" style=\"width: 300px; height: 200px;\" \/><\/p>\n<p class=\"rtecenter\">Fot. \u201eGazeta Uniwersytecka U\u015a\u201d<\/p>\n","protected":false},"excerpt":{"rendered":"<p>5 listopada 2017 roku w Katowicach na kilkana\u015bcie minut przed rozpocz\u0119ciem gali przyznania nagr\u00f3d Ambasador\u00f3w Polszczyzny zmar\u0142 Profesor Walery Pisarek \u2013 wybitny uczony, wielki j\u0119zykoznawca, wieloletni kierownik krakowskiego O\u015brodka Bada\u0144 Prasoznawczych, przewodnicz\u0105cy, a potem honorowy przewodnicz\u0105cy Rady J\u0119zyka Polskiego, autor wielu artyku\u0142\u00f3w, ksi\u0105\u017cek, tw\u00f3rca s\u0142ownik\u00f3w. Z Uniwersytetem \u015al\u0105skim \u0142\u0105czy\u0142o go mn\u00f3stwo dzia\u0142a\u0144. [&#8230;]<\/p>\n<p><a class=\"btn btn-secondary understrap-read-more-link\" href=\"https:\/\/us.edu.pl\/en\/wspomnienie-prof-walerego-pisarka\/\">Read More&#8230;<\/a><\/p>\n","protected":false},"author":1,"featured_media":0,"comment_status":"open","ping_status":"open","sticky":false,"template":"","format":"standard","meta":{"_expiration-date-status":"","_expiration-date":0,"_expiration-date-type":"","_expiration-date-categories":[],"_expiration-date-options":[]},"categories":[24],"tags":[],"acf":[],"_links":{"self":[{"href":"https:\/\/us.edu.pl\/en\/wp-json\/wp\/v2\/posts\/110094"}],"collection":[{"href":"https:\/\/us.edu.pl\/en\/wp-json\/wp\/v2\/posts"}],"about":[{"href":"https:\/\/us.edu.pl\/en\/wp-json\/wp\/v2\/types\/post"}],"author":[{"embeddable":true,"href":"https:\/\/us.edu.pl\/en\/wp-json\/wp\/v2\/users\/1"}],"replies":[{"embeddable":true,"href":"https:\/\/us.edu.pl\/en\/wp-json\/wp\/v2\/comments?post=110094"}],"version-history":[{"count":0,"href":"https:\/\/us.edu.pl\/en\/wp-json\/wp\/v2\/posts\/110094\/revisions"}],"wp:attachment":[{"href":"https:\/\/us.edu.pl\/en\/wp-json\/wp\/v2\/media?parent=110094"}],"wp:term":[{"taxonomy":"category","embeddable":true,"href":"https:\/\/us.edu.pl\/en\/wp-json\/wp\/v2\/categories?post=110094"},{"taxonomy":"post_tag","embeddable":true,"href":"https:\/\/us.edu.pl\/en\/wp-json\/wp\/v2\/tags?post=110094"}],"curies":[{"name":"wp","href":"https:\/\/api.w.org\/{rel}","templated":true}]}}