{"id":110215,"date":"2017-07-20T10:00:26","date_gmt":"2017-07-20T09:00:26","guid":{"rendered":"https:\/\/us.edu.pl\/synonim-zla-rozmowa-z-dr-hab-maciejem-pieprzyca-rezyserem-filmu-jestem-morderca\/"},"modified":"2019-11-05T11:18:22","modified_gmt":"2019-11-05T10:18:22","slug":"synonim-zla-rozmowa-z-dr-hab-maciejem-pieprzyca-rezyserem-filmu-jestem-morderca","status":"publish","type":"post","link":"https:\/\/us.edu.pl\/en\/synonim-zla-rozmowa-z-dr-hab-maciejem-pieprzyca-rezyserem-filmu-jestem-morderca\/","title":{"rendered":"Synonim z\u0142a. Rozmowa z dr. hab. Maciejem Pieprzyc\u0105, re\u017cyserem filmu \u201eJestem morderc\u0105\u201d"},"content":{"rendered":"<p class=\"rteright\" style=\"font-size: small\"><a href=\"http:\/\/www.us.edu.pl\/nauka-2\">Artyku\u0142y z cyklu \u201eNauka i sztuka\u201d<\/a><\/p>\n<p><a href=\"http:\/\/pracownik.us.edu.pl\/us-addressbook\/emp\/21092\">Dr hab. Maciej Pieprzyca<\/a>&nbsp;jest autorem dokumentu pt. \u201eJestem morderc\u0105\u2026\u201d po\u015bwi\u0119conego s\u0142ynnej historii \u201eWampira z Zag\u0142\u0119bia\u201d, kt\u00f3ry w latach 60. ubieg\u0142ego wieku zaatakowa\u0142 dwadzie\u015bcia kobiet. Czterna\u015bcie z nich nie prze\u017cy\u0142o ataku. Skazany na \u015bmier\u0107 zosta\u0142 w\u00f3wczas Zdzis\u0142aw Marchwicki[1]. Tymczasem od wielu lat ukazuj\u0105 si\u0119 artyku\u0142y inspirowane pytaniem, czy na pewno os\u0105dzono w\u0142a\u015bciwego cz\u0142owieka. Kilkana\u015bcie lat p\u00f3\u017aniej re\u017cyser rozpocz\u0105\u0142 prace nad filmem fabularnym inspirowanym t\u0105 sam\u0105 histori\u0105, lecz tym razem opowiedzian\u0105 z perspektywy m\u0142odego milicjanta prowadz\u0105cego skomplikowane \u015bledztwo. Film prowokuje odbiorc\u0119 do postawienia pytania: kto tak naprawd\u0119 wypowiada s\u0142owa: \u201eJestem morderc\u0105\u201d?<\/p>\n<hr \/>\n<p class=\"rtecenter\" style=\"font-size: small\"><img alt=\"Dr hab. Maciej Pieprzyca\" src=\"https:\/\/us.edu.pl\/wp-content\/uploads\/imported_files\/766e40475feac97ca6da37e5b6388caa_img_4575c_julia_agnieszka_szymala.jpg\" style=\"width: 80%; border-width: 1px; border-style: solid;\" \/><br \/>\nDr hab. Maciej Pieprzyca z Zak\u0142adu&nbsp;Re\u017cyserii Telewizyjno-Filmowej&nbsp;Wydzia\u0142u Radia i Telewizji im. Krzysztofa Kie\u015blowskiego Uniwersytetu \u015al\u0105skiego<br \/>\nFot. Julia Agnieszka Szymala<br \/>\n&nbsp;<\/p>\n<p><strong>Dr Ma\u0142gorzata K\u0142oskowicz:<\/strong> W 1998 roku powsta\u0142 dokument pt. \u201eJestem morderc\u0105\u2026\u201d opowiadaj\u0105cy losy rodziny Marchwickich, w tym g\u0142\u00f3wnie dw\u00f3ch z trzech braci \u2013 Henryka oraz Zdzis\u0142awa. Urodzi\u0142 si\u0119 Pan na \u015al\u0105sku w roku, w kt\u00f3rym pierwsza kobieta pad\u0142a ofiar\u0105 s\u0142ynnego \u201eWampira z Zag\u0142\u0119bia\u201d\u2026 Jak zapami\u0119ta\u0142 Pan t\u0119 histori\u0119?<\/p>\n<p><strong>Dr hab. Maciej Pieprzyca:<\/strong> Ka\u017cdy, kto urodzi\u0142 si\u0119 na \u015al\u0105sku czy w Zag\u0142\u0119biu w tamtym czasie, musia\u0142 s\u0142ysze\u0107 o tej sprawie. Panowa\u0142a psychoza strachu. M\u00f3j tata ze starszym bratem wychodzili po mam\u0119, kt\u00f3ra wraca\u0142a p\u00f3\u017ano z pracy. Ja by\u0142em oczywi\u015bcie ma\u0142y, ale pami\u0119tam, \u017ce w rozmowach pada\u0142o nazwisko Marchwickiego w kontek\u015bcie skazanego na \u015bmier\u0107 seryjnego mordercy kobiet. Wyrok wykonano w 1977 roku. Jak wi\u0119kszo\u015b\u0107 os\u00f3b by\u0142em przekonany, \u017ce os\u0105dzono w\u0142a\u015bciwego cz\u0142owieka. Zapanowa\u0142 spok\u00f3j, ludzie przestali si\u0119 ba\u0107, \u017cycie wr\u00f3ci\u0142o do normy. Zdzis\u0142aw Marchwicki sta\u0142 si\u0119 synonimem z\u0142a. Potem pozna\u0142em Henryka Marchwickiego, brata Zdzis\u0142awa i us\u0142ysza\u0142em inn\u0105 wersj\u0119 tej historii.<\/p>\n<p><strong>MK: <\/strong>Bracia Zdzis\u0142aw i Jan zostali powieszeni w jednym z katowickich gara\u017cy, Henryka Marchwickiego skazano na 25 lat pozbawienia wolno\u015bci, opu\u015bci\u0142 jednak wi\u0119zienie pi\u0119\u0107 lat przed up\u0142ywem tego czasu ze wzgl\u0119du na z\u0142y stan zdrowia\u2026<\/p>\n<p><strong>MP: <\/strong>By\u0142y lata 90. XX wieku, zmieni\u0142 si\u0119 system. Henryk Marchwicki nie mia\u0142 nic, ani pracy, ani pieni\u0119dzy, ani domu. Chcia\u0142 zwr\u00f3ci\u0107 na siebie uwag\u0119, przyku\u0142 si\u0119 wi\u0119c do balustrady przy Urz\u0119dzie Wojew\u00f3dzkim w Katowicach. W tym czasie go pozna\u0142em i wys\u0142ucha\u0142em jego opowie\u015bci. Potem nawi\u0105za\u0142em kontakt z oficerami \u015bledczymi milicji, kt\u00f3rzy t\u0119 spraw\u0119 prowadzili, prokuratorem, wsp\u00f3\u0142wi\u0119\u017aniem, prawnikami czy wreszcie osobami spokrewnionymi z bra\u0107mi Marchwickimi. W tym czasie by\u0142em ju\u017c absolwentem Wydzia\u0142u Radia i Telewizji Uniwersytetu \u015al\u0105skiego, zaproponowa\u0142em Andrzejowi Fidykowi, szefowi redakcji dokumentalnej TVP1, \u017ce przygotuj\u0119 dokument na temat tej sprawy. G\u0142\u00f3wnym bohaterem mia\u0142 by\u0107 Henryk Marchwicki, niestety tydzie\u0144 przed rozpocz\u0119ciem zdj\u0119\u0107 dowiedzia\u0142em si\u0119, \u017ce nie \u017cyje. Spad\u0142 ze schod\u00f3w&#8230;<\/p>\n<p><strong>MK:&nbsp;<\/strong>Dokument zosta\u0142 jednak zrealizowany&#8230;<\/p>\n<p><strong>MP:&nbsp;<\/strong>Zastanawia\u0142em si\u0119 wtedy, jak zmieni\u0107 koncepcj\u0119 filmu. Postanowi\u0142em nie rezygnowa\u0107, tylko mimo wszystko nakr\u0119ci\u0107 ten film, aby ods\u0142oni\u0107 inn\u0105 stron\u0119 s\u0142ynnej sprawy sprzed ponad dwudziestu lat. W dokumencie wykorzysta\u0142em fragmenty korespondencji Henryka Marchwickiego, jego obecno\u015b\u0107 jest zatem silnie wyczuwalna mimo braku fizycznej obecno\u015bci.<\/p>\n<p><strong>MK:&nbsp;<\/strong>Czy bohaterowie filmu dokumentalnego chcieli rozmawia\u0107 o tej sprawie?<\/p>\n<p><strong>MP:&nbsp;<\/strong>Im historia jest bardziej kontrowersyjna, tym trudniej nak\u0142oni\u0107 ludzi do tego, \u017ceby o niej opowiadali. Reakcje by\u0142y r\u00f3\u017cne. Wiele os\u00f3b nie chcia\u0142o wraca\u0107 do tej sprawy, zw\u0142aszcza cz\u0142onkowie rodziny. To by\u0142o zbyt bolesne do\u015bwiadczenie. Mimo tego niekt\u00f3rzy zgodzili si\u0119 wyst\u0105pi\u0107 w filmie. W efekcie dokument \u201eJestem morderc\u0105\u2026\u201d ods\u0142ania wiele niewyja\u015bnionych w\u0105tk\u00f3w sprawy i my\u015bl\u0119, \u017ce skutecznie poddaje w w\u0105tpliwo\u015b\u0107 spo\u0142eczne przekonanie o winie Zdzis\u0142awa Marchwickiego i jego braci.<\/p>\n<p><strong>MK:&nbsp;<\/strong>Kiedy pojawi\u0142a si\u0119 informacja, \u017ce rozpocznie Pan realizacj\u0119 filmu fabularnego pod niemal\u017ce powt\u00f3rzonym tytu\u0142em (\u201eJestem morderc\u0105\u201d) i zbudowanego zn\u00f3w na kanwie historii \u201eWampira z Zag\u0142\u0119bia\u201d, wszystko wskazywa\u0142o na to, \u017ce g\u0142\u00f3wnym bohaterem b\u0119dzie posta\u0107 inspirowana losami Zdzis\u0142awa Marchwickiego. Tymczasem opowiada Pan histori\u0119 m\u0142odego milicjanta Janusza Jasi\u0144skiego, kt\u00f3ry kieruje grup\u0105 dochodzeniow\u0105 w sprawie seryjnego mordercy. To by\u0142o spore zaskoczenie.<\/p>\n<p><strong>MP:&nbsp;<\/strong>Powr\u00f3ci\u0142em do tego tematu po kilkunastu latach. Film dokumentalny z 1998 roku by\u0142 form\u0105 rozliczenia si\u0119 ze s\u0142ynn\u0105 spraw\u0105 i z ci\u0105\u017c\u0105cym nad ni\u0105 systemem politycznym. M\u00f3wi\u0142 o domniemanej winie Marchwickich, o braku twardych dowod\u00f3w, manipulacji, o podejrzeniach, \u017ce skazano na \u015bmier\u0107 dwie niewinne osoby i krzywdzie wyrz\u0105dzonej rodzinie. W 2014 roku zacz\u0105\u0142em my\u015ble\u0107 o przygotowaniu filmu fabularnego. Okaza\u0142o si\u0119, \u017ce przez lata, kt\u00f3re up\u0142yn\u0119\u0142y od zrealizowania dokumentu, w tej sprawie nie pojawi\u0142y si\u0119 w\u0142a\u015bciwie \u017cadne nowe fakty, kt\u00f3re mog\u0142yby co\u015b dopowiedzie\u0107. Je\u015bli poszed\u0142bym tym tropem, powiedzia\u0142bym zapewne to samo, dlatego postanowi\u0142em stworzy\u0107 uniwersaln\u0105 opowie\u015b\u0107 o cz\u0142owieku i wewn\u0119trznej walce dobra ze z\u0142em. \u015awiat wykreowany w filmie staje si\u0119 zatem jedynie t\u0142em. Czy kto\u015b czyta \u201eMakbeta\u201d, aby pozna\u0107 histori\u0119 Szkocji?<br \/>\n&nbsp;<\/p>\n<p class=\"rtecenter\" style=\"font-size: small\"><img alt=\"M\u0142ody milicjant pr\u00f3buje schwyta\u0107 seryjnego morderc\u0119 kobiet. Kadr z filmu.\" src=\"https:\/\/us.edu.pl\/wp-content\/uploads\/imported_files\/31e641b5bdc1702733d28ad43eb6b3fd_013_a_03_a068c001_151119_r3jo_0092934_re-studio.jpg\" style=\"width: 100%; border-width: 1px; border-style: solid;\" \/>M\u0142ody milicjant Janusz Jasi\u0144ski pr\u00f3buje schwyta\u0107 seryjnego morderc\u0119 kobiet. Kadr z filmu<br \/>\nFot. RE Studio<br \/>\n&nbsp;<\/p>\n<p><strong>MK:&nbsp;<\/strong>Jedn\u0105 z ostatnich scen w dokumencie z 1998 roku jest zdj\u0119cie maski po\u015bmiertnej Zdzis\u0142awa Marchwickiego. Film fabularny otwiera scena zdejmowania maski po\u015bmiertnej z twarzy Wies\u0142awa Kalickiego (postaci inspirowanej losami Marchwickiego). Traci znaczenie klasyczne pytanie: kto naprawd\u0119 zabi\u0142 te kobiety? Zdajemy sobie r\u00f3wnie\u017c spraw\u0119 z tego, \u017ce nie znajdziemy odpowiedzi na pytanie, czy os\u0105dzony by\u0142 rzeczywi\u015bcie winny zarzucanych mu czyn\u00f3w. Zastanawiamy si\u0119 raczej, kto wypowiada tytu\u0142owe s\u0142owa: \u201ejestem morderc\u0105\u201d\u2026<\/p>\n<p><strong>MP:&nbsp;<\/strong>Opowiedziana historia inspirowana by\u0142a oczywi\u015bcie tamtymi wydarzeniami, ale ja chcia\u0142em przede wszystkim stworzy\u0107 obraz dobrego cz\u0142owieka, kt\u00f3ry ulega przemianie \u2013 w szczeg\u00f3lnych okoliczno\u015bciach, podlegaj\u0105c r\u00f3\u017cnym presjom zewn\u0119trznym i wewn\u0119trznym, niepostrze\u017cenie zara\u017ca si\u0119 z\u0142em&#8230;<\/p>\n<p><strong>MK:&nbsp;<\/strong>Trudno wskaza\u0107 jeden moment, w kt\u00f3rym dokonuje si\u0119 wspomniana przez Pana przemiana&#8230;<\/p>\n<p><strong>MP:&nbsp;<\/strong>\u2026poniewa\u017c jest to proces. W przypadku Janusza Jasi\u0144skiego mamy ci\u0105g kompromis\u00f3w, pierwsze k\u0142amstwo, drugie k\u0142amstwo, potem nast\u0119pne, zdrada \u017cony, zag\u0142uszanie w\u0105tpliwo\u015bci itd. Kolejne wydarzenia zaczynaj\u0105 go \u201eoblepia\u0107\u201d, a\u017c w ko\u0144cu zdaje sobie spraw\u0119 z tego, \u017ce jest ju\u017c za p\u00f3\u017ano.<br \/>\n&nbsp;<\/p>\n<p class=\"rtecenter\" style=\"font-size: small\"><img alt=\"Kadr z filmu. Sala s\u0105dowa \u2013 zeznaje oskar\u017cony Wies\u0142aw Kalicki.\" src=\"https:\/\/us.edu.pl\/wp-content\/uploads\/imported_files\/ac44cffbb66bccecf6399623a2439a00_a168c010_160316_r3jo.0101630_re-studio.jpg\" style=\"width: 100%; border-width: 1px; border-style: solid;\" \/><br \/>\nZesp\u00f3\u0142 milicjant\u00f3w kierowany przez Janusza Jasi\u0144skiego odnosi sukces. Przed s\u0105dem zeznaje oskar\u017cony o seryjne morderstwo kobiet Wies\u0142aw Kalicki<br \/>\nFot. RE Studio<br \/>\n&nbsp;<\/p>\n<p><strong>MK:&nbsp;<\/strong>Jest w filmie taka scena: Janusz Jasi\u0144ski siedzi naprzeciwko wy\u0142\u0105czonego kolorowego telewizora, w kt\u00f3rym odbija si\u0119 jego zm\u0119czona twarz. Obraz wygl\u0105da tak, jakby by\u0142 kadrem z relacjonowanej w telewizji rozprawy s\u0105dowej, a on siedzia\u0142 zrezygnowany na \u0142awie oskar\u017conych\u2026 A siedzi tam przecie\u017c cz\u0142owiek, kt\u00f3ry zatrzyma\u0142 potencjalnego morderc\u0119, przywr\u00f3ci\u0142 spok\u00f3j lokalnej spo\u0142eczno\u015bci, zapewni\u0142 wysokie standardy \u017cycia swojej rodzinie, a nawet zyska\u0142 w oczach te\u015bcia, przyczyniaj\u0105c si\u0119 do egzekucji jednego cz\u0142owieka, kt\u00f3ry by\u0107 mo\u017ce bi\u0142 swoj\u0105 \u017con\u0119, by\u0107 mo\u017ce nosi\u0142 rozmiar buta 42, by\u0107 mo\u017ce pali\u0142 robocze obuwie i wreszcie \u2013 by\u0107 mo\u017ce zabi\u0142 czterna\u015bcie kobiet\u2026<\/p>\n<p><strong>MP:&nbsp;<\/strong>Im bli\u017cej jeste\u015bmy spe\u0142nienia marze\u0144, tym trudniej nam z nich zrezygnowa\u0107. Bohater ma mo\u017cliwo\u015b\u0107 zasygnalizowa\u0107, \u017ce by\u0107 mo\u017ce pope\u0142ni\u0142 b\u0142\u0105d, \u017ce co\u015b przeoczy\u0142, ale zapewne w jego g\u0142owie zaczyna toczy\u0107 si\u0119 dialog. A co je\u015bli zakwestionowanie decyzji niczego nie zmieni? Je\u015bli okaza\u0142oby si\u0119, \u017ce nikt nie pope\u0142ni\u0142 b\u0142\u0119du? W efekcie tylko on straci co\u015b, do czego zd\u0105\u017cy\u0142 si\u0119 ju\u017c przyzwyczai\u0107\u2026 Nikt z nas nie lubi traci\u0107. On jest ambitny, nie boi si\u0119 wyzwa\u0144, chce by\u0107 bohaterem dla swojego syna, polepszy\u0107 status swojej rodziny, a przecie\u017c wiemy, \u017ce tylko ludzie, kt\u00f3rzy nic nie robi\u0105, nie pope\u0142niaj\u0105 b\u0142\u0119d\u00f3w\u2026 W tym zamieszaniu nadchodzi niepostrze\u017cenie moment wyboru mi\u0119dzy dobrem a z\u0142em.<br \/>\n&nbsp;<\/p>\n<p class=\"rtecenter\" style=\"font-size: small\"><img alt=\"Zdj\u0119cie Janusza Jasi\u0144skiego, postaci z filmu\" src=\"https:\/\/us.edu.pl\/wp-content\/uploads\/imported_files\/0e94b01985cc5440e84ae08499507c99_00135996_re-studio.jpg\" style=\"width: 100%\" \/><br \/>\nKto tak naprawd\u0119 wypowiada s\u0142owa &#8220;Jestem morderc\u0105&#8221;? Janusz Jasi\u0144ski (w tej roli Miros\u0142aw Haniszewski)&#8230;<br \/>\nFot. RE Studio<br \/>\n&nbsp;<\/p>\n<p class=\"rtecenter\" style=\"font-size: small\"><img alt=\"Zdj\u0119cie Wies\u0142awa Kalickiego, postaci z filmu.\" src=\"https:\/\/us.edu.pl\/wp-content\/uploads\/imported_files\/aaf27315936d83676290c03d4faa4af2_a153c012_160312_r3jo.0181190_re-studio.jpg\" style=\"width: 100%\" \/><br \/>\n&#8230;czy Wies\u0142aw Kalicki (w tej roli Arkadiusz Jakubik)?<br \/>\nFot. RE Studio<br \/>\n&nbsp;<\/p>\n<p><strong>MK:&nbsp;<\/strong>Dobro i z\u0142o na przemian odbija si\u0119 r\u00f3wnie\u017c w twarzy Wies\u0142awa Kalickiego, postaci, kt\u00f3rej pierwowzorem by\u0142 Zdzis\u0142aw Marchwicki. Rol\u0119 t\u0119 zagra\u0142 Arkadiusz Jakubik i to z my\u015bl\u0105 o nim przygotowywa\u0142 Pan scenariusz\u2026<br \/>\n&nbsp;<\/p>\n<p><strong>MP:&nbsp;<\/strong>Wsp\u00f3\u0142pracowa\u0142em z Arkiem wcze\u015bniej przy realizacji filmu \u201eChce si\u0119 \u017cy\u0107\u201d. Jest \u015bwietnym aktorem, Dostrzeg\u0142em w nim cechy, kt\u00f3re wpisywa\u0142y si\u0119 w obraz granej przez niego postaci. Jest w jego twarzy pewna ambiwalencja pozwalaj\u0105ca widzom zobaczy\u0107 zar\u00f3wno morderc\u0119, jak i cz\u0142owieka niewinnego, lecz z\u0142amanego metodami stosowanymi podczas \u015bledztwa. Brak jednoznacznej odpowiedzi na pytanie o win\u0119 jest jeszcze silniejszy w przypadku odbiorc\u00f3w, kt\u00f3rzy nie znaj\u0105 historii \u201eWampira z Zag\u0142\u0119bia\u201d.<\/p>\n<p><strong>MK:&nbsp;<\/strong>Z jednej strony otrzymujemy zatem silnie zakorzenion\u0105 w realiach polskiego PRL-u histori\u0119, z drugiej \u2013 mamy uniwersaln\u0105 opowie\u015b\u0107 o walce dobra ze z\u0142em docenian\u0105 przez odbiorc\u00f3w z innych kr\u0119g\u00f3w kulturowych, o czym \u015bwiadczy chocia\u017cby przyznana Panu ostatnio nagroda dla najlepszego re\u017cysera podczas Shanghai International Film Festival \u2013 jednego z najwi\u0119kszych festiwali filmowych w Azji Wschodniej. Jak zareagowali m\u0142odzi azjatyccy widzowie na film?<\/p>\n<p><strong>MP:&nbsp;<\/strong>W Szanghaju podczas festiwalu odby\u0142a si\u0119 mi\u0119dzynarodowa premiera naszego filmu. Obawia\u0142em si\u0119 reakcji widz\u00f3w. Polska historia tego okresu jest w\u0142a\u015bciwie zrozumia\u0142a tylko dla odbiorc\u00f3w z naszego kr\u0119gu kulturowego. Rozmawiaj\u0105c z tamtejszymi widzami, zrozumia\u0142em jednak, \u017ce t\u0142o historyczne nie odgrywa a\u017c tak znacz\u0105cej roli. Zainteresowa\u0142a ich przede wszystkim historia cz\u0142owieka zara\u017conego z\u0142em. Osi\u0105gn\u0105\u0142em zatem sw\u00f3j cel.<\/p>\n<p><strong>MK:&nbsp;<\/strong>Kto m\u00f3wi: jestem morderc\u0105?<\/p>\n<p><strong>MP:&nbsp;<\/strong>Tytu\u0142 dokumentu by\u0142 cytatem z wypowiedzi Zdzis\u0142awa Marchwickiego, kt\u00f3ry na sali sadowej pod koniec procesu powiedzia\u0142 : \u201eZ tego, co si\u0119 tutaj dowiedzia\u0142em, jestem morderc\u0105\u2026\u201d. Ten rodzaj niedopowiedzenia by\u0142 dla mnie niezwykle istotny. W tytule zrealizowanego kilkana\u015bcie lat p\u00f3\u017aniej filmu fabularnego nie ma ju\u017c tej niepewno\u015bci i wielokropka po ostatnim wyrazie. Kto inny jest morderc\u0105. Ale by si\u0119 o tym przekona\u0107, trzeba zobaczy\u0107 film.<\/p>\n<p><strong>MK:&nbsp;<\/strong>Dzi\u0119kuj\u0119 za rozmow\u0119.<\/p>\n<hr \/>\n<p>[1] Bracia Jan oraz Zdzis\u0142aw Marchwiccy zostali skazani na kar\u0119 \u015bmierci za udzia\u0142 w morderstwach kobiet. Trzeci z braci Henryk zosta\u0142 skazany na kar\u0119 25 lat pozbawienia wolno\u015bci. Ich siostr\u0119 Halin\u0119 Flak oraz jej syna Zdzis\u0142awa Flaka skazano na 4 lata wi\u0119zienia.&nbsp;<\/p>\n<hr \/>\n<p><strong>Dr hab. Maciej Pieprzyca<\/strong> \u2013 re\u017cyser filmowy, scenarzysta, pisarz. Studiowa\u0142 dziennikarstwo na Uniwersytecie \u015al\u0105skim w Katowicach, scenariusze w Szkole Filmowej w \u0141odzi i re\u017cyseri\u0119 na Wydziale Radia i Telewizji im. Krzysztofa Kie\u015blowskiego Uniwersytetu \u015al\u0105skiego w Katowicach.<\/p>\n<p>Scenarzysta i re\u017cyser film\u00f3w fabularnych: \u201eJestem morderc\u0105&#8221;, \u201eChce si\u0119 \u017cy\u0107\u201d, \u201eDrzazgi\u201d, \u201eBarb\u00f3rka\u201d oraz \u201eInferno\u201d. Autor nagradzanych spektakli Teatru Telewizji TVP, takich jak: \u201eFryzjer\u201d, \u201ePadnij\u201d, \u201eRodzinny Show\u201d czy \u201eKomu wierzycie\u201d oraz film\u00f3w dokumentalnych: \u201eJestem morderc\u0105&#8230;\u201d, \u201ePrzez nokaut\u201d, \u201eInna\u201d. W 2013 wyda\u0142 powie\u015b\u0107 pt. \u201eChce si\u0119 \u017cy\u0107\u201d. Jest pracownikiem Zak\u0142adu&nbsp;Re\u017cyserii Telewizyjno-Filmowej na Wydziale Radia i Telewizji im. Krzysztofa Kie\u015blowskiego Uniwersytetu \u015al\u0105skiego.<\/p>\n","protected":false},"excerpt":{"rendered":"<p class=\"rteright\" style=\"font-size: small\"><a href=\"http:\/\/www.us.edu.pl\/nauka-2\">Artyku\u0142y z cyklu \u201eNauka i sztuka\u201d<\/a><\/p>\n<p> [&#8230;]<\/p>\n<p><a class=\"btn btn-secondary understrap-read-more-link\" href=\"https:\/\/us.edu.pl\/en\/synonim-zla-rozmowa-z-dr-hab-maciejem-pieprzyca-rezyserem-filmu-jestem-morderca\/\">Read More&#8230;<\/a><\/p>\n","protected":false},"author":1,"featured_media":0,"comment_status":"open","ping_status":"open","sticky":false,"template":"","format":"standard","meta":{"_expiration-date-status":"","_expiration-date":0,"_expiration-date-type":"","_expiration-date-categories":[],"_expiration-date-options":[]},"categories":[24],"tags":[],"acf":[],"_links":{"self":[{"href":"https:\/\/us.edu.pl\/en\/wp-json\/wp\/v2\/posts\/110215"}],"collection":[{"href":"https:\/\/us.edu.pl\/en\/wp-json\/wp\/v2\/posts"}],"about":[{"href":"https:\/\/us.edu.pl\/en\/wp-json\/wp\/v2\/types\/post"}],"author":[{"embeddable":true,"href":"https:\/\/us.edu.pl\/en\/wp-json\/wp\/v2\/users\/1"}],"replies":[{"embeddable":true,"href":"https:\/\/us.edu.pl\/en\/wp-json\/wp\/v2\/comments?post=110215"}],"version-history":[{"count":0,"href":"https:\/\/us.edu.pl\/en\/wp-json\/wp\/v2\/posts\/110215\/revisions"}],"wp:attachment":[{"href":"https:\/\/us.edu.pl\/en\/wp-json\/wp\/v2\/media?parent=110215"}],"wp:term":[{"taxonomy":"category","embeddable":true,"href":"https:\/\/us.edu.pl\/en\/wp-json\/wp\/v2\/categories?post=110215"},{"taxonomy":"post_tag","embeddable":true,"href":"https:\/\/us.edu.pl\/en\/wp-json\/wp\/v2\/tags?post=110215"}],"curies":[{"name":"wp","href":"https:\/\/api.w.org\/{rel}","templated":true}]}}