{"id":110256,"date":"2017-06-23T16:35:09","date_gmt":"2017-06-23T15:35:09","guid":{"rendered":"https:\/\/us.edu.pl\/rektor-uniwersytetu-slaskiego-czlonkiem-rady-naukowej-parku-slaskiego\/"},"modified":"2019-11-05T11:18:24","modified_gmt":"2019-11-05T10:18:24","slug":"rektor-uniwersytetu-slaskiego-czlonkiem-rady-naukowej-parku-slaskiego","status":"publish","type":"post","link":"https:\/\/us.edu.pl\/en\/rektor-uniwersytetu-slaskiego-czlonkiem-rady-naukowej-parku-slaskiego\/","title":{"rendered":"Rektor Uniwersytetu \u015al\u0105skiego cz\u0142onkiem Rady Naukowej Parku \u015al\u0105skiego"},"content":{"rendered":"<p>23 czerwca 2017 roku powo\u0142ano Rad\u0119 Naukow\u0105 <a href=\"http:\/\/parkslaski.pl\/\">Parku \u015al\u0105skiego<\/a>. Jej sk\u0142ad tworz\u0105 rektorzy siedmiu szk\u00f3\u0142 wy\u017cszych z wojew\u00f3dztwa \u015bl\u0105skiego. Cz\u0142onkiem Rady zosta\u0142 <a href=\"http:\/\/pracownik.us.edu.pl\/us-addressbook\/emp\/12672\">prof. dr hab. Andrzej Kowalczyk<\/a> \u2013 rektor Uniwersytetu \u015al\u0105skiego.<\/p>\n<p>Wsp\u00f3\u0142praca ma u\u0142atwi\u0107 dzia\u0142ania zwi\u0105zane z rewitalizacj\u0105 najwi\u0119kszego parku miejskiego w Polsce. Rada b\u0119dzie doradza\u0107 jego w\u0142adzom zar\u00f3wno w strategicznych planach rozwojowych, jak i szczeg\u00f3\u0142owych projektach, np. tworzeniu rozwi\u0105za\u0144 komunikacyjnych czy nadaniu nowych funkcji zmodernizowanym przestrzeniom i obiektom Parku.<\/p>\n<p>W sk\u0142ad Rady Naukowej Parku \u015al\u0105skiego weszli rektorzy: Akademii Muzycznej, Akademii Sztuk Pi\u0119knych, Akademii Wychowania Fizycznego w Katowicach, Politechniki \u015al\u0105skiej, \u015al\u0105skiego Uniwersytetu Medycznego, Uniwersytetu Ekonomicznego w Katowicach i Uniwersytetu \u015al\u0105skiego.<\/p>\n<p class=\"rtecenter\"><img alt=\"Cz\u0142onkowie Rady Naukowej Parku \u015al\u0105skiego \" src=\"https:\/\/us.edu.pl\/wp-content\/uploads\/imported_files\/1d55601c4d113365273421b8bc859081_img_6946_materialy_park_slaski.jpg\" style=\"width: 100%;\" \/><\/p>\n<p class=\"rtecenter\" style=\"font-size: small\">Fot. archiwum Parku \u015al\u0105skiego&nbsp;<\/p>\n<p>Przejm\u0105 oni kompetencje Konwentu ds. Parku \u015al\u0105skiego, kt\u00f3rego praca przyczyni\u0142a si\u0119 do zaanga\u017cowania w modernizacj\u0119 ogrodu wielu \u015brodowisk oraz stworzenia ramowego \u201ePlanu wsparcia i zarz\u0105dzania rozwojem Parku \u015al\u0105skiego\u201d. Praca nad ostatecznym kszta\u0142tem i szczeg\u00f3\u0142owym zakresem zawartych w nim projekt\u00f3w kontynuowana b\u0119dzie przy udziale interdyscyplinarnego zespo\u0142u naukowego. Przez najbli\u017csze trzy lata Radzie Naukowej Parku \u015al\u0105skiego przewodniczy\u0107 b\u0119dzie Uniwersytet Ekonomiczny.<\/p>\n<p>W pierwszym posiedzeniu Rady uczestniczyli: prof. Robert Tomanek \u2013 rektor Uniwersytetu Ekonomicznego, prof. Antoni Cygan \u2013 rektor Akademii Muzycznej, prof. Arkadiusz M\u0119\u017cyk \u2013 rektor Politechniki \u015al\u0105skiej,<a href=\"http:\/\/pracownik.us.edu.pl\/us-addressbook\/emp\/12672\"> prof. Andrzej Kowalczyk<\/a> \u2013 rektor Uniwersytetu \u015al\u0105skiego, prof. W\u0142adys\u0142aw Szyma\u0144ski \u2013 rektor Akademii Muzycznej, prof. Grzegorz Juras \u2013 prorektor ds. rozwoju i sportu Akademii Wychowania Fizycznego (w imieniu rektora prof. Adama Zaj\u0105ca) oraz prof. Stanis\u0142aw Boryczka \u2013 prorektor ds. kszta\u0142cenia podyplomowego i ustawicznego \u015al\u0105skiego Uniwersytetu Medycznego (w imieniu rektora prof. Przemys\u0142awa Ja\u0142owieckiego).<\/p>\n<p>Jednym z pierwszych organ\u00f3w doradczych chorzowskiego Parku \u015al\u0105skiego by\u0142a powo\u0142ana roku temu Rada ds. R\u00f3\u017cnorodno\u015bci Biologicznej. W jej sk\u0142ad wchodz\u0105 mi\u0119dzy innymi naukowcy z Wydzia\u0142u Biologii i Ochrony \u015arodowiska Uniwersytetu \u015al\u0105skiego.&nbsp;<\/p>\n","protected":false},"excerpt":{"rendered":"<p>23 czerwca 2017 roku powo\u0142ano Rad\u0119 Naukow\u0105 <a href=\"http:\/\/parkslaski.pl\/\">Parku \u015al\u0105skiego<\/a>. Jej sk\u0142ad tworz\u0105 rektorzy siedmiu szk\u00f3\u0142 wy\u017cszych z wojew\u00f3dztwa \u015bl\u0105skiego. Cz\u0142onkiem Rady zosta\u0142 <a href=\"http:\/\/pracownik.us.edu.pl\/us-addressbook\/emp\/12672\">prof. dr hab. Andrzej Kowalczyk<\/a> \u2013 rektor Uniwersytetu \u015al\u0105skiego.<\/p>\n<p> [&#8230;]<\/p>\n<p><a class=\"btn btn-secondary understrap-read-more-link\" href=\"https:\/\/us.edu.pl\/en\/rektor-uniwersytetu-slaskiego-czlonkiem-rady-naukowej-parku-slaskiego\/\">Read More&#8230;<\/a><\/p>\n","protected":false},"author":1,"featured_media":0,"comment_status":"open","ping_status":"open","sticky":false,"template":"","format":"standard","meta":{"_expiration-date-status":"","_expiration-date":0,"_expiration-date-type":"","_expiration-date-categories":[],"_expiration-date-options":[]},"categories":[24],"tags":[],"acf":[],"_links":{"self":[{"href":"https:\/\/us.edu.pl\/en\/wp-json\/wp\/v2\/posts\/110256"}],"collection":[{"href":"https:\/\/us.edu.pl\/en\/wp-json\/wp\/v2\/posts"}],"about":[{"href":"https:\/\/us.edu.pl\/en\/wp-json\/wp\/v2\/types\/post"}],"author":[{"embeddable":true,"href":"https:\/\/us.edu.pl\/en\/wp-json\/wp\/v2\/users\/1"}],"replies":[{"embeddable":true,"href":"https:\/\/us.edu.pl\/en\/wp-json\/wp\/v2\/comments?post=110256"}],"version-history":[{"count":0,"href":"https:\/\/us.edu.pl\/en\/wp-json\/wp\/v2\/posts\/110256\/revisions"}],"wp:attachment":[{"href":"https:\/\/us.edu.pl\/en\/wp-json\/wp\/v2\/media?parent=110256"}],"wp:term":[{"taxonomy":"category","embeddable":true,"href":"https:\/\/us.edu.pl\/en\/wp-json\/wp\/v2\/categories?post=110256"},{"taxonomy":"post_tag","embeddable":true,"href":"https:\/\/us.edu.pl\/en\/wp-json\/wp\/v2\/tags?post=110256"}],"curies":[{"name":"wp","href":"https:\/\/api.w.org\/{rel}","templated":true}]}}