{"id":110273,"date":"2017-06-19T08:57:02","date_gmt":"2017-06-19T07:57:02","guid":{"rendered":"https:\/\/us.edu.pl\/wyklad-w-ramach-wszechnicy-polskiej-akademii-umiejetnosci-3\/"},"modified":"2019-11-05T11:18:25","modified_gmt":"2019-11-05T10:18:25","slug":"wyklad-w-ramach-wszechnicy-polskiej-akademii-umiejetnosci-3","status":"publish","type":"post","link":"https:\/\/us.edu.pl\/en\/wyklad-w-ramach-wszechnicy-polskiej-akademii-umiejetnosci-3\/","title":{"rendered":"Wyk\u0142ad w ramach Wszechnicy Polskiej Akademii Umiej\u0119tno\u015bci"},"content":{"rendered":"<p>Polska Akademia Umiej\u0119tno\u015bci \u2013 Stacja Naukowa w Katowicach oraz Biblioteka \u015al\u0105ska organizuj\u0105 kolejne spotkanie w ramach Wszechnicy Polskiej Akademii Umiej\u0119tno\u015bci, kt\u00f3rego go\u015bciem b\u0119dzie historyk i publicysta, kierownik Zak\u0142adu Historii Gospodarczej i Politologii Uniwersytetu Ekonomicznego w Katowicach dr Zdzis\u0142aw Janeczek. Prelegent wyg\u0142osi wyk\u0142ad pt. \u201eSpo\u0142eczno-patriotyczna i wojskowa dzia\u0142alno\u015b\u0107 rodu Potockich herbu Pilawa\u201d.<\/p>\n<p>Prelekcja odb\u0119dzie si\u0119 20 czerwca 2017 roku o godz. 17.00 w Bibliotece \u015al\u0105skiej. Spotkanie poprowadzi <a href=\"http:\/\/pracownik.us.edu.pl\/us-addressbook\/emp\/31162\">dr hab. Zygmunt Wo\u017aniczka<\/a> z Zak\u0142adu Teorii i Historii Kultury <a href=\"http:\/\/www.fil.us.edu.pl\">Wydzia\u0142u Filologicznego<\/a> U\u015a.<\/p>\n<p><a href=\"https:\/\/us.edu.pl\/wp-content\/uploads\/imported_files\/cae82ea83636f1ab891de16c8767b8ea_wszechnica_janeczekz_zaproszenie.pdf\" class=\"mtli_attachment mtli_pdf\" data-mtli=\"mtli_filesize258MB\">Zaproszenie<\/a> (pdf)&nbsp;<\/p>\n<p class=\"rtecenter\"><img alt=\"Plakat promuj\u0105cy spotkanie wszevchnicy PAU ze zdj\u0119ciem dr. Zdzis\u0142awa Janeczka i jego biogramem\" src=\"https:\/\/us.edu.pl\/wp-content\/uploads\/imported_files\/41f38f43c398b658004017b7b34564f5_wszechnica_janeczekz_plakat.jpg\" style=\"width: 500px; height: 353px;\" \/><\/p>\n<style type=\"text\/css\">a[data-mtli~=\"mtli_filesize258MB\"]:after {content:\" (2.58 MB)\"}<\/style>","protected":false},"excerpt":{"rendered":"<p>Polska Akademia Umiej\u0119tno\u015bci \u2013 Stacja Naukowa w Katowicach oraz Biblioteka \u015al\u0105ska organizuj\u0105 kolejne spotkanie w ramach Wszechnicy Polskiej Akademii Umiej\u0119tno\u015bci, kt\u00f3rego go\u015bciem b\u0119dzie historyk i publicysta, kierownik Zak\u0142adu Historii Gospodarczej i Politologii Uniwersytetu Ekonomicznego w Katowicach dr Zdzis\u0142aw Janeczek. Prelegent wyg\u0142osi wyk\u0142ad pt. \u201eSpo\u0142eczno-patriotyczna i wojskowa dzia\u0142alno\u015b\u0107 rodu Potockich herbu Pilawa\u201d.<\/p>\n<p> [&#8230;]<\/p>\n<p><a class=\"btn btn-secondary understrap-read-more-link\" href=\"https:\/\/us.edu.pl\/en\/wyklad-w-ramach-wszechnicy-polskiej-akademii-umiejetnosci-3\/\">Read More&#8230;<\/a><\/p>\n","protected":false},"author":1,"featured_media":0,"comment_status":"open","ping_status":"open","sticky":false,"template":"","format":"standard","meta":{"_expiration-date-status":"","_expiration-date":0,"_expiration-date-type":"","_expiration-date-categories":[],"_expiration-date-options":[]},"categories":[24],"tags":[],"acf":[],"_links":{"self":[{"href":"https:\/\/us.edu.pl\/en\/wp-json\/wp\/v2\/posts\/110273"}],"collection":[{"href":"https:\/\/us.edu.pl\/en\/wp-json\/wp\/v2\/posts"}],"about":[{"href":"https:\/\/us.edu.pl\/en\/wp-json\/wp\/v2\/types\/post"}],"author":[{"embeddable":true,"href":"https:\/\/us.edu.pl\/en\/wp-json\/wp\/v2\/users\/1"}],"replies":[{"embeddable":true,"href":"https:\/\/us.edu.pl\/en\/wp-json\/wp\/v2\/comments?post=110273"}],"version-history":[{"count":0,"href":"https:\/\/us.edu.pl\/en\/wp-json\/wp\/v2\/posts\/110273\/revisions"}],"wp:attachment":[{"href":"https:\/\/us.edu.pl\/en\/wp-json\/wp\/v2\/media?parent=110273"}],"wp:term":[{"taxonomy":"category","embeddable":true,"href":"https:\/\/us.edu.pl\/en\/wp-json\/wp\/v2\/categories?post=110273"},{"taxonomy":"post_tag","embeddable":true,"href":"https:\/\/us.edu.pl\/en\/wp-json\/wp\/v2\/tags?post=110273"}],"curies":[{"name":"wp","href":"https:\/\/api.w.org\/{rel}","templated":true}]}}