{"id":110289,"date":"2017-06-07T16:54:07","date_gmt":"2017-06-07T15:54:07","guid":{"rendered":"https:\/\/us.edu.pl\/49-lat-uniwersytetu-slaskiego\/"},"modified":"2019-11-05T11:11:14","modified_gmt":"2019-11-05T10:11:14","slug":"49-lat-uniwersytetu-slaskiego","status":"publish","type":"post","link":"https:\/\/us.edu.pl\/en\/49-lat-uniwersytetu-slaskiego\/","title":{"rendered":"49 lat Uniwersytetu \u015al\u0105skiego"},"content":{"rendered":"<p>8 czerwca 1968 roku rozporz\u0105dzeniem Rady Ministr\u00f3w zosta\u0142 utworzony Uniwersytet \u015al\u0105ski w Katowicach. Powsta\u0142 z po\u0142\u0105czenia filii Uniwersytetu Jagiello\u0144skiego i Wy\u017cszej Szko\u0142y Pedagogicznej w Katowicach jako dziewi\u0105ty uniwersytet w Polsce.<\/p>\n<p>Rocznic\u0119 utworzenia uczelnia obchodzi tradycyjnie koncertem akademickim organizowanym ju\u017c po raz dwudziesty pierwszy z okazji \u015bwi\u0119ta uniwersytetu. Uroczysty koncert odb\u0119dzie si\u0119 w sobot\u0119 10 czerwca o godz. 17.00 w sali koncertowej Akademii Muzycznej im. Karola Szymanowskiego w Katowicach.<\/p>\n<p>Z okazji 49. urodzin uczelni zorganizowana zosta\u0142a r\u00f3wnie\u017c wystawa zatytu\u0142owana \u201eGrafika z Cieszyna\u201d, kt\u00f3rej kuratorem jest prof. dr hab. J\u00f3zef Knopek. Ekspozycja prezentuj\u0105ca dorobek artystyczny student\u00f3w, absolwent\u00f3w i pracownik\u00f3w Wydzia\u0142u Artystycznego zainauguruje dzia\u0142alno\u015b\u0107 Strefy Sztuki utworzonej&nbsp;w rektoracie Uniwersytetu \u015al\u0105skiego. Wernisa\u017c rozpocznie si\u0119 8 czerwca 2017 r. o godz. 12.00.<\/p>\n<p>\u015awi\u0119to uczelni to tak\u017ce okazja do wspomnie\u0144. Na pocz\u0105tku dzia\u0142alno\u015bci Uniwersytet \u015al\u0105ski liczy\u0142 niemal 6 000 student\u00f3w (na studiach dziennych, wieczorowych i zaocznych). Od tamtej pory dynamicznie si\u0119 rozwija, stawiaj\u0105c na ide\u0119 uczenia si\u0119 przez ca\u0142e \u017cycie i innowacyjne interdyscyplinarne kszta\u0142cenie ukierunkowane na potrzeby student\u00f3w oraz wykorzystuj\u0105ce najnowsze technologie i sposoby nauczania. Obecnie kszta\u0142ci prawie 25 000 student\u00f3w i doktorant\u00f3w, a od pocz\u0105tku istnienia uczelni jej mury opu\u015bci\u0142o prawie 250 000 absolwent\u00f3w.<\/p>\n<p><img alt=\"Zdj\u0119cie archiwalne - grupa ludzi z planszami tworz\u0105cymi napis Uniwersytet \u015al\u0105ski \" src=\"https:\/\/us.edu.pl\/wp-content\/uploads\/imported_files\/43a979e95d8bee7140d2a3b4783d82e5_1975_1_maja_archiwum_us.jpg\" style=\"width: 100%;\" \/><\/p>\n<p>Rozpoczynaj\u0105c dzia\u0142alno\u015b\u0107&nbsp;Uniwersytet \u015al\u0105ski kszta\u0142ci\u0142 student\u00f3w na czterech wydzia\u0142ach, dzi\u015b jest ich dwana\u015bcie \u2013 rozmieszczonych w czterech miastach: Katowicach, Cieszynie, Chorzowie i Sosnowcu. Oferuje obecnie studia na 75 kierunkach oraz 228 specjalno\u015bciach i jest jedn\u0105 z najwi\u0119kszych jednostek edukacyjnych na \u015al\u0105sku.<\/p>\n<p>Innowacyjne rozwi\u0105zania i nowe metody badawcze wypracowane na uczelni otwieraj\u0105 mo\u017cliwo\u015b\u0107 nawi\u0105zywania wsp\u00f3\u0142pracy \u015brodowiska akademickiego ze \u015brodowiskiem samorz\u0105dowym i biznesowym. Wysoki poziom bada\u0144 naukowych i jako\u015bci kszta\u0142cenia potwierdzaj\u0105 m.in. kategorie przyznane przez Ministra Nauki i Szkolnictwa Wy\u017cszego w ostatniej ocenie parametrycznej jednostek naukowych oraz przyznanie Centrum Studi\u00f3w Polarnych, kt\u00f3rego jednostk\u0105 wiod\u0105c\u0105&nbsp;jest Wydzia\u0142 Nauk o Ziemi, statusu Krajowego Naukowego O\u015brodka Wiod\u0105cego KNOW. W tym roku uczelnia uzyska\u0142a r\u00f3wnie\u017c zgod\u0119 na korzystanie z logo Komisji Europejskiej \u201eHR Excellence in Research\u201d, tym samym znalaz\u0142a si\u0119 w gronie ponad 40 instytucji w Polsce zapewniaj\u0105cych badaczom najlepsze warunki pracy i rozwoju.&nbsp;<\/p>\n<p>&nbsp;<\/p>\n<div style=\"position:relative;height:0;padding-bottom:56.25%\"><iframe loading=\"lazy\" allowfullscreen=\"\" frameborder=\"0\" height=\"360\" src=\"https:\/\/www.youtube.com\/embed\/nv1iWZJSrVM?ecver=2\" style=\"position:absolute;width:100%;height:100%;left:0\" width=\"640\"><\/iframe><\/div>\n","protected":false},"excerpt":{"rendered":"<p>8 czerwca 1968 roku rozporz\u0105dzeniem Rady Ministr\u00f3w zosta\u0142 utworzony Uniwersytet \u015al\u0105ski w Katowicach. Powsta\u0142 z po\u0142\u0105czenia filii Uniwersytetu Jagiello\u0144skiego i Wy\u017cszej Szko\u0142y Pedagogicznej w Katowicach jako dziewi\u0105ty uniwersytet w Polsce.<\/p>\n<p>Rocznic\u0119 utworzenia uczelnia obchodzi tradycyjnie koncertem akademickim organizowanym ju\u017c po raz dwudziesty pierwszy z okazji \u015bwi\u0119ta uniwersytetu. Uroczysty koncert odb\u0119dzie si\u0119 w sobot\u0119 10 czerwca o godz. 17.00 w sali koncertowej Akademii Muzycznej im. Karola Szymanowskiego w Katowicach.<\/p>\n<p> [&#8230;]<\/p>\n<p><a class=\"btn btn-secondary understrap-read-more-link\" href=\"https:\/\/us.edu.pl\/en\/49-lat-uniwersytetu-slaskiego\/\">Read More&#8230;<\/a><\/p>\n","protected":false},"author":1,"featured_media":0,"comment_status":"open","ping_status":"open","sticky":false,"template":"","format":"standard","meta":{"_expiration-date-status":"","_expiration-date":0,"_expiration-date-type":"","_expiration-date-categories":[],"_expiration-date-options":[]},"categories":[24],"tags":[],"acf":[],"_links":{"self":[{"href":"https:\/\/us.edu.pl\/en\/wp-json\/wp\/v2\/posts\/110289"}],"collection":[{"href":"https:\/\/us.edu.pl\/en\/wp-json\/wp\/v2\/posts"}],"about":[{"href":"https:\/\/us.edu.pl\/en\/wp-json\/wp\/v2\/types\/post"}],"author":[{"embeddable":true,"href":"https:\/\/us.edu.pl\/en\/wp-json\/wp\/v2\/users\/1"}],"replies":[{"embeddable":true,"href":"https:\/\/us.edu.pl\/en\/wp-json\/wp\/v2\/comments?post=110289"}],"version-history":[{"count":0,"href":"https:\/\/us.edu.pl\/en\/wp-json\/wp\/v2\/posts\/110289\/revisions"}],"wp:attachment":[{"href":"https:\/\/us.edu.pl\/en\/wp-json\/wp\/v2\/media?parent=110289"}],"wp:term":[{"taxonomy":"category","embeddable":true,"href":"https:\/\/us.edu.pl\/en\/wp-json\/wp\/v2\/categories?post=110289"},{"taxonomy":"post_tag","embeddable":true,"href":"https:\/\/us.edu.pl\/en\/wp-json\/wp\/v2\/tags?post=110289"}],"curies":[{"name":"wp","href":"https:\/\/api.w.org\/{rel}","templated":true}]}}