{"id":110356,"date":"2017-05-05T11:45:08","date_gmt":"2017-05-05T10:45:08","guid":{"rendered":"https:\/\/us.edu.pl\/wyklad-dr-hab-zygmunta-wozniczki-w-ramach-cyklu-czwartek-z-historia\/"},"modified":"2019-11-05T11:18:31","modified_gmt":"2019-11-05T10:18:31","slug":"wyklad-dr-hab-zygmunta-wozniczki-w-ramach-cyklu-czwartek-z-historia","status":"publish","type":"post","link":"https:\/\/us.edu.pl\/en\/wyklad-dr-hab-zygmunta-wozniczki-w-ramach-cyklu-czwartek-z-historia\/","title":{"rendered":"Wyk\u0142ad dr. hab. Zygmunta Wo\u017aniczki w ramach cyklu \u201eCzwartek z histori\u0105\u201d"},"content":{"rendered":"<p><a href=\"http:\/\/pracownik.us.edu.pl\/us-addressbook\/emp\/31162\">Dr hab. Zygmunt Wo\u017aniczka<\/a> z <a href=\"http:\/\/www.thk.us.edu.pl\/\">Zak\u0142adu Teorii i Historii Kultury<\/a> Uniwersytetu \u015al\u0105skiego b\u0119dzie go\u015bciem spotkania \u201eCzwartek z histori\u0105\u201d organizowanego w Centrum Edukacyjnym Instytutu Pami\u0119ci Narodowej w Katowicach im. Henryka S\u0142awika \u2013 \u201ePrzystanek Historia\u201d. Podczas spotkania, kt\u00f3re rozpocznie si\u0119 11 maja 2017 roku o godz. 17.00, dr hab. Zygmunt Wo\u017aniczka wyg\u0142osi wyk\u0142ad pt. \u201eDzie\u0144 powszechny mieszka\u0144c\u00f3w Stalinogrodu \u2013 wybrane aspekty\u201d.<\/p>\n<p>Spotkanie organizowane jest w ramach projektu \u201eBy\u0142em mieszka\u0144cem miasta Stalina\u201d (\u201eI was citizen of Stalin Town\u201d) koordynowanego przez katowicki oddzia\u0142 IPN oraz Instytucj\u0119 Kultury \u201eMiasto Ogrod\u00f3w\u201d.<br \/>\n&nbsp;<\/p>\n<p class=\"rtecenter\"><img alt=\"Plakat spotkania &quot;Czwartek z histori\u0105&quot; \u2013 zdj\u0119cie archiwalne wykonane w Katowicach\" src=\"https:\/\/us.edu.pl\/wp-content\/uploads\/imported_files\/d40ff35c16778f0b1d335ece977e0d2e_dzien_powszechny_mieszkancow_stalinogrodu_small.jpg\" style=\"width: 100%\" \/><\/p>\n","protected":false},"excerpt":{"rendered":"<p><a href=\"http:\/\/pracownik.us.edu.pl\/us-addressbook\/emp\/31162\">Dr hab. Zygmunt Wo\u017aniczka<\/a> z <a href=\"http:\/\/www.thk.us.edu.pl\/\">Zak\u0142adu Teorii i Historii Kultury<\/a> Uniwersytetu \u015al\u0105skiego b\u0119dzie go\u015bciem spotkania \u201eCzwartek z histori\u0105\u201d organizowanego w Centrum Edukacyjnym Instytutu Pami\u0119ci Narodowej w Katowicach im. Henryka S\u0142awika \u2013 \u201ePrzystanek Historia\u201d. Podczas spotkania, kt\u00f3re rozpocznie si\u0119 11 maja 2017 roku o godz. 17.00, dr hab. Zygmunt Wo\u017aniczka wyg\u0142osi wyk\u0142ad pt. \u201eDzie\u0144 powszechny mieszka\u0144c\u00f3w Stalinogrodu \u2013 wybrane aspekty\u201d.<\/p>\n<p> [&#8230;]<\/p>\n<p><a class=\"btn btn-secondary understrap-read-more-link\" href=\"https:\/\/us.edu.pl\/en\/wyklad-dr-hab-zygmunta-wozniczki-w-ramach-cyklu-czwartek-z-historia\/\">Read More&#8230;<\/a><\/p>\n","protected":false},"author":1,"featured_media":0,"comment_status":"open","ping_status":"open","sticky":false,"template":"","format":"standard","meta":{"_expiration-date-status":"","_expiration-date":0,"_expiration-date-type":"","_expiration-date-categories":[],"_expiration-date-options":[]},"categories":[24],"tags":[],"acf":[],"_links":{"self":[{"href":"https:\/\/us.edu.pl\/en\/wp-json\/wp\/v2\/posts\/110356"}],"collection":[{"href":"https:\/\/us.edu.pl\/en\/wp-json\/wp\/v2\/posts"}],"about":[{"href":"https:\/\/us.edu.pl\/en\/wp-json\/wp\/v2\/types\/post"}],"author":[{"embeddable":true,"href":"https:\/\/us.edu.pl\/en\/wp-json\/wp\/v2\/users\/1"}],"replies":[{"embeddable":true,"href":"https:\/\/us.edu.pl\/en\/wp-json\/wp\/v2\/comments?post=110356"}],"version-history":[{"count":0,"href":"https:\/\/us.edu.pl\/en\/wp-json\/wp\/v2\/posts\/110356\/revisions"}],"wp:attachment":[{"href":"https:\/\/us.edu.pl\/en\/wp-json\/wp\/v2\/media?parent=110356"}],"wp:term":[{"taxonomy":"category","embeddable":true,"href":"https:\/\/us.edu.pl\/en\/wp-json\/wp\/v2\/categories?post=110356"},{"taxonomy":"post_tag","embeddable":true,"href":"https:\/\/us.edu.pl\/en\/wp-json\/wp\/v2\/tags?post=110356"}],"curies":[{"name":"wp","href":"https:\/\/api.w.org\/{rel}","templated":true}]}}