{"id":110538,"date":"2017-04-13T10:41:48","date_gmt":"2017-04-13T09:41:48","guid":{"rendered":"https:\/\/us.edu.pl\/seminarium-pt-przestrzenie-humanistyki-cyfrowej-korpusy-diachroniczne-polszczyzny\/"},"modified":"2019-11-05T11:18:37","modified_gmt":"2019-11-05T10:18:37","slug":"seminarium-pt-przestrzenie-humanistyki-cyfrowej-korpusy-diachroniczne-polszczyzny","status":"publish","type":"post","link":"https:\/\/us.edu.pl\/en\/seminarium-pt-przestrzenie-humanistyki-cyfrowej-korpusy-diachroniczne-polszczyzny\/","title":{"rendered":"Seminarium pt. \u201ePrzestrzenie humanistyki cyfrowej \u2013 korpusy diachroniczne polszczyzny\u201d"},"content":{"rendered":"<p abp=\"2661\">24 i 25 kwietnia 2017 roku w<a abp=\"2662\" href=\"http:\/\/www.ciniba.edu.pl\"> Centrum Informacji Naukowej i Bibliotece Akademickiej<\/a> odbywa\u0107 si\u0119 b\u0119dzie seminarium pt. \u201ePrzestrzenie humanistyki cyfrowej \u2013 korpusy diachroniczne polszczyzny\u201d, kt\u00f3re organizowane jest przez Instytut J\u0119zyka Polskiego U\u015a przy wsp\u00f3\u0142pracy z Instytutem Slawistyki na Uniwersytecie Jana Gutenberga w Moguncji.<\/p>\n<p abp=\"2663\">G\u0142\u00f3wnym celem spotkania jest wypracowanie zasad wsp\u00f3\u0142pracy pomi\u0119dzy historykami j\u0119zyka a lingwistami korpusowymi oraz specjalistami w dziedzinie wykorzystania technologii cyfrowych w humanistyce (Digital Humanities). Organizatorom zale\u017cy na tym, aby wszelkie dzia\u0142ania zmierzaj\u0105ce do jak najpe\u0142niejszego wykorzystania korpus\u00f3w ju\u017c istniej\u0105cych lub stworzenia nowych odbywa\u0142y si\u0119 w porozumieniu z szerokim gronem zainteresowanych badaczy.<\/p>\n<p abp=\"2664\">W\u015br\u00f3d uczestnik\u00f3w seminarium znajd\u0105 si\u0119 przedstawiciele wielu polskich i niemieckich o\u015brodk\u00f3w badawczych: Instytutu J\u0119zyka Polskiego PAN, Uniwersytetu Miko\u0142aja Kopernika w Toruniu, Uniwersytetu w Salzburgu, Uniwersytetu Humboldt\u00f3w w Berlinie, Uniwersytetu im.&nbsp;Adama Mickiewicza w Poznaniu, Uniwersytetu Warszawskiego, Uniwersytetu w Zurychu, Uniwersytetu Jana Gutenberga w Moguncji oraz Uniwersytetu \u015al\u0105skiego w Katowicach.<\/p>\n<p abp=\"2665\">W ramach seminarium zaplanowano tak\u017ce warsztaty, kt\u00f3re poprowadz\u0105 przedstawiciele konsorcjum naukowego CLARIN_PL \u2013 dr Maciej Piasecki i dr Marcin Oleksy.<\/p>\n<p abp=\"2666\">&nbsp;<\/p>\n<p abp=\"2668\"><a abp=\"2669\" href=\"https:\/\/us.edu.pl\/wp-content\/uploads\/imported_files\/324207438e0ddb7c2ced5a78cef2e6b1_program_korpusy1.jpg\">Szczeg\u00f3\u0142owy program seminarium \u2013 cz\u0119\u015b\u0107 pierwsza<\/a> (pdf)<br abp=\"2670\" \/><br \/>\n<a abp=\"2671\" href=\"https:\/\/us.edu.pl\/wp-content\/uploads\/imported_files\/5e84c9523be00078f6bd4697c07ee7b6_program_korpusy2.jpg\">Szczeg\u00f3\u0142owy program seminarium \u2013 cz\u0119\u015b\u0107 druga<\/a> (pdf)<br abp=\"2672\" \/><br \/>\n<a abp=\"2673\" href=\"https:\/\/us.edu.pl\/wp-content\/uploads\/imported_files\/8c4379b1347e1bc744bf04d0883950d9_warsztatykorpusy.jpg\">Szczeg\u00f3\u0142owe informacje dot. warsztat\u00f3w<\/a> (pdf)<\/p>\n<p abp=\"2674\" class=\"rtecenter\">&nbsp;<\/p>\n","protected":false},"excerpt":{"rendered":"<p abp=\"2661\">24 i 25 kwietnia 2017 roku w<a abp=\"2662\" href=\"http:\/\/www.ciniba.edu.pl\"> Centrum Informacji Naukowej i Bibliotece Akademickiej<\/a> odbywa\u0107 si\u0119 b\u0119dzie seminarium pt. \u201ePrzestrzenie humanistyki cyfrowej \u2013 korpusy diachroniczne polszczyzny\u201d, kt\u00f3re organizowane jest przez Instytut J\u0119zyka Polskiego U\u015a przy wsp\u00f3\u0142pracy z Instytutem Slawistyki na Uniwersytecie Jana Gutenberga w Moguncji.<\/p>\n<p> [&#8230;]<\/p>\n<p><a class=\"btn btn-secondary understrap-read-more-link\" href=\"https:\/\/us.edu.pl\/en\/seminarium-pt-przestrzenie-humanistyki-cyfrowej-korpusy-diachroniczne-polszczyzny\/\">Read More&#8230;<\/a><\/p>\n","protected":false},"author":1,"featured_media":0,"comment_status":"open","ping_status":"open","sticky":false,"template":"","format":"standard","meta":{"_expiration-date-status":"","_expiration-date":0,"_expiration-date-type":"","_expiration-date-categories":[],"_expiration-date-options":[]},"categories":[24],"tags":[],"acf":[],"_links":{"self":[{"href":"https:\/\/us.edu.pl\/en\/wp-json\/wp\/v2\/posts\/110538"}],"collection":[{"href":"https:\/\/us.edu.pl\/en\/wp-json\/wp\/v2\/posts"}],"about":[{"href":"https:\/\/us.edu.pl\/en\/wp-json\/wp\/v2\/types\/post"}],"author":[{"embeddable":true,"href":"https:\/\/us.edu.pl\/en\/wp-json\/wp\/v2\/users\/1"}],"replies":[{"embeddable":true,"href":"https:\/\/us.edu.pl\/en\/wp-json\/wp\/v2\/comments?post=110538"}],"version-history":[{"count":0,"href":"https:\/\/us.edu.pl\/en\/wp-json\/wp\/v2\/posts\/110538\/revisions"}],"wp:attachment":[{"href":"https:\/\/us.edu.pl\/en\/wp-json\/wp\/v2\/media?parent=110538"}],"wp:term":[{"taxonomy":"category","embeddable":true,"href":"https:\/\/us.edu.pl\/en\/wp-json\/wp\/v2\/categories?post=110538"},{"taxonomy":"post_tag","embeddable":true,"href":"https:\/\/us.edu.pl\/en\/wp-json\/wp\/v2\/tags?post=110538"}],"curies":[{"name":"wp","href":"https:\/\/api.w.org\/{rel}","templated":true}]}}