{"id":110665,"date":"2016-11-09T17:40:32","date_gmt":"2016-11-09T16:40:32","guid":{"rendered":"https:\/\/us.edu.pl\/ii-edycja-konferencji-pt-silesia-hr-trends-2016\/"},"modified":"2019-11-05T11:18:54","modified_gmt":"2019-11-05T10:18:54","slug":"ii-edycja-konferencji-pt-silesia-hr-trends-2016","status":"publish","type":"post","link":"https:\/\/us.edu.pl\/en\/ii-edycja-konferencji-pt-silesia-hr-trends-2016\/","title":{"rendered":"II edycja konferencji pt. \u201eSilesia HR Trends 2016\u201d"},"content":{"rendered":"<p abp=\"2310\">W czwartek 24 listopada 2016 roku w Mi\u0119dzynarodowym Centrum Kongresowym (Katowice, plac Henryka S\u0142awika i J\u00f3zsefa Antalla 1) odb\u0119dzie si\u0119 II edycja konferencji pt. \u201eSilesia HR Trends 2016\u201d. Spotkanie adresowane jest do student\u00f3w, absolwent\u00f3w i pracownik\u00f3w szk\u00f3\u0142 wy\u017cszych oraz do przedstawicieli biznesu, samorz\u0105du, agencji rekrutacyjnych i doradztwa personalnego. Partnerem wspieraj\u0105cym wydarzenie jest Uniwersytet \u015al\u0105ski.<\/p>\n<p abp=\"2311\">W programie konferencji zaplanowano debaty i dyskusje z udzia\u0142em ekspert\u00f3w, dotycz\u0105ce zagadnie\u0144 zwi\u0105zanych z zarz\u0105dzaniem zasobami ludzkimi. Przedstawiciele biznesu, samorz\u0105d\u00f3w, uczelni, agencji rekrutacyjnych i doradztwa personalnego oraz studenci dyskutowa\u0107 b\u0119d\u0105 o bie\u017c\u0105cych zagadnieniach rynku pracy ze szczeg\u00f3lnym uwzgl\u0119dnieniem &nbsp;kwestii zwi\u0105zanych z &nbsp;edukacj\u0105, kooperacj\u0105 mi\u0119dzysektorow\u0105 i mi\u0119dzypokoleniow\u0105, optymalizacj\u0105 proces\u00f3w czy nowoczesnymi narz\u0119dziami wspieraj\u0105cymi zarz\u0105dzanie obszarem HR.<\/p>\n<p abp=\"2312\">Konferencji towarzyszy\u0107 b\u0119d\u0105 Targi Pracy i Kariery, podczas kt\u00f3rych pracodawcy z regionu b\u0119d\u0105 prezentowa\u0107 profil dzia\u0142alno\u015bci firm oraz aktualne oferty pracy.<\/p>\n<p abp=\"2313\">W programie wydarzenia przewidziano r\u00f3wnie\u017c spotkania m\u0142odych lider\u00f3w w ramach projektu \u201eEEC \u2013 Liderzy Przysz\u0142o\u015bci\u201d, kt\u00f3rego celem jest kreowanie i promowanie aktywnej postawy obywatelskiej oraz zwi\u0119kszenie zaanga\u017cowania m\u0142odych os\u00f3b w \u017cycie publiczne.<\/p>\n<p abp=\"2314\">Konferencj\u0119 \u201eSilesia HR Trends 2016\u201d zako\u0144czy gala wr\u0119czenia nagr\u00f3d w plebiscycie \u201eTOP Pracodawcy Wojew\u00f3dztwa \u015al\u0105skiego\u201d.<\/p>\n<p abp=\"2315\">Organizatorem wydarzenia jest Grupa PTWP S.A., wydawca specjalistycznych czasopism i portali przemys\u0142owo-biznesowych oraz organizator Europejskiego Kongresu Gospodarczego w Katowicach.<\/p>\n<p abp=\"2316\">Udzia\u0142 w konferencji jest bezp\u0142atny. Szczeg\u00f3\u0142owe informacje oraz formularz rejestracyjny znajduj\u0105 si\u0119 na stronie: <a abp=\"2317\" href=\"http:\/\/www.silesiahr.pl\/pl\/\">www.silesiahr.pl<\/a>.&nbsp;<\/p>\n<p abp=\"2318\" class=\"rtecenter\"><img abp=\"2319\" alt=\"Plakat konferencji\" src=\"https:\/\/us.edu.pl\/wp-content\/uploads\/imported_files\/31bc605b762a342cbb67d9be9d5e6f16_silesiaexpo_1200x628.jpg\" style=\"width: 100%;\" \/><\/p>\n","protected":false},"excerpt":{"rendered":"<p abp=\"2310\">W czwartek 24 listopada 2016 roku w Mi\u0119dzynarodowym Centrum Kongresowym (Katowice, plac Henryka S\u0142awika i J\u00f3zsefa Antalla 1) odb\u0119dzie si\u0119 II edycja konferencji pt. \u201eSilesia HR Trends 2016\u201d. Spotkanie adresowane jest do student\u00f3w, absolwent\u00f3w i pracownik\u00f3w szk\u00f3\u0142 wy\u017cszych oraz do przedstawicieli biznesu, samorz\u0105du, agencji rekrutacyjnych i doradztwa personalnego. Partnerem wspieraj\u0105cym wydarzenie jest Uniwersytet \u015al\u0105ski.<\/p>\n<p> [&#8230;]<\/p>\n<p><a class=\"btn btn-secondary understrap-read-more-link\" href=\"https:\/\/us.edu.pl\/en\/ii-edycja-konferencji-pt-silesia-hr-trends-2016\/\">Read More&#8230;<\/a><\/p>\n","protected":false},"author":1,"featured_media":0,"comment_status":"open","ping_status":"open","sticky":false,"template":"","format":"standard","meta":{"_expiration-date-status":"","_expiration-date":0,"_expiration-date-type":"","_expiration-date-categories":[],"_expiration-date-options":[]},"categories":[24],"tags":[],"acf":[],"_links":{"self":[{"href":"https:\/\/us.edu.pl\/en\/wp-json\/wp\/v2\/posts\/110665"}],"collection":[{"href":"https:\/\/us.edu.pl\/en\/wp-json\/wp\/v2\/posts"}],"about":[{"href":"https:\/\/us.edu.pl\/en\/wp-json\/wp\/v2\/types\/post"}],"author":[{"embeddable":true,"href":"https:\/\/us.edu.pl\/en\/wp-json\/wp\/v2\/users\/1"}],"replies":[{"embeddable":true,"href":"https:\/\/us.edu.pl\/en\/wp-json\/wp\/v2\/comments?post=110665"}],"version-history":[{"count":0,"href":"https:\/\/us.edu.pl\/en\/wp-json\/wp\/v2\/posts\/110665\/revisions"}],"wp:attachment":[{"href":"https:\/\/us.edu.pl\/en\/wp-json\/wp\/v2\/media?parent=110665"}],"wp:term":[{"taxonomy":"category","embeddable":true,"href":"https:\/\/us.edu.pl\/en\/wp-json\/wp\/v2\/categories?post=110665"},{"taxonomy":"post_tag","embeddable":true,"href":"https:\/\/us.edu.pl\/en\/wp-json\/wp\/v2\/tags?post=110665"}],"curies":[{"name":"wp","href":"https:\/\/api.w.org\/{rel}","templated":true}]}}