{"id":110769,"date":"2016-08-30T14:34:33","date_gmt":"2016-08-30T13:34:33","guid":{"rendered":"https:\/\/us.edu.pl\/konferencja-zalozyciele-miasta-oraz-mecenasi-nauki-kultury-i-sztuki-w-dziejach-katowic\/"},"modified":"2019-11-05T11:19:04","modified_gmt":"2019-11-05T10:19:04","slug":"konferencja-zalozyciele-miasta-oraz-mecenasi-nauki-kultury-i-sztuki-w-dziejach-katowic","status":"publish","type":"post","link":"https:\/\/us.edu.pl\/en\/konferencja-zalozyciele-miasta-oraz-mecenasi-nauki-kultury-i-sztuki-w-dziejach-katowic\/","title":{"rendered":"Konferencja \u201eZa\u0142o\u017cyciele miasta oraz mecenasi nauki, kultury i sztuki w dziejach Katowic\u201d"},"content":{"rendered":"<p>Od 7 do 8 wrze\u015bnia 2016 roku odbywa\u0107 si\u0119 b\u0119dzie XVI Konferencja Naukowa Katowic organizowana&nbsp;w 151. rocznic\u0119 uzyskania praw miejskich \u201eZa\u0142o\u017cyciele miasta oraz mecenasi nauki, kultury i sztuki w dziejach Katowic\u201d. Otwarcie konferencji odb\u0119dzie si\u0119 w willi Goldstein\u00f3w (Katowice, pl. Wolno\u015bci 12a), natomiast miejscem obrad b\u0119dzie Muzeum Historii Katowic (Katowice, ul. ks. J. Szafranka 9).<\/p>\n<p>W konferencji wezm\u0105 udzia\u0142 przedstawiciele Uniwersytetu \u015al\u0105skiego: prorektor ds. wsp\u00f3\u0142pracy mi\u0119dzynarodowej i krajowej&nbsp;<a href=\"http:\/\/pracownik.us.edu.pl\/us-addressbook\/emp\/21212\">prof. dr hab. Tomasz Pietrzykowski<\/a> (Wydzia\u0142 Prawa i Administracji), <a href=\"http:\/\/pracownik.us.edu.pl\/us-addressbook\/emp\/41781\">prof. dr hab. Antoni Barciak<\/a> (Wydzia\u0142 Nauk Spo\u0142ecznych),&nbsp;<a href=\"http:\/\/pracownik.us.edu.pl\/us-addressbook\/emp\/35101\">dr hab. Joanna Januszewska-Jurkiewicz<\/a> (Wydzia\u0142 Nauk Spo\u0142ecznych), <a href=\"http:\/\/pracownik.us.edu.pl\/us-addressbook\/emp\/31162\">dr hab. Zygmunt Wo\u017aniczka<\/a> (Wydzia\u0142 Filologiczny), <a href=\"http:\/\/pracownik.us.edu.pl\/us-addressbook\/emp\/28092\">dr hab. Katarzyna Ta\u0142u\u0107<\/a> (Wydzia\u0142 Filologiczny), <a href=\"http:\/\/pracownik.us.edu.pl\/us-addressbook\/emp\/25062\">dr hab. Aleksandra Skrzypietz<\/a> (Wydzia\u0142 Nauk Spo\u0142ecznych), <a href=\"http:\/\/pracownik.us.edu.pl\/us-addressbook\/emp\/31622\">dr Miros\u0142aw W\u0119cki <\/a>(Wydzia\u0142 Nauk Spo\u0142ecznych), <a href=\"http:\/\/pracownik.us.edu.pl\/us-addressbook\/emp\/48862\">dr Przemys\u0142aw Piwowarczyk<\/a> (Wydzia\u0142 Filologiczny),&nbsp;<a href=\"http:\/\/pracownik.us.edu.pl\/us-addressbook\/emp\/4662\" style=\"line-height: 20.8px;\">dr Andrzej Drogo\u0144&nbsp;<\/a><span style=\"line-height: 20.8px;\">(Wydzia\u0142 Prawa i Administracji).<\/span><\/p>\n<p><span style=\"line-height: 20.8px;\">Honorowy patronat nad konferencj\u0105 obj\u0105\u0142 prezydent Katowic dr Marcin Krupa.<\/span><\/p>\n<p><span style=\"line-height: 20.8px;\"><a href=\"https:\/\/us.edu.pl\/wp-content\/uploads\/imported_files\/5ddfb1f7732458c9b03261e72c3a51b7_zaproszenie_konferencja_katowicka_2016_mhk2.jpg\">Program konferencji<\/a> (dokument pdf)<\/span><\/p>\n<p><span style=\"line-height: 20.8px;\"><a href=\"https:\/\/us.edu.pl\/wp-content\/uploads\/imported_files\/3d360d787623aff8e79b83abeea241ca_zaproszenie_konferencja_katowicka_2016_mhk.jpg\">Zaproszenie<\/a> (dokument pdf)<\/span><\/p>\n","protected":false},"excerpt":{"rendered":"<p>Od 7 do 8 wrze\u015bnia 2016 roku odbywa\u0107 si\u0119 b\u0119dzie XVI Konferencja Naukowa Katowic organizowana&nbsp;w 151. rocznic\u0119 uzyskania praw miejskich \u201eZa\u0142o\u017cyciele miasta oraz mecenasi nauki, kultury i sztuki w dziejach Katowic\u201d. Otwarcie konferencji odb\u0119dzie si\u0119 w willi Goldstein\u00f3w (Katowice, pl. Wolno\u015bci 12a), natomiast miejscem obrad b\u0119dzie Muzeum Historii Katowic (Katowice, ul. ks. J. Szafranka 9).<\/p>\n<p> [&#8230;]<\/p>\n<p><a class=\"btn btn-secondary understrap-read-more-link\" href=\"https:\/\/us.edu.pl\/en\/konferencja-zalozyciele-miasta-oraz-mecenasi-nauki-kultury-i-sztuki-w-dziejach-katowic\/\">Read More&#8230;<\/a><\/p>\n","protected":false},"author":1,"featured_media":0,"comment_status":"open","ping_status":"open","sticky":false,"template":"","format":"standard","meta":{"_expiration-date-status":"","_expiration-date":0,"_expiration-date-type":"","_expiration-date-categories":[],"_expiration-date-options":[]},"categories":[24],"tags":[],"acf":[],"_links":{"self":[{"href":"https:\/\/us.edu.pl\/en\/wp-json\/wp\/v2\/posts\/110769"}],"collection":[{"href":"https:\/\/us.edu.pl\/en\/wp-json\/wp\/v2\/posts"}],"about":[{"href":"https:\/\/us.edu.pl\/en\/wp-json\/wp\/v2\/types\/post"}],"author":[{"embeddable":true,"href":"https:\/\/us.edu.pl\/en\/wp-json\/wp\/v2\/users\/1"}],"replies":[{"embeddable":true,"href":"https:\/\/us.edu.pl\/en\/wp-json\/wp\/v2\/comments?post=110769"}],"version-history":[{"count":0,"href":"https:\/\/us.edu.pl\/en\/wp-json\/wp\/v2\/posts\/110769\/revisions"}],"wp:attachment":[{"href":"https:\/\/us.edu.pl\/en\/wp-json\/wp\/v2\/media?parent=110769"}],"wp:term":[{"taxonomy":"category","embeddable":true,"href":"https:\/\/us.edu.pl\/en\/wp-json\/wp\/v2\/categories?post=110769"},{"taxonomy":"post_tag","embeddable":true,"href":"https:\/\/us.edu.pl\/en\/wp-json\/wp\/v2\/tags?post=110769"}],"curies":[{"name":"wp","href":"https:\/\/api.w.org\/{rel}","templated":true}]}}