{"id":110789,"date":"2016-07-25T14:38:04","date_gmt":"2016-07-25T13:38:04","guid":{"rendered":"https:\/\/us.edu.pl\/oswiadczenie-przewodniczacych-europejskich-konferencji-rektorow-dotyczace-wspolpracy-z-uczelniami-brytyjskimi\/"},"modified":"2019-11-05T11:19:05","modified_gmt":"2019-11-05T10:19:05","slug":"oswiadczenie-przewodniczacych-europejskich-konferencji-rektorow-dotyczace-wspolpracy-z-uczelniami-brytyjskimi","status":"publish","type":"post","link":"https:\/\/us.edu.pl\/en\/oswiadczenie-przewodniczacych-europejskich-konferencji-rektorow-dotyczace-wspolpracy-z-uczelniami-brytyjskimi\/","title":{"rendered":"O\u015bwiadczenie przewodnicz\u0105cych europejskich konferencji rektor\u00f3w dotycz\u0105ce wsp\u00f3\u0142pracy z uczelniami brytyjskimi"},"content":{"rendered":"<p>Przewodnicz\u0105cy europejskich konferencji rektor\u00f3w i stowarzysze\u0144 uniwersytet\u00f3w z 24 pa\u0144stw wydali wsp\u00f3lne o\u015bwiadczenie dotycz\u0105ce wsp\u00f3\u0142pracy z brytyjskimi uczelniami po przeg\u0142osowaniu wyj\u015bcia Wielkiej Brytanii z Unii Europejskiej. Wynik referendum w sprawie cz\u0142onkostwa&nbsp;w UE oznacza ustalenie nowych relacji pomi\u0119dzy Wielk\u0105 Brytani\u0105 a reszt\u0105 Europy, jednak przedstawiciele europejskich konferencji rektor\u00f3w wzywaj\u0105 do&nbsp;kontynuowania wsp\u00f3\u0142pracy, zapewniaj\u0105cej kontakty badawcze i przep\u0142yw my\u015bli naukowej. Jak zauwa\u017caj\u0105 w o\u015bwiadczeniu, mi\u0119dzynarodowa wsp\u00f3\u0142praca naukowa jest niezb\u0119dna dla rozwoju innowacyjnych i s\u0142u\u017c\u0105cych dobru wszystkich mieszka\u0144c\u00f3w kontynentu bada\u0144. \u0141\u0105czenie zasob\u00f3w infrastrukturalnych i wiedzy umo\u017cliwia prowadzenie prze\u0142omowych bada\u0144, kt\u00f3rych wyniki mog\u0105 by\u0107 znacz\u0105ce dla <span style=\"line-height: 20.8px;\">poprawy jako\u015bci \u017cycia oraz&nbsp;<\/span>budowy silnych i stabilnych gospodarek opartych na wiedzy.<\/p>\n<p>Zaanga\u017cowanie na rzecz kontynuowania mi\u0119dzynarodowej wsp\u00f3\u0142pracy naukowej potwierdzili mi\u0119dzy innymi prof. Rolf Tarrach, przewodnicz\u0105cy European Universities Association \u2013 najwi\u0119kszej organizacji reprezentuj\u0105cej uniwersytety w Europie oraz <a href=\"http:\/\/pracownik.us.edu.pl\/us-addressbook\/emp\/722\">prof. zw. dr hab. Wies\u0142aw Bany\u015b<\/a>, przewodnicz\u0105cy <a href=\"http:\/\/www.krasp.org.pl\/\">Konferencji Rektor\u00f3w Akademickich Szk\u00f3\u0142 Polskich<\/a>, rektor Uniwersytetu \u015al\u0105skiego w Katowicach.<\/p>\n<p>&nbsp;<\/p>\n<p><a href=\"https:\/\/us.edu.pl\/wp-content\/uploads\/imported_files\/331261a54f785d84a82078e312ddb548_university_leaders_from_24_european_countries_statement.pdf\" class=\"mtli_attachment mtli_pdf\" data-mtli=\"mtli_filesize18632kB\"><img alt=\"Ikona PDF\" src=\"https:\/\/us.edu.pl\/wp-content\/uploads\/imported_files\/98047a02b35f4b5bdfa6deb15b9c3efa_ikona-pdf_1.png\" style=\"width: 35px; height: 35px; float: left;\" \/>Wsp\u00f3lne o\u015bwiadczenie przedstawicieli europejskich konferencji rektor\u00f3w<\/a> (dokument .pdf)<\/p>\n<p>&nbsp;<\/p>\n<hr \/>\n<p><em>We as European university leaders wish to reaffirm our commitment to international cooperation and exchange in this turbulent time for Europe. We are strongest when we tackle issues collaboratively, when we exchange ideas and people, and when we open our hearts and minds to new perspectives and new knowledge.<\/em><\/p>\n<p><em>Collaboration is also a cornerstone of innovation and excellence. It is by pooling infrastructure, data and expertise that we can best pursue ground-breaking research which improves people&#8217;s lives and help to build strong and sustainable knowledge economies.<\/em><\/p>\n<p><em>The outcome of the UK&#8217;s referendum on EU membership will mean a new relationship between the UK and the rest of Europe, but we will work together to ensure that the long-standing research and exchange relationships between Europe&#8217;s universities continue, for the benefit of people across the continent.<\/em><\/p>\n<p>\n<em>The Presidents of European Rectors&#8217; Conferences<\/em><\/p>\n<ul>\n<li><em>Prof. Rolf Tarrach,&nbsp;President, European Universities Association<\/em><\/li>\n<li><em>Prof. Dame Julia Goodfellow,&nbsp;President, Universities UK<\/em><\/li>\n<li><em>Prof. Dr. Horst Hippler,&nbsp;President, German Rectors&#8217; Conference<\/em><\/li>\n<li><em>Prof. Jean-Loup Salzmann,&nbsp;President, French Conference of University Presidents<\/em><\/li>\n<li><em>Prof. Dr. Oliver Vitouch,&nbsp;President, Universities Austria<\/em><\/li>\n<li><em>Prof. Dr. Tomas Zima,&nbsp;President, Czech Rectors&#8217; Conference<\/em><\/li>\n<li><em>Rector Per Michael Johansen,&nbsp;Vice Chair, Universities Denmark<\/em><\/li>\n<li><em>Professor Tiit Land,&nbsp;President, Universities Estonia<\/em><\/li>\n<li><em>Professor Jouko Niinim\u00e4ki,&nbsp;President, Universities Finland<\/em><\/li>\n<li><em>Professor Luc De Schepper,&nbsp;President, Flemish Interuniversity Council<\/em><\/li>\n<li><em>Dr. J\u00f3zsef B\u00f3dis,&nbsp;President, Hungarian Rectors&#8217; Conference<\/em><\/li>\n<li><em>Dr Jon Atli Benediktsson,&nbsp;President, National Rectors Conference in Iceland<\/em><\/li>\n<li><em>Prof. Don Barry,&nbsp;President, Irish Universities Association<\/em><\/li>\n<li><em>Prof. Gaetano Manfredi,&nbsp;President, Conference of Italian Universities Rectors<\/em><\/li>\n<li><em>Professor Arvids Barsevskis,&nbsp;Chairman, Latvian Rectors&#8217; Council<\/em><\/li>\n<li><em>Professor Rainer Klump,&nbsp;President, University of Luxembourg<\/em><\/li>\n<li><em>Jan Mengelers,&nbsp;Board Member, Association of Universities in the Netherlands<\/em><\/li>\n<li><em>Prof. Dr Vidar L. Haanes,&nbsp;President, Norwegian Association for Higher Education Institutions<\/em><\/li>\n<li><em>Professor Wieslaw Banys,&nbsp;President,&nbsp;Conference of Rectors of Academic Schools in Poland<\/em><\/li>\n<li><em>Prof. Ant\u00f3nio M. Cunha,&nbsp;President,&nbsp;Portuguese National Conference of Rectors<\/em><\/li>\n<li><em>Prof. Dr Vladimir Bumbasirevic,&nbsp;President,&nbsp;Conference of the Universities of Serbia<\/em><\/li>\n<li><em>Professor Rudolf Kropil,&nbsp;Head,&nbsp;Slovak Rectors&#8217; Conference<\/em><\/li>\n<li><em>Professor Dragan Maru\u0161i\u010d, PhD,&nbsp;President,&nbsp;Slovenian Rectors&#8217; Conference<\/em><\/li>\n<li><em>Mr. Segundo P\u00edriz Dur\u00e1n,&nbsp;President,&nbsp;Conference of the Rectors of Spanish Universities (CRUE)<\/em><\/li>\n<li><em>Professor Helen Dannetun,&nbsp;Chair of the Board,&nbsp;Association of Swedish Higher Education<\/em><\/li>\n<\/ul>\n<hr \/>\n<p>&nbsp;<\/p>\n<style type=\"text\/css\">a[data-mtli~=\"mtli_filesize18632kB\"]:after {content:\" (186.32 kB)\"}<\/style>","protected":false},"excerpt":{"rendered":"<p>Przewodnicz\u0105cy europejskich konferencji rektor\u00f3w i stowarzysze\u0144 uniwersytet\u00f3w z 24 pa\u0144stw wydali wsp\u00f3lne o\u015bwiadczenie dotycz\u0105ce wsp\u00f3\u0142pracy z brytyjskimi uczelniami po przeg\u0142osowaniu wyj\u015bcia Wielkiej Brytanii z Unii Europejskiej. Wynik referendum w sprawie cz\u0142onkostwa&nbsp;w UE oznacza ustalenie nowych relacji pomi\u0119dzy Wielk\u0105 Brytani\u0105 a reszt\u0105 Europy, jednak przedstawiciele europejskich konferencji rektor\u00f3w wzywaj\u0105 do&nbsp;kontynuowania wsp\u00f3\u0142pracy, zapewniaj\u0105cej kontakty badawcze i przep\u0142yw my\u015bli naukowej. [&#8230;]<\/p>\n<p><a class=\"btn btn-secondary understrap-read-more-link\" href=\"https:\/\/us.edu.pl\/en\/oswiadczenie-przewodniczacych-europejskich-konferencji-rektorow-dotyczace-wspolpracy-z-uczelniami-brytyjskimi\/\">Read More&#8230;<\/a><\/p>\n","protected":false},"author":1,"featured_media":0,"comment_status":"open","ping_status":"open","sticky":false,"template":"","format":"standard","meta":{"_expiration-date-status":"","_expiration-date":0,"_expiration-date-type":"","_expiration-date-categories":[],"_expiration-date-options":[]},"categories":[24],"tags":[],"acf":[],"_links":{"self":[{"href":"https:\/\/us.edu.pl\/en\/wp-json\/wp\/v2\/posts\/110789"}],"collection":[{"href":"https:\/\/us.edu.pl\/en\/wp-json\/wp\/v2\/posts"}],"about":[{"href":"https:\/\/us.edu.pl\/en\/wp-json\/wp\/v2\/types\/post"}],"author":[{"embeddable":true,"href":"https:\/\/us.edu.pl\/en\/wp-json\/wp\/v2\/users\/1"}],"replies":[{"embeddable":true,"href":"https:\/\/us.edu.pl\/en\/wp-json\/wp\/v2\/comments?post=110789"}],"version-history":[{"count":0,"href":"https:\/\/us.edu.pl\/en\/wp-json\/wp\/v2\/posts\/110789\/revisions"}],"wp:attachment":[{"href":"https:\/\/us.edu.pl\/en\/wp-json\/wp\/v2\/media?parent=110789"}],"wp:term":[{"taxonomy":"category","embeddable":true,"href":"https:\/\/us.edu.pl\/en\/wp-json\/wp\/v2\/categories?post=110789"},{"taxonomy":"post_tag","embeddable":true,"href":"https:\/\/us.edu.pl\/en\/wp-json\/wp\/v2\/tags?post=110789"}],"curies":[{"name":"wp","href":"https:\/\/api.w.org\/{rel}","templated":true}]}}