{"id":110794,"date":"2016-07-20T13:38:41","date_gmt":"2016-07-20T12:38:41","guid":{"rendered":"https:\/\/us.edu.pl\/porozumienie-w-sprawie-realizacji-podwyzki-w-2016-roku\/"},"modified":"2019-11-05T11:19:06","modified_gmt":"2019-11-05T10:19:06","slug":"porozumienie-w-sprawie-realizacji-podwyzki-w-2016-roku","status":"publish","type":"post","link":"https:\/\/us.edu.pl\/en\/porozumienie-w-sprawie-realizacji-podwyzki-w-2016-roku\/","title":{"rendered":"Porozumienie w sprawie realizacji podwy\u017cki w 2016 roku"},"content":{"rendered":"<p>19 lipca 2016 roku zawarte zosta\u0142o porozumienie pomi\u0119dzy JM Rektorem Uniwersytetu \u015al\u0105skiego w Katowicach a dzia\u0142aj\u0105cymi w uczelni zwi\u0105zkami zawodowymi: Zwi\u0105zkiem Nauczycielstwa Polskiego i NSZZ \u201eSolidarno\u015b\u0107\u201d w sprawie realizacji w 2016 roku podwy\u017cki zale\u017cnej od wynik\u00f3w pracy.<\/p>\n<p>Tre\u015b\u0107 porozumienia udost\u0119pniamy poni\u017cej.<\/p>\n<p><a href=\"https:\/\/us.edu.pl\/wp-content\/uploads\/imported_files\/304ce24c02054c58e3f4b178b6b7e4a7_porozumienie_z_19_07_2016.pdf\" class=\"mtli_attachment mtli_pdf\" data-mtli=\"mtli_filesize47543kB\"><img alt=\" Ikona dokumentu pdf\" src=\"https:\/\/us.edu.pl\/wp-content\/uploads\/imported_files\/98047a02b35f4b5bdfa6deb15b9c3efa_ikona-pdf_1.png\" style=\"width: 35px; height: 35px; float: left; margin-left: 5px; margin-right: 5px;\" \/>Porozumienie zawarte 19 lipca 2016 roku w sprawie realizacji w 2016 roku podwy\u017cki zale\u017cnej od wynik\u00f3w pracy<\/a> (skan dokumentu, format .pdf, 475 KB)<\/p>\n<p><img alt=\"Ikona dokumentu word\" src=\"https:\/\/us.edu.pl\/wp-content\/uploads\/imported_files\/7c5cf4a1a6ed1992fa315059e0102b27_ikona-word.jpg\" style=\"width: 45px; height: 35px; margin-left: 5px; margin-right: 5px; float: left;\" \/><a href=\"https:\/\/us.edu.pl\/wp-content\/uploads\/imported_files\/f1c575708dceebe5be67ba320ae5116e_porozumienie_ze_zw._zawod._w_sprawie_podwyzki_w_2016_r._ii.doc\" class=\"mtli_attachment mtli_doc\" data-mtli=\"mtli_filesize11600kB\">Porozumienie zawarte 19 lipca 2016 roku w sprawie realizacji w 2016 roku podwy\u017cki zale\u017cnej od wynik\u00f3w pracy<\/a> (format dokumentu .doc)&nbsp;<\/p>\n<style type=\"text\/css\">a[data-mtli~=\"mtli_filesize47543kB\"]:after {content:\" (475.43 kB)\"}a[data-mtli~=\"mtli_filesize11600kB\"]:after {content:\" (116.00 kB)\"}<\/style>","protected":false},"excerpt":{"rendered":"<p>19 lipca 2016 roku zawarte zosta\u0142o porozumienie pomi\u0119dzy JM Rektorem Uniwersytetu \u015al\u0105skiego w Katowicach a dzia\u0142aj\u0105cymi w uczelni zwi\u0105zkami zawodowymi: Zwi\u0105zkiem Nauczycielstwa Polskiego i NSZZ \u201eSolidarno\u015b\u0107\u201d w sprawie realizacji w 2016 roku podwy\u017cki zale\u017cnej od wynik\u00f3w pracy.<\/p>\n<p>Tre\u015b\u0107 porozumienia udost\u0119pniamy poni\u017cej.<\/p>\n<p> [&#8230;]<\/p>\n<p><a class=\"btn btn-secondary understrap-read-more-link\" href=\"https:\/\/us.edu.pl\/en\/porozumienie-w-sprawie-realizacji-podwyzki-w-2016-roku\/\">Read More&#8230;<\/a><\/p>\n","protected":false},"author":1,"featured_media":0,"comment_status":"open","ping_status":"open","sticky":false,"template":"","format":"standard","meta":{"_expiration-date-status":"","_expiration-date":0,"_expiration-date-type":"","_expiration-date-categories":[],"_expiration-date-options":[]},"categories":[24],"tags":[],"acf":[],"_links":{"self":[{"href":"https:\/\/us.edu.pl\/en\/wp-json\/wp\/v2\/posts\/110794"}],"collection":[{"href":"https:\/\/us.edu.pl\/en\/wp-json\/wp\/v2\/posts"}],"about":[{"href":"https:\/\/us.edu.pl\/en\/wp-json\/wp\/v2\/types\/post"}],"author":[{"embeddable":true,"href":"https:\/\/us.edu.pl\/en\/wp-json\/wp\/v2\/users\/1"}],"replies":[{"embeddable":true,"href":"https:\/\/us.edu.pl\/en\/wp-json\/wp\/v2\/comments?post=110794"}],"version-history":[{"count":0,"href":"https:\/\/us.edu.pl\/en\/wp-json\/wp\/v2\/posts\/110794\/revisions"}],"wp:attachment":[{"href":"https:\/\/us.edu.pl\/en\/wp-json\/wp\/v2\/media?parent=110794"}],"wp:term":[{"taxonomy":"category","embeddable":true,"href":"https:\/\/us.edu.pl\/en\/wp-json\/wp\/v2\/categories?post=110794"},{"taxonomy":"post_tag","embeddable":true,"href":"https:\/\/us.edu.pl\/en\/wp-json\/wp\/v2\/tags?post=110794"}],"curies":[{"name":"wp","href":"https:\/\/api.w.org\/{rel}","templated":true}]}}