{"id":110847,"date":"2016-06-13T14:57:05","date_gmt":"2016-06-13T13:57:05","guid":{"rendered":"https:\/\/us.edu.pl\/internanopoland-2016\/"},"modified":"2019-11-05T11:19:09","modified_gmt":"2019-11-05T10:19:09","slug":"internanopoland-2016","status":"publish","type":"post","link":"https:\/\/us.edu.pl\/en\/internanopoland-2016\/","title":{"rendered":"InterNanoPoland 2016"},"content":{"rendered":"<p>14 i 15 czerwca 2016 r. w Mi\u0119dzynarodowym Centrum Kongresowym w Katowicach odb\u0119dzie si\u0119 InterNanoPoland 2016, najwi\u0119ksza w Polsce konferencja o tematyce nanotechnologii, nowoczesnych przedsi\u0119biorstw i dobrych praktykach zarz\u0105dzania Klastrami. Organizowana jest przez Fundacj\u0119 Nanonet wraz z Miastem Katowice oraz \u015al\u0105skim Klastrem Nano.<\/p>\n<p>Konferencja InterNanoPoland 2016 jest wyj\u015bciem naprzeciw rosn\u0105cym i zmiennym potrzebom innowacyjnego sektora biznesowego i naukowego skupionego wok\u00f3\u0142 nanotechnologii i zaawansowanych technologii. Wydarzenie ma na celu zaakcentowanie znaczenia transgraniczno\u015bci, innowacyjnego przedsi\u0119biorstwa oraz pokazanie Polski jako kraju na \u015bwiatowym poziomie w dziedzinie nanotechnologii i rozwoju przemys\u0142u.<\/p>\n<p>W programie spotkania zaplanowano: wyk\u0142ady, panele dyskusyjne oraz spotkania networkingowe przeznaczone dla firm z Polski i ca\u0142ego \u015bwiata.&nbsp;Konferencja&nbsp;organizowana jest w celu rozwini\u0119cia polskiego innowacyjnego rynku na rynek \u015bwiatowy oraz na umo\u017cliwienie utworzenia nowych, potencjalnych kontakt\u00f3w biznesowych.<\/p>\n<p>&nbsp;W komitecie naukowym konferencji s\u0105: <a href=\"http:\/\/pracownik.us.edu.pl\/us-addressbook\/emp\/26672\">prof. dr hab. Jacek Szade <\/a>z &nbsp;Instytutu Fizyki U\u015a i <a href=\"http:\/\/pracownik.us.edu.pl\/us-addressbook\/emp\/23062\">prof. zw. dr hab. Alicja Ratuszna<\/a> \u2013 dziekan&nbsp;<a href=\"http:\/\/w3.mfc.us.edu.pl\/\">Wydzia\u0142u Matematyki, Fizyki i Chemii <\/a>U\u015a.<\/p>\n<p>Jednym z wydarze\u0144 towarzysz\u0105cych InterNanoPoland <a href=\"http:\/\/www.us.edu.pl\/dzien-informacyjny-z-obszaru-nanotechnologii-zaawansowanych-materialow-i-biotechnologii\">dzie\u0144 informacyjny z obszaru nanotechnologii, zaawansowanych materia\u0142\u00f3w i biotechnologii<\/a>, kt\u00f3ry odb\u0119dzie si\u0119 15 czerwca&nbsp;w godz. od 9.00 do 14.00 w auli im. Kazimierza Lepszego w rektoracie Uniwersytetu \u015al\u0105skiego.<\/p>\n<p>Szczeg\u00f3\u0142owe informacje dost\u0119pne s\u0105 na stronie: <a href=\"http:\/\/www.internanopoland.com\">www.internanopoland.com<\/a>.<\/p>\n<p class=\"rtecenter\"><img alt=\"Plakat promuj\u0105cy konferencj\u0119 pt. &quot;InterNanoPoland&quot;\" src=\"https:\/\/us.edu.pl\/wp-content\/uploads\/imported_files\/c57b466aafb4f764ab05dd92d16ab9a9_internanopoland_2016.jpg\" style=\"width: 400px; height: 240px;\" \/><\/p>\n","protected":false},"excerpt":{"rendered":"<p>14 i 15 czerwca 2016 r. w Mi\u0119dzynarodowym Centrum Kongresowym w Katowicach odb\u0119dzie si\u0119 InterNanoPoland 2016, najwi\u0119ksza w Polsce konferencja o tematyce nanotechnologii, nowoczesnych przedsi\u0119biorstw i dobrych praktykach zarz\u0105dzania Klastrami. Organizowana jest przez Fundacj\u0119 Nanonet wraz z Miastem Katowice oraz \u015al\u0105skim Klastrem Nano.<\/p>\n<p> [&#8230;]<\/p>\n<p><a class=\"btn btn-secondary understrap-read-more-link\" href=\"https:\/\/us.edu.pl\/en\/internanopoland-2016\/\">Read More&#8230;<\/a><\/p>\n","protected":false},"author":1,"featured_media":0,"comment_status":"open","ping_status":"open","sticky":false,"template":"","format":"standard","meta":{"_expiration-date-status":"","_expiration-date":0,"_expiration-date-type":"","_expiration-date-categories":[],"_expiration-date-options":[]},"categories":[24],"tags":[],"acf":[],"_links":{"self":[{"href":"https:\/\/us.edu.pl\/en\/wp-json\/wp\/v2\/posts\/110847"}],"collection":[{"href":"https:\/\/us.edu.pl\/en\/wp-json\/wp\/v2\/posts"}],"about":[{"href":"https:\/\/us.edu.pl\/en\/wp-json\/wp\/v2\/types\/post"}],"author":[{"embeddable":true,"href":"https:\/\/us.edu.pl\/en\/wp-json\/wp\/v2\/users\/1"}],"replies":[{"embeddable":true,"href":"https:\/\/us.edu.pl\/en\/wp-json\/wp\/v2\/comments?post=110847"}],"version-history":[{"count":0,"href":"https:\/\/us.edu.pl\/en\/wp-json\/wp\/v2\/posts\/110847\/revisions"}],"wp:attachment":[{"href":"https:\/\/us.edu.pl\/en\/wp-json\/wp\/v2\/media?parent=110847"}],"wp:term":[{"taxonomy":"category","embeddable":true,"href":"https:\/\/us.edu.pl\/en\/wp-json\/wp\/v2\/categories?post=110847"},{"taxonomy":"post_tag","embeddable":true,"href":"https:\/\/us.edu.pl\/en\/wp-json\/wp\/v2\/tags?post=110847"}],"curies":[{"name":"wp","href":"https:\/\/api.w.org\/{rel}","templated":true}]}}