{"id":110885,"date":"2016-05-30T11:04:27","date_gmt":"2016-05-30T10:04:27","guid":{"rendered":"https:\/\/us.edu.pl\/viii-seminarium-korczakowskie\/"},"modified":"2019-11-05T11:19:11","modified_gmt":"2019-11-05T10:19:11","slug":"viii-seminarium-korczakowskie","status":"publish","type":"post","link":"https:\/\/us.edu.pl\/en\/viii-seminarium-korczakowskie\/","title":{"rendered":"VIII Seminarium Korczakowskie"},"content":{"rendered":"<p>21 maja 2016 roku w Genewie odby\u0142o si\u0119 VIII Seminarium Korczakowskie po\u015bwi\u0119cone problemom ochrony praw dzieci w kontek\u015bcie trwaj\u0105cego kryzysu migracyjnego, w kt\u00f3rym udzia\u0142 wzi\u0119\u0142a <a href=\"http:\/\/pracownik.us.edu.pl\/us-addressbook\/emp\/9662\">dr hab. Ewa Jarosz<\/a> z <a href=\"http:\/\/wpips.us.edu.pl\/\">Wydzia\u0142u Pedagogiki i Psychologii <\/a>Uniwersytetu \u015al\u0105skiego w Katowicach \u2013 spo\u0142eczny doradca Rzecznika Praw Dziecka.<\/p>\n<p>Seminaria Korczakowskie to cykliczne spotkanie mi\u0142o\u015bnik\u00f3w Janusza Korczaka z ca\u0142ego \u015bwiata, organizowane przez Mi\u0119dzynarodowe Stowarzyszenie im. Janusza Korczaka (International Janusz Korczak Association) pod kierunkiem przewodnicz\u0105cej Batii Gilad oraz przez Sta\u0142e Przedstawicielstwo Polski przy biurze ONZ w Genewie. Tematyka spotka\u0144 dotyczy nie tylko pedagogiki i filozofii wychowania Janusza Korczaka, ale r\u00f3\u017cnych problem\u00f3w zwi\u0105zanych z ochron\u0105 praw dzieci i stosowaniem Konwencji o prawach dziecka z 1989 roku. W Seminariach Korczakowskich w Genewie co roku bior\u0105 udzia\u0142 m.in. cz\u0142onkowie krajowych stowarzysze\u0144 korczakowskich (w tym z Polski, Holandii, Francji, Anglii, Australii czy Izraela) oraz cz\u0142onkowie Komitetu Praw Dziecka ONZ, w tym roku z obecnym przewodnicz\u0105cym Komitetu prof. Benyamem Dawitem Mezmurem na czele.<\/p>\n<p>Szczeg\u00f3\u0142owe informacje dost\u0119pne s\u0105 na <a href=\"http:\/\/www.facebook.com\/IKAssociation\/?fref=nf&amp;pnref=story\">Facebooku<\/a> oraz na stronie <a href=\"http:\/\/brpd.gov.pl\/aktualnosci\/viii-seminarium-korczakowskie-w-genewie-o-dzieciach-w-drodze\">Rzecznika Praw Dziecka<\/a>.<\/p>\n<p class=\"rtecenter\"><a href=\"https:\/\/us.edu.pl\/wp-content\/uploads\/imported_files\/f980e4fd8605fb533d277bbe83da31e0_semkorczakowskie_2.jpg\"><img alt=\"zdj\u0119cie uczestnik\u00f3w 8. Seminarium Korczakowskiego\" src=\"https:\/\/us.edu.pl\/wp-content\/uploads\/imported_files\/f980e4fd8605fb533d277bbe83da31e0_semkorczakowskie_2.jpg\" style=\"width: 450px; height: 253px;\" \/><\/a><\/p>\n<p class=\"rtecenter\">Foto z archiwum dr hab. Ewy Jarosz<\/p>\n","protected":false},"excerpt":{"rendered":"<p>21 maja 2016 roku w Genewie odby\u0142o si\u0119 VIII Seminarium Korczakowskie po\u015bwi\u0119cone problemom ochrony praw dzieci w kontek\u015bcie trwaj\u0105cego kryzysu migracyjnego, w kt\u00f3rym udzia\u0142 wzi\u0119\u0142a <a href=\"http:\/\/pracownik.us.edu.pl\/us-addressbook\/emp\/9662\">dr hab. Ewa Jarosz<\/a> z <a href=\"http:\/\/wpips.us.edu.pl\/\">Wydzia\u0142u Pedagogiki i Psychologii <\/a>Uniwersytetu \u015al\u0105skiego w Katowicach \u2013 spo\u0142eczny doradca Rzecznika Praw Dziecka.<\/p>\n<p> [&#8230;]<\/p>\n<p><a class=\"btn btn-secondary understrap-read-more-link\" href=\"https:\/\/us.edu.pl\/en\/viii-seminarium-korczakowskie\/\">Read More&#8230;<\/a><\/p>\n","protected":false},"author":1,"featured_media":0,"comment_status":"open","ping_status":"open","sticky":false,"template":"","format":"standard","meta":{"_expiration-date-status":"","_expiration-date":0,"_expiration-date-type":"","_expiration-date-categories":[],"_expiration-date-options":[]},"categories":[24],"tags":[],"acf":[],"_links":{"self":[{"href":"https:\/\/us.edu.pl\/en\/wp-json\/wp\/v2\/posts\/110885"}],"collection":[{"href":"https:\/\/us.edu.pl\/en\/wp-json\/wp\/v2\/posts"}],"about":[{"href":"https:\/\/us.edu.pl\/en\/wp-json\/wp\/v2\/types\/post"}],"author":[{"embeddable":true,"href":"https:\/\/us.edu.pl\/en\/wp-json\/wp\/v2\/users\/1"}],"replies":[{"embeddable":true,"href":"https:\/\/us.edu.pl\/en\/wp-json\/wp\/v2\/comments?post=110885"}],"version-history":[{"count":0,"href":"https:\/\/us.edu.pl\/en\/wp-json\/wp\/v2\/posts\/110885\/revisions"}],"wp:attachment":[{"href":"https:\/\/us.edu.pl\/en\/wp-json\/wp\/v2\/media?parent=110885"}],"wp:term":[{"taxonomy":"category","embeddable":true,"href":"https:\/\/us.edu.pl\/en\/wp-json\/wp\/v2\/categories?post=110885"},{"taxonomy":"post_tag","embeddable":true,"href":"https:\/\/us.edu.pl\/en\/wp-json\/wp\/v2\/tags?post=110885"}],"curies":[{"name":"wp","href":"https:\/\/api.w.org\/{rel}","templated":true}]}}