{"id":110888,"date":"2016-05-25T13:14:56","date_gmt":"2016-05-25T12:14:56","guid":{"rendered":"https:\/\/us.edu.pl\/uniwersytet-slaski-zaprasza-absolwentow-do-udzialu-w-badaniu\/"},"modified":"2019-11-05T11:19:12","modified_gmt":"2019-11-05T10:19:12","slug":"uniwersytet-slaski-zaprasza-absolwentow-do-udzialu-w-badaniu","status":"publish","type":"post","link":"https:\/\/us.edu.pl\/en\/uniwersytet-slaski-zaprasza-absolwentow-do-udzialu-w-badaniu\/","title":{"rendered":"Uniwersytet \u015al\u0105ski zaprasza absolwent\u00f3w do udzia\u0142u w badaniu"},"content":{"rendered":"<p>Wychodz\u0105c naprzeciw potrzebom gospodarki i rynku pracy Uniwersytet \u015al\u0105ski przeprowadza badanie na temat los\u00f3w zawodowych swoich absolwent\u00f3w. Zgromadzone dane umo\u017cliwi\u0105 opracowanie nowych program\u00f3w i form nauczania, a tak\u017ce dostosowanie ich do aktualnych potrzeb rynku pracy.<\/p>\n<p>Badanie jest swoist\u0105 form\u0105 dialogu spo\u0142ecznego, absolwenci zyskuj\u0105 narz\u0119dzie wp\u0142ywu na kszta\u0142t swojej uczelni, a poprzez to na los przysz\u0142ych pokole\u0144 student\u00f3w i absolwent\u00f3w, uczelnia zyskuje mo\u017cliwo\u015b\u0107 weryfikowania swojej oferty edukacyjnej, a tak\u017ce wiarygodn\u0105 informacj\u0119 na temat jako\u015bci kszta\u0142cenia. Do udzia\u0142u w ankiecie zaproszone s\u0105 osoby, kt\u00f3re uko\u0144czy\u0142y studia w roku akademickim 2011\/2012, 2013\/2014 lub 2014\/2015. Na uczestnik\u00f3w czekaj\u0105 nagrody: \u201ePrzewodnik po rynku pracy i rozwoju zawodowym\u201d oraz indywidualny raport na temat sytuacji zawodowej.<\/p>\n<p>Wyniki badania zostan\u0105 opublikowane na stronach internetowych Uniwersytetu \u015al\u0105skiego. Raportu mo\u017cna spodziewa\u0107 si\u0119&nbsp;we wrze\u015bniu 2016 roku.<\/p>\n<p>Ankiety:<\/p>\n<ul>\n<li><a href=\"http:\/\/badania.bk.us.edu.pl\/sectionsShow.php?tid=99b31ea6f6552866d3128473842ad2ebce7fccd2&amp;sid=7fb75deb5ade0b8b52c7d712c71b3a3143dc0b5b\" target=\"_blank\" title=\"Strona internetowa ankiety dla absolwent\u00f3w roku akademickiego 2011\/2012\" rel=\"noopener noreferrer\">absolwenci roku akademickiego 2011\/2012<\/a>,&nbsp; &nbsp;<\/li>\n<li><a href=\"http:\/\/badania.bk.us.edu.pl\/sectionsShow.php?tid=fff221c0375802eb461a71126119c79e84228940&amp;sid=d23fe8c063970cb9d32cfb7217ed105f67099ebf\" target=\"_blank\" title=\"Strona internetowa do ankiety dla absolwent\u00f3w roku akademickiego 2013\/2014\" rel=\"noopener noreferrer\">absolwenci roku akademickiego 2013\/2014<\/a>,<\/li>\n<li><a href=\"http:\/\/badania.bk.us.edu.pl\/sectionsShow.php?tid=4e71101680313df3c264e5a32ac39fe553fe2596&amp;sid=bff538de806fe978cb11b88dec442b8e46a833f3\" target=\"_blank\" title=\"Strona internetowa ankiety dla absolwent\u00f3w roku akademickiego 2014\/2015\" rel=\"noopener noreferrer\">absolwenci roku akademickiego 2014\/2015<\/a>.<br \/>\n\t&nbsp;<\/li>\n<\/ul>\n<p><img alt=\"Plakat w formie infografiki zawiera list JM Rektora U\u015a zapraszaj\u0105cy do udzia\u0142u w badaniu \" src=\"https:\/\/us.edu.pl\/wp-content\/uploads\/imported_files\/966bc172c9f7106280f9243bb296a986_2016_bla_zaproszenie_1.png\" style=\"width: 600px; height: 944px;\" \/><\/p>\n<p><strong>Zaproszenie JM Rektora Uniwersytetu \u015al\u0105skiego do udzia\u0142u w badaniu<\/strong><\/p>\n<blockquote>\n<p><span style=\"line-height: 1.6em;\">Drodzy Absolwenci Uniwersytetu \u015al\u0105skiego,<\/span><\/p>\n<p>mija kolejny rok od czasu uko\u0144czenia przez Pa\u0144stwa studi\u00f3w w Uniwersytecie \u015al\u0105skim. Jestem g\u0142\u0119boko przekonany, \u017ce czas, kt\u00f3ry Pa\u0144stwo sp\u0119dzili w go\u015bcinnych murach \u015bl\u0105skiej <em>Alma Mater<\/em>, po\u015bwi\u0119caj\u0105c go na zdobywanie wiedzy i umiej\u0119tno\u015bci pod opiek\u0105 uniwersyteckich uczonych mia\u0142 du\u017ce znaczenie w Pa\u0144stwa \u017cyciu prywatnym. Mam tak\u017ce nadziej\u0119, \u017ce pozytywnie wp\u0142yn\u0105\u0142 na Pa\u0144stwa karier\u0119 zawodow\u0105.<\/p>\n<p>Jest dla nas bardzo wa\u017cne, by pozostaj\u0105c z Pa\u0144stwem w kontakcie, mie\u0107&nbsp;mo\u017cliwo\u015b\u0107 wymiany opinii i do\u015bwiadcze\u0144, a tak\u017ce pozna\u0107 Pa\u0144stwa losy zawodowe. Dlatego te\u017c, z my\u015bl\u0105 o przysz\u0142ych pokoleniach student\u00f3w i absolwent\u00f3w naszej Uczelni, zapraszam Pa\u0144stwa serdecznie do udzia\u0142u w kolejnej edycji bada\u0144 \u201eLosy zawodowe absolwent\u00f3w Uniwersytetu \u015al\u0105skiego\u201d.<\/p>\n<p>Informacje uzyskane w trakcie prowadzonych przez nas bada\u0144 los\u00f3w zawodowych absolwent\u00f3w Uniwersytetu pozwol\u0105 nam, poprzez modyfikowanie program\u00f3w studi\u00f3w i form nauczania, nie tylko reagowa\u0107 na potrzeby rynku pracy i gospodarki, ale tak\u017ce je kszta\u0142towa\u0107. Pa\u0144stwa udzia\u0142 w badaniach b\u0119dzie mia\u0142 wp\u0142yw na profil kszta\u0142cenia w Uniwersytecie \u015al\u0105skim w przysz\u0142o\u015bci, a w konsekwencji r\u00f3wnie\u017c na kszta\u0142t \u015bcie\u017cki kariery zawodowej jego absolwent\u00f3w, st\u0105d te\u017c zach\u0119cam Pa\u0144stwa do wsp\u00f3\u0142pracy.<\/p>\n<p>Dzi\u0119kuj\u0105c za przyj\u0119cie zaproszenia do udzia\u0142u w badaniach, \u017cycz\u0119 Pa\u0144stwu wielu sukces\u00f3w, wytrwa\u0142o\u015bci i pasji w realizacji plan\u00f3w, satysfakcji oraz wszelkiej pomy\u015blno\u015bci i dobra w \u017cyciu zawodowym i osobistym.<\/p>\n<p>Z wyrazami szacunku,&nbsp;<br \/>\n<span style=\"line-height: 1.6em;\">prof. zw. dr hab. Wies\u0142aw Bany\u015b&nbsp;<\/span><br \/>\n<span style=\"line-height: 1.6em;\">Rektor Uniwersytetu \u015al\u0105skiego w Katowicach<\/span><\/p>\n<\/blockquote>\n<p>&nbsp;<br \/>\n&nbsp;<\/p>\n","protected":false},"excerpt":{"rendered":"<p>Wychodz\u0105c naprzeciw potrzebom gospodarki i rynku pracy Uniwersytet \u015al\u0105ski przeprowadza badanie na temat los\u00f3w zawodowych swoich absolwent\u00f3w. Zgromadzone dane umo\u017cliwi\u0105 opracowanie nowych program\u00f3w i form nauczania, a tak\u017ce dostosowanie ich do aktualnych potrzeb rynku pracy.<\/p>\n<p> [&#8230;]<\/p>\n<p><a class=\"btn btn-secondary understrap-read-more-link\" href=\"https:\/\/us.edu.pl\/en\/uniwersytet-slaski-zaprasza-absolwentow-do-udzialu-w-badaniu\/\">Read More&#8230;<\/a><\/p>\n","protected":false},"author":1,"featured_media":0,"comment_status":"open","ping_status":"open","sticky":false,"template":"","format":"standard","meta":{"_expiration-date-status":"","_expiration-date":0,"_expiration-date-type":"","_expiration-date-categories":[],"_expiration-date-options":[]},"categories":[24],"tags":[],"acf":[],"_links":{"self":[{"href":"https:\/\/us.edu.pl\/en\/wp-json\/wp\/v2\/posts\/110888"}],"collection":[{"href":"https:\/\/us.edu.pl\/en\/wp-json\/wp\/v2\/posts"}],"about":[{"href":"https:\/\/us.edu.pl\/en\/wp-json\/wp\/v2\/types\/post"}],"author":[{"embeddable":true,"href":"https:\/\/us.edu.pl\/en\/wp-json\/wp\/v2\/users\/1"}],"replies":[{"embeddable":true,"href":"https:\/\/us.edu.pl\/en\/wp-json\/wp\/v2\/comments?post=110888"}],"version-history":[{"count":0,"href":"https:\/\/us.edu.pl\/en\/wp-json\/wp\/v2\/posts\/110888\/revisions"}],"wp:attachment":[{"href":"https:\/\/us.edu.pl\/en\/wp-json\/wp\/v2\/media?parent=110888"}],"wp:term":[{"taxonomy":"category","embeddable":true,"href":"https:\/\/us.edu.pl\/en\/wp-json\/wp\/v2\/categories?post=110888"},{"taxonomy":"post_tag","embeddable":true,"href":"https:\/\/us.edu.pl\/en\/wp-json\/wp\/v2\/tags?post=110888"}],"curies":[{"name":"wp","href":"https:\/\/api.w.org\/{rel}","templated":true}]}}