{"id":111011,"date":"2016-04-07T15:56:40","date_gmt":"2016-04-07T14:56:40","guid":{"rendered":"https:\/\/us.edu.pl\/dr-jacek-mikolajczyk-laureatem-zlotej-maski\/"},"modified":"2019-11-05T11:19:20","modified_gmt":"2019-11-05T10:19:20","slug":"dr-jacek-mikolajczyk-laureatem-zlotej-maski","status":"publish","type":"post","link":"https:\/\/us.edu.pl\/en\/dr-jacek-mikolajczyk-laureatem-zlotej-maski\/","title":{"rendered":"Dr Jacek Miko\u0142ajczyk laureatem Z\u0142otej Maski"},"content":{"rendered":"<p>W poniedzia\u0142ek 4 kwietnia 2016 roku <a href=\"http:\/\/www.us.edu.pl\/us-addressbook\/emp\/35841\">dr Jacek Miko\u0142ajczyk&nbsp;<\/a>\u2013 adiunkt w Zak\u0142adzie Teatru i Dramatu na Wydziale Filologicznym U\u015a (Instytut Nauk o Kulturze i Studi\u00f3w Interdyscyplinarnych) otrzyma\u0142 Nagrod\u0119 Artystyczn\u0105 Marsza\u0142ka Wojew\u00f3dztwa \u015al\u0105skiego Z\u0142ota Maska. Nagroda zosta\u0142a przyznana za re\u017cyseri\u0119 spektaklu \u201eRodzina Addams\u00f3w\u201d w Gliwickim Teatrze Muzycznym.<\/p>\n<p>Z\u0142ota Maska to najwa\u017cniejsza nagroda teatralna na \u015al\u0105sku, o prawie 50-letniej tradycji. W tym roku zosta\u0142a przyznana w o\u015bmiu kategoriach. Spektakl \u201eRodzina Addams\u00f3w\u201d otrzyma\u0142 nagrod\u0119 w kategorii re\u017cyseria, ale by\u0142 nominowany r\u00f3wnie\u017c w dw\u00f3ch innych: rola wokalno-aktorska i spektakl roku.<\/p>\n<p><img alt=\"Zdj\u0119cie: dr Jacek Miko\u0142ajczyk odbiera nagrod\u0119 \" src=\"https:\/\/us.edu.pl\/wp-content\/uploads\/imported_files\/3550d1aa48417b1d18b6b6ae41156404_umws20160404_maski_tz083.jpg\" style=\"width: 650px; height: 433px;\" \/><\/p>\n<p class=\"rtecenter\">Fot. Tomasz \u017bak&nbsp;\/ UMWS<\/p>\n","protected":false},"excerpt":{"rendered":"<p>W poniedzia\u0142ek 4 kwietnia 2016 roku <a href=\"http:\/\/www.us.edu.pl\/us-addressbook\/emp\/35841\">dr Jacek Miko\u0142ajczyk&nbsp;<\/a>\u2013 adiunkt w Zak\u0142adzie Teatru i Dramatu na Wydziale Filologicznym U\u015a (Instytut Nauk o Kulturze i Studi\u00f3w Interdyscyplinarnych) otrzyma\u0142 Nagrod\u0119 Artystyczn\u0105 Marsza\u0142ka Wojew\u00f3dztwa \u015al\u0105skiego Z\u0142ota Maska. Nagroda zosta\u0142a przyznana za re\u017cyseri\u0119 spektaklu \u201eRodzina Addams\u00f3w\u201d w Gliwickim Teatrze Muzycznym.<\/p>\n<p> [&#8230;]<\/p>\n<p><a class=\"btn btn-secondary understrap-read-more-link\" href=\"https:\/\/us.edu.pl\/en\/dr-jacek-mikolajczyk-laureatem-zlotej-maski\/\">Read More&#8230;<\/a><\/p>\n","protected":false},"author":1,"featured_media":0,"comment_status":"open","ping_status":"open","sticky":false,"template":"","format":"standard","meta":{"_expiration-date-status":"","_expiration-date":0,"_expiration-date-type":"","_expiration-date-categories":[],"_expiration-date-options":[]},"categories":[24],"tags":[],"acf":[],"_links":{"self":[{"href":"https:\/\/us.edu.pl\/en\/wp-json\/wp\/v2\/posts\/111011"}],"collection":[{"href":"https:\/\/us.edu.pl\/en\/wp-json\/wp\/v2\/posts"}],"about":[{"href":"https:\/\/us.edu.pl\/en\/wp-json\/wp\/v2\/types\/post"}],"author":[{"embeddable":true,"href":"https:\/\/us.edu.pl\/en\/wp-json\/wp\/v2\/users\/1"}],"replies":[{"embeddable":true,"href":"https:\/\/us.edu.pl\/en\/wp-json\/wp\/v2\/comments?post=111011"}],"version-history":[{"count":0,"href":"https:\/\/us.edu.pl\/en\/wp-json\/wp\/v2\/posts\/111011\/revisions"}],"wp:attachment":[{"href":"https:\/\/us.edu.pl\/en\/wp-json\/wp\/v2\/media?parent=111011"}],"wp:term":[{"taxonomy":"category","embeddable":true,"href":"https:\/\/us.edu.pl\/en\/wp-json\/wp\/v2\/categories?post=111011"},{"taxonomy":"post_tag","embeddable":true,"href":"https:\/\/us.edu.pl\/en\/wp-json\/wp\/v2\/tags?post=111011"}],"curies":[{"name":"wp","href":"https:\/\/api.w.org\/{rel}","templated":true}]}}