{"id":142262,"date":"2021-07-19T14:18:44","date_gmt":"2021-07-19T12:18:44","guid":{"rendered":"https:\/\/us.edu.pl\/?p=142262"},"modified":"2022-04-19T10:58:49","modified_gmt":"2022-04-19T08:58:49","slug":"spotkanie-rektorow-slaskich-uczelni-z-wiceprezesem-rady-ministrow-dr-jaroslawem-gowinem","status":"publish","type":"post","link":"https:\/\/us.edu.pl\/en\/spotkanie-rektorow-slaskich-uczelni-z-wiceprezesem-rady-ministrow-dr-jaroslawem-gowinem\/","title":{"rendered":"Meeting between rectors of Silesian universities and Deputy Prime Minister, Jaros\u0142aw Gowin, PhD"},"content":{"rendered":"<p><\/p>\n<p>[vc_row][vc_column width=&#8221;2\/3&#8243;]\r\n                <div class=\"text-modules\">\r\n                    <div class=\"container\">\r\n                        \r\n                        <div class=\"text-modules__content\"><\/p>\n<p><span style=\"font-weight: 400;\">The main topics of the meeting between rectors of higher education institutions in \u015al\u0105skie Voivodship and Jaros\u0142aw Gowin, Deputy Prime Minister and Minister of Economic Development, Labour, and Technology, were focused on strengthening and developing cooperation between universities and the economy. The event, hosted by the University of Silesia, was also attended by the representatives of the authorities of Katowice, Metropolis GZM, \u015al\u0105skie Voivodeship, and the Ministry of Economic Development, Labour and Technology.<\/span><\/p>\n<p><span style=\"font-weight: 400;\">The visit provided an opportunity to discuss the role of Silesian academic institutions in the region&#8217;s transformation. The participants discussed possible directions of development of cooperation, as well as issues concerning the potential, significance, and influence of higher education institutions with regard to the local development.<\/span><\/p>\n<p><span style=\"font-weight: 400;\">The meeting was held on 19 July 2021 at the Krzysztof Kie\u015blowski Film School at the University of Silesia and was attended by representatives of the scientific community, government administration, and local authorities. Academic institutions of the region were represented by the rectors of:<\/span><\/p>\n<ul>\n<li style=\"font-weight: 400;\" aria-level=\"1\"><span style=\"font-weight: 400;\">Silesian University of Technology,<\/span><\/li>\n<li style=\"font-weight: 400;\" aria-level=\"1\"><span style=\"font-weight: 400;\">University of Economics in Katowice,<\/span><\/li>\n<li style=\"font-weight: 400;\" aria-level=\"1\"><span style=\"font-weight: 400;\">Medical University of Silesia,<\/span><\/li>\n<li style=\"font-weight: 400;\" aria-level=\"1\"><span style=\"font-weight: 400;\">Jerzy Kukuczka Academy of Physical Education,<\/span><\/li>\n<li style=\"font-weight: 400;\" aria-level=\"1\"><span style=\"font-weight: 400;\">Academy of Music in Katowice,<\/span><\/li>\n<li style=\"font-weight: 400;\" aria-level=\"1\"><span style=\"font-weight: 400;\">Academy of Fine Arts in Katowice,<\/span><\/li>\n<li style=\"font-weight: 400;\" aria-level=\"1\"><span style=\"font-weight: 400;\">WSB University.<\/span><\/li>\n<\/ul>\n<p><span style=\"font-weight: 400;\">The participants were welcomed by Prof. Ryszard Kozio\u0142ek, Rector of the University of Silesia.<\/span><\/p>\n<p>\n<\/div>\r\n                    <\/div>\r\n                <\/div>[\/vc_column][vc_column width=&#8221;1\/3&#8243;]\r\n                <div class=\"text-modules\">\r\n                    <div class=\"container\">\r\n                        \r\n                        <div class=\"text-modules__content\"><\/p>\n<p><img class=\"size-medium wp-image-142263\" src=\"https:\/\/us.edu.pl\/wp-content\/uploads\/fotografie\/Z6A2798_fot-Julia-Agnieszka-Szymala-\u2014-800px-600x400.jpg\" alt=\"Od lewej: dr hab. Krystyna Doktorowicz, prof. U\u015a, prof. dr hab. Ryszard Kozio\u0142ek \u2013 rektor Uniwersytetu \u015al\u0105skiego oraz wiceprezes Rady Ministr\u00f3w, minister rozwoju, pracy i technologii dr Jaros\u0142aw Gowin\" width=\"100%\" height=\"auto\" srcset=\"https:\/\/us.edu.pl\/wp-content\/uploads\/fotografie\/Z6A2798_fot-Julia-Agnieszka-Szymala-\u2014-800px-600x400.jpg 600w, https:\/\/us.edu.pl\/wp-content\/uploads\/fotografie\/Z6A2798_fot-Julia-Agnieszka-Szymala-\u2014-800px-768x512.jpg 768w, https:\/\/us.edu.pl\/wp-content\/uploads\/fotografie\/Z6A2798_fot-Julia-Agnieszka-Szymala-\u2014-800px-575x383.jpg 575w, https:\/\/us.edu.pl\/wp-content\/uploads\/fotografie\/Z6A2798_fot-Julia-Agnieszka-Szymala-\u2014-800px.jpg 800w\" sizes=\"(max-width: 600px) 100vw, 600px\" \/><\/p>\n<p><span style=\"font-size: 12px;\"><i><span style=\"font-weight: 400;\">Meeting between the Deputy Prime Minister and rectors of Silesian universities. Photo by Julia Agnieszka Szymala<\/span><\/i><\/span><\/p>\n<p>\n<\/div>\r\n                    <\/div>\r\n                <\/div>[\/vc_column][\/vc_row]<\/p>\n<p><\/p>","protected":false},"excerpt":{"rendered":"<p>[vc_row][vc_column width=&#8221;2\/3&#8243;][\/vc_column][vc_column width=&#8221;1\/3&#8243;][\/vc_column][\/vc_row] [&#8230;]<\/p>\n<p><a class=\"btn btn-secondary understrap-read-more-link\" href=\"https:\/\/us.edu.pl\/en\/spotkanie-rektorow-slaskich-uczelni-z-wiceprezesem-rady-ministrow-dr-jaroslawem-gowinem\/\">Read More&#8230;<\/a><\/p>\n","protected":false},"author":26,"featured_media":142263,"comment_status":"closed","ping_status":"open","sticky":false,"template":"","format":"standard","meta":{"_expiration-date-status":"saved","_expiration-date":0,"_expiration-date-type":"","_expiration-date-categories":[],"_expiration-date-options":[]},"categories":[62,41],"tags":[1845],"acf":[],"_links":{"self":[{"href":"https:\/\/us.edu.pl\/en\/wp-json\/wp\/v2\/posts\/142262"}],"collection":[{"href":"https:\/\/us.edu.pl\/en\/wp-json\/wp\/v2\/posts"}],"about":[{"href":"https:\/\/us.edu.pl\/en\/wp-json\/wp\/v2\/types\/post"}],"author":[{"embeddable":true,"href":"https:\/\/us.edu.pl\/en\/wp-json\/wp\/v2\/users\/26"}],"replies":[{"embeddable":true,"href":"https:\/\/us.edu.pl\/en\/wp-json\/wp\/v2\/comments?post=142262"}],"version-history":[{"count":1,"href":"https:\/\/us.edu.pl\/en\/wp-json\/wp\/v2\/posts\/142262\/revisions"}],"predecessor-version":[{"id":155114,"href":"https:\/\/us.edu.pl\/en\/wp-json\/wp\/v2\/posts\/142262\/revisions\/155114"}],"wp:featuredmedia":[{"embeddable":true,"href":"https:\/\/us.edu.pl\/en\/wp-json\/wp\/v2\/media\/142263"}],"wp:attachment":[{"href":"https:\/\/us.edu.pl\/en\/wp-json\/wp\/v2\/media?parent=142262"}],"wp:term":[{"taxonomy":"category","embeddable":true,"href":"https:\/\/us.edu.pl\/en\/wp-json\/wp\/v2\/categories?post=142262"},{"taxonomy":"post_tag","embeddable":true,"href":"https:\/\/us.edu.pl\/en\/wp-json\/wp\/v2\/tags?post=142262"}],"curies":[{"name":"wp","href":"https:\/\/api.w.org\/{rel}","templated":true}]}}