{"id":183208,"date":"2024-03-26T12:41:19","date_gmt":"2024-03-26T11:41:19","guid":{"rendered":"https:\/\/us.edu.pl\/?p=183208"},"modified":"2024-03-27T10:22:29","modified_gmt":"2024-03-27T09:22:29","slug":"relacja-z-premiery-filmu-dagmary-drzazgi","status":"publish","type":"post","link":"https:\/\/us.edu.pl\/en\/relacja-z-premiery-filmu-dagmary-drzazgi\/","title":{"rendered":"Report from the premiere of the film by Dagmara Drzazga, PhD, DLitt, Assoc. Prof."},"content":{"rendered":"<p><\/p>\n<p>[vc_row][vc_column width=&#8221;2\/3&#8243;]\r\n                <div class=\"text-modules\">\r\n                    <div class=\"container\">\r\n                        \r\n                        <div class=\"text-modules__content\"><\/p>\n<p>On 22 March 2024, a pre-premiere screening of the film <em>Zag\u0142\u0119bie.<\/em> <em>Pami\u0119\u0107<\/em> (<em>Zag\u0142\u0119bie. Memory<\/em>) by Dagmara Drzazga, PhD, DLitt, Assoc. Prof. took place at the Kosmos Cinema.<\/p>\n<p>After the screening, a conversation with the film\u2019s characters and some of its creators took place. The meeting was attended by, among others: Danuta Niciarz, who remembers the extermination of the Jewish population during the war in Zag\u0142\u0119bie.<\/p>\n<p>The team working on the film, apart from two lecturers from the Krzysztof Kie\u015blowski Film School at the University of Silesia \u2013 Dagmara Drzazga (script, directing) and Krystyna Nowojska (production), included: Witold Korna\u015b, Micha\u0142 S\u0142awi\u0144ski and Bartosz Dominik (cinematography), Jakub Laki J\u0119dras (aerial cinematography), Andrzej Piwowarczyk (sound) and Beata Widuch (editing and sound).<\/p>\n<p>The documentary film was produced by TVP SA Katowice Branch for TVP Historia, 2024. The production was co-financed by the Research Excellence Initiative of the University of Silesia.<\/p>\n<p>\n<\/div>\r\n                    <\/div>\r\n                <\/div>[\/vc_column][vc_column width=&#8221;1\/3&#8243;]\r\n                <div class=\"text-modules\">\r\n                    <div class=\"container\">\r\n                        \r\n                        <div class=\"text-modules__content\"><\/p>\n<p><img class=\"alignnone size-medium wp-image-183214\" src=\"https:\/\/us.edu.pl\/wp-content\/uploads\/Bez-kategorii\/Na_zdjeciu_Dagmara_Drzazga_fot._Ilona_Ptak_-_2-900x506.jpg\" alt=\"Na_zdj\u0119ciu_Dagmara_Drzazga,_fot._Ilona_Ptak\" width=\"100%\" height=\"auto\" srcset=\"https:\/\/us.edu.pl\/wp-content\/uploads\/Bez-kategorii\/Na_zdjeciu_Dagmara_Drzazga_fot._Ilona_Ptak_-_2-900x506.jpg 900w, https:\/\/us.edu.pl\/wp-content\/uploads\/Bez-kategorii\/Na_zdjeciu_Dagmara_Drzazga_fot._Ilona_Ptak_-_2-768x432.jpg 768w, https:\/\/us.edu.pl\/wp-content\/uploads\/Bez-kategorii\/Na_zdjeciu_Dagmara_Drzazga_fot._Ilona_Ptak_-_2-575x323.jpg 575w, https:\/\/us.edu.pl\/wp-content\/uploads\/Bez-kategorii\/Na_zdjeciu_Dagmara_Drzazga_fot._Ilona_Ptak_-_2.jpg 1200w\" sizes=\"(max-width: 900px) 100vw, 900px\" \/><\/p>\n<p>\n<\/div>\r\n                    <\/div>\r\n                <\/div>[\/vc_column][\/vc_row][vc_row][vc_column]            \r\n                    <div class=\"container\">\r\n                        <div class=\"gallery gallery_3\" data-images-in-row=\"3\">\r\n                            \r\n                            <div class=\"row m-0\">\r\n                                <a data-fancybox-group=\"button\" title=\"Na zdj\u0119ciu dr hab. Dagmara Drzazga, prof U\u015a fot. Ilona Ptak\" data-fancybox=\"6917\" href=\"https:\/\/us.edu.pl\/wp-content\/uploads\/Bez-kategorii\/Na_zdjeciu_Dagmara_Drzazga_fot._Ilona_Ptak.jpg\" class=\"gallery__item thumbnail\"\r\n                                    style=\"background-image: url(https:\/\/us.edu.pl\/wp-content\/uploads\/Bez-kategorii\/Na_zdjeciu_Dagmara_Drzazga_fot._Ilona_Ptak.jpg)\"> <span class=\"d-none\">https:\/\/us.edu.pl\/wp-content\/uploads\/Bez-kategorii\/Na_zdjeciu_Dagmara_Drzazga_fot._Ilona_Ptak.jpg<\/span> <\/a><a data-fancybox-group=\"button\" title=\"Na zdj\u0119ciu dr hab. Dagmara Drzazga prof. U\u015a\" data-fancybox=\"6917\" href=\"https:\/\/us.edu.pl\/wp-content\/uploads\/Bez-kategorii\/Na_zdjeciu_Dagmara_Drzazga_fot._Ilona_Ptak_-_2.jpg\" class=\"gallery__item thumbnail\"\r\n                                    style=\"background-image: url(https:\/\/us.edu.pl\/wp-content\/uploads\/Bez-kategorii\/Na_zdjeciu_Dagmara_Drzazga_fot._Ilona_Ptak_-_2.jpg)\"> <span class=\"d-none\">https:\/\/us.edu.pl\/wp-content\/uploads\/Bez-kategorii\/Na_zdjeciu_Dagmara_Drzazga_fot._Ilona_Ptak_-_2.jpg<\/span> <\/a><a data-fancybox-group=\"button\" title=\"Na zdj\u0119ciu dr hab. Dagmara Drzazga, prof. U\u015a Krystyna Nowojska i Danuta Niciarz, fot. Ilona Ptak\" data-fancybox=\"6917\" href=\"https:\/\/us.edu.pl\/wp-content\/uploads\/Bez-kategorii\/Na_zdjeciu_Dagmara_Drzazga_Krystyna_Nowojska_i_Danuta_Niciarz_fot._Ilona_Ptak.jpg\" class=\"gallery__item thumbnail\"\r\n                                    style=\"background-image: url(https:\/\/us.edu.pl\/wp-content\/uploads\/Bez-kategorii\/Na_zdjeciu_Dagmara_Drzazga_Krystyna_Nowojska_i_Danuta_Niciarz_fot._Ilona_Ptak.jpg)\"> <span class=\"d-none\">https:\/\/us.edu.pl\/wp-content\/uploads\/Bez-kategorii\/Na_zdjeciu_Dagmara_Drzazga_Krystyna_Nowojska_i_Danuta_Niciarz_fot._Ilona_Ptak.jpg<\/span> <\/a><a data-fancybox-group=\"button\" title=\"Na zdj\u0119ciu dr hab. Dagmara Drzazga, prof. U\u015a Krystyna Nowojska i Danuta Niciarz, fot. Ilona Ptak\" data-fancybox=\"6917\" href=\"https:\/\/us.edu.pl\/wp-content\/uploads\/Bez-kategorii\/Na_zdjeciu_Dagmara_Drzazga_Krystyna_Nowojska_i_Danuta_Niciarz_fot._Ilona_Ptak_-_2.jpg\" class=\"gallery__item thumbnail\"\r\n                                    style=\"background-image: url(https:\/\/us.edu.pl\/wp-content\/uploads\/Bez-kategorii\/Na_zdjeciu_Dagmara_Drzazga_Krystyna_Nowojska_i_Danuta_Niciarz_fot._Ilona_Ptak_-_2.jpg)\"> <span class=\"d-none\">https:\/\/us.edu.pl\/wp-content\/uploads\/Bez-kategorii\/Na_zdjeciu_Dagmara_Drzazga_Krystyna_Nowojska_i_Danuta_Niciarz_fot._Ilona_Ptak_-_2.jpg<\/span> <\/a><a data-fancybox-group=\"button\" title=\"Na zdj\u0119ciu kolejno: Dominika Szczawi\u0144ska, Dagmara Drzazga, Adam Szyd\u0142owski, Krystyna Nowojska fot. Ilona Ptak\" data-fancybox=\"6917\" href=\"https:\/\/us.edu.pl\/wp-content\/uploads\/Bez-kategorii\/Rozmowa_po_pokazie_na_zdjeciu_m.in_._Dagmara_Drzazga_i_Krystyna_Nowojska_fot._Ilona_Ptak.jpg\" class=\"gallery__item thumbnail\"\r\n                                    style=\"background-image: url(https:\/\/us.edu.pl\/wp-content\/uploads\/Bez-kategorii\/Rozmowa_po_pokazie_na_zdjeciu_m.in_._Dagmara_Drzazga_i_Krystyna_Nowojska_fot._Ilona_Ptak.jpg)\"> <span class=\"d-none\">https:\/\/us.edu.pl\/wp-content\/uploads\/Bez-kategorii\/Rozmowa_po_pokazie_na_zdjeciu_m.in_._Dagmara_Drzazga_i_Krystyna_Nowojska_fot._Ilona_Ptak.jpg<\/span> <\/a>\r\n                            <\/div>\r\n                    <\/div>\r\n                <\/div>[\/vc_column][\/vc_row]<\/p>\n<p><\/p>","protected":false},"excerpt":{"rendered":"<p>[vc_row][vc_column width=&#8221;2\/3&#8243;][\/vc_column][vc_column width=&#8221;1\/3&#8243;][\/vc_column][\/vc_row][vc_row][vc_column][\/vc_column][\/vc_row] [&#8230;]<\/p>\n<p><a class=\"btn btn-secondary understrap-read-more-link\" href=\"https:\/\/us.edu.pl\/en\/relacja-z-premiery-filmu-dagmary-drzazgi\/\">Read More&#8230;<\/a><\/p>\n","protected":false},"author":5485,"featured_media":183212,"comment_status":"closed","ping_status":"open","sticky":false,"template":"","format":"standard","meta":{"_expiration-date-status":"","_expiration-date":0,"_expiration-date-type":"","_expiration-date-categories":[],"_expiration-date-options":[]},"categories":[53,83,57],"tags":[],"acf":[],"_links":{"self":[{"href":"https:\/\/us.edu.pl\/en\/wp-json\/wp\/v2\/posts\/183208"}],"collection":[{"href":"https:\/\/us.edu.pl\/en\/wp-json\/wp\/v2\/posts"}],"about":[{"href":"https:\/\/us.edu.pl\/en\/wp-json\/wp\/v2\/types\/post"}],"author":[{"embeddable":true,"href":"https:\/\/us.edu.pl\/en\/wp-json\/wp\/v2\/users\/5485"}],"replies":[{"embeddable":true,"href":"https:\/\/us.edu.pl\/en\/wp-json\/wp\/v2\/comments?post=183208"}],"version-history":[{"count":2,"href":"https:\/\/us.edu.pl\/en\/wp-json\/wp\/v2\/posts\/183208\/revisions"}],"predecessor-version":[{"id":183284,"href":"https:\/\/us.edu.pl\/en\/wp-json\/wp\/v2\/posts\/183208\/revisions\/183284"}],"wp:featuredmedia":[{"embeddable":true,"href":"https:\/\/us.edu.pl\/en\/wp-json\/wp\/v2\/media\/183212"}],"wp:attachment":[{"href":"https:\/\/us.edu.pl\/en\/wp-json\/wp\/v2\/media?parent=183208"}],"wp:term":[{"taxonomy":"category","embeddable":true,"href":"https:\/\/us.edu.pl\/en\/wp-json\/wp\/v2\/categories?post=183208"},{"taxonomy":"post_tag","embeddable":true,"href":"https:\/\/us.edu.pl\/en\/wp-json\/wp\/v2\/tags?post=183208"}],"curies":[{"name":"wp","href":"https:\/\/api.w.org\/{rel}","templated":true}]}}