{"id":184740,"date":"2024-04-23T14:40:01","date_gmt":"2024-04-23T12:40:01","guid":{"rendered":"https:\/\/us.edu.pl\/?p=184740"},"modified":"2024-06-12T11:13:09","modified_gmt":"2024-06-12T09:13:09","slug":"tydzien-latania-w-miescie-nauki-27-maja-2-czerwca-2024","status":"publish","type":"post","link":"https:\/\/us.edu.pl\/en\/tydzien-latania-w-miescie-nauki-27-maja-2-czerwca-2024\/","title":{"rendered":"Flying Week in the City of Science: 27 May\u20132 June 2024"},"content":{"rendered":"<p><\/p>\n<p>[vc_row][vc_column width=&#8221;2\/3&#8243;]\r\n                <div class=\"text-modules\">\r\n                    <div class=\"container\">\r\n                        \r\n                        <div class=\"text-modules__content\"><\/p>\n<h2><strong><span style=\"color: #fc0397;\">Week #21: Flying Week<\/span><\/strong><\/h2>\n<p><strong>Date<\/strong>: 27 May\u20132 June 2024<\/p>\n<p>\n<\/div>\r\n                    <\/div>\r\n                <\/div>\r\n                <div class=\"text-modules\">\r\n                    <div class=\"container\">\r\n                        \r\n                        <div class=\"text-modules__content\"><\/p>\n<ul>\n<li><strong>Curator:<\/strong> Jaros\u0142aw Kozuba, PhD, DSc (Silesian University of Technology)<\/li>\n<li><strong>Producer:<\/strong> Robert Wiesza\u0142a, PhD, Eng. (Silesian University of Technology)<\/li>\n<\/ul>\n<p>\n<\/div>\r\n                    <\/div>\r\n                <\/div>[vc_separator]\r\n                <div class=\"text-modules\">\r\n                    <div class=\"container\">\r\n                        \r\n                        <div class=\"text-modules__content\"><\/p>\n<h3><span style=\"color: #fc0397;\"><strong>Description of the week<\/strong><\/span><\/h3>\n<p>Week #21 of <a href=\"https:\/\/us.edu.pl\/en\/europejskie-miasto-nauki\/50-tygodni-w-miescie-nauki\/\">50 Weeks in the City of Science <\/a>is the Flying Week. The event is part of the European City of Science programme, which will last throughout 2024.<\/p>\n<p>For some, aviation is a lifelong passion, for others it is a way of life, and for others it is an unfulfilled dream of being a pilot, stewardess or aircraft mechanic. Regardless of which of the above approaches we follow, aviation as an industry branch is of great importance for state defence, passenger and cargo transport, is an important field of scientific research, and is an increasingly popular form of recreation. The fact that it covers a number of specialties, e.g. piloting, aviation engineering, aviation mechanics and operation, air traffic control, aircraft design and manufacturing, etc., means that we can undoubtedly classify them as interdisciplinary areas of science. Modern technologies and the use of increasingly new materials in the aviation industry mean that modern aircraft can be treated as an indicator of technological progress on a global scale.<\/p>\n<p>Flying Week will be an excellent opportunity to present the state of aviation in a global, European and regional context. The highlight of the week will be air shows combined with numerous special events addressed to representatives of all age groups living in the Silesian agglomeration.<\/p>\n<p><strong>Selected events:<\/strong><\/p>\n<ol>\n<li><em>Aviation Industry Day <\/em>(Katowice) \u2013 popular science conference, job fair for aviation companies; aviation knowledge competition for secondary school students in the following specialties: aircraft mechanics technician and aircraft avionics technician;<\/li>\n<li><em>Air Transport Day <\/em>(Katowice\u2013Pyrzowice International Airport <em>) <\/em>\u2013 popular science conference on air transport in Poland and around the world; presentation of technical equipment of companies operating at the Katowice\u2013Pyrzowice airport; aviation knowledge competition for secondary school students in the field of: port and terminal operation technician, airport operational services technician;<\/li>\n<li><em>Unmanned Aerial Systems Day <\/em>(Planetarium \u2013 Silesian Science Park) \u2013 popular science conference on the use of unmanned aerial systems in civil and military aviation; presentation of unmanned aerial vehicles, competition for secondary schools on knowledge about the safety of UAV operations;<\/li>\n<li><em>Day of aviation education, education and training <\/em>(Katowice &#8211; building of the Silesian University of Technology) &#8211; popular science conference on the issues of education in aviation professions; presentation of the achievements of scientific groups of universities educating <br \/>\nin aviation professions, and in the evening there will be a meeting of aviation generations;<\/li>\n<li><em>Air Show (1st Day) <\/em>(Katowice-Muchowiec Airport) \u2013 drones and flying models, and in the evening a night drone show. The event will be combined with numerous activities for children and teenagers;<\/li>\n<li><em>Air Show (2nd Day)<\/em>\u00a0(Gliwice-Trynek Airport).<\/li>\n<\/ol>\n<p>\n<\/div>\r\n                    <\/div>\r\n                <\/div>[vc_btn title=&#8221;Weekly schedule&#8221; color=&#8221;black&#8221; size=&#8221;lg&#8221; align=&#8221;center&#8221; link=&#8221;url:https%3A%2F%2Fprogram.miastonauki.pl%2Ftydzien-latania|target:_blank&#8221;][vc_btn title=&#8221;Event on Facebook&#8221; color=&#8221;black&#8221; size=&#8221;lg&#8221; align=&#8221;center&#8221; link=&#8221;url:https%3A%2F%2Fwww.facebook.com%2Fevents%2F965561534642705%3Factive_tab%3Dabout|target:_blank&#8221;][\/vc_column][vc_column width=&#8221;1\/3&#8243;][vc_single_image image=&#8221;185958&#8243; img_size=&#8221;large&#8221; alignment=&#8221;center&#8221; onclick=&#8221;link_image&#8221;][\/vc_column][\/vc_row][vc_row disable_element=&#8221;yes&#8221;][vc_column width=&#8221;2\/3&#8243;][vc_separator]\r\n                <div class=\"text-modules\">\r\n                    <div class=\"container\">\r\n                        \r\n                        <div class=\"text-modules__content\"><\/p>\n<h3><span style=\"color: #fc0397;\"><strong>Podcast<\/strong><\/span><\/h3>\n<p>[Miejsce na kr\u00f3tki opis i link do podcastu]<\/p>\n<p>\n<\/div>\r\n                    <\/div>\r\n                <\/div>[\/vc_column][vc_column width=&#8221;1\/3&#8243;][\/vc_column][\/vc_row][vc_row disable_element=&#8221;yes&#8221;][vc_column width=&#8221;2\/3&#8243;][vc_separator]\r\n                <div class=\"text-modules\">\r\n                    <div class=\"container\">\r\n                        \r\n                        <div class=\"text-modules__content\"><\/p>\n<h3><span style=\"color: #fc0397;\"><strong>Badania naukowe<\/strong><\/span><\/h3>\n<p>W artykule <a href=\"https:\/\/us.edu.pl\/badawcze-spojrzenie-na-testery-milosci-i-zlamane-serce\/\" target=\"_blank\" rel=\"noopener\">\u201eBadawcze spojrzenie na testery mi\u0142o\u015bci i z\u0142amane serce\u201d<\/a> Agnieszka Kliks-Pudlik opisuje badania prowadzone przez naukowc\u00f3w ze wszystkich uczelni wchodz\u0105cych w sk\u0142ad Konsorcjum Akademickiego \u2013 Katowice Miasto Nauki. W tek\u015bcie przybli\u017cone s\u0105 prace dr hab. Anny Malinowskiej prof. U\u015a z Uniwersytetu \u015al\u0105skiego w Katowicach (kuratorki Tygodnia Mi\u0142o\u015bci) oraz dr. hab. n. med. Macieja Wybra\u0144ca ze \u015al\u0105skiego Uniwersytetu Medycznego.<\/p>\n<p>\n<\/div>\r\n                    <\/div>\r\n                <\/div>[vc_separator][\/vc_column][vc_column width=&#8221;1\/3&#8243;][\/vc_column][\/vc_row][vc_row disable_element=&#8221;yes&#8221;][vc_column width=&#8221;2\/3&#8243;][vc_separator]\r\n                <div class=\"text-modules\">\r\n                    <div class=\"container\">\r\n                        \r\n                        <div class=\"text-modules__content\"><\/p>\n<h3><span style=\"color: #fc0397;\"><strong>Morsowanie [Miejsce na filmowe podsumowanie]<\/strong><\/span><\/h3>\n<p>[Opis filmu dla przyk\u0142adu poni\u017cej, DO USUNI\u0118CIA potem]<\/p>\n<p>Uczestnicy Tygodni Zimna mieli mo\u017cliwo\u015b\u0107 wzi\u0105\u0107 udzia\u0142 w morsowaniu pod okiem ratownik\u00f3w medycznych, kt\u00f3rzy pilnowali, by nikomu nie sta\u0142a si\u0119 krzywda.<\/p>\n<p>Oto, dlaczego warto spr\u00f3bowa\u0107 morsowania pyta\u0142 organizator\u00f3w i uczestnik\u00f3w Bartosz Solak.<\/p>\n<p>\n<\/div>\r\n                    <\/div>\r\n                <\/div>[vc_video link=&#8221;https:\/\/www.youtube.com\/watch?v=Qh-hqGdY1rU&amp;ab_channel=Katowice2024%E2%80%93EuropeanCityofScience&#8221; align=&#8221;center&#8221;][vc_separator][\/vc_column][vc_column width=&#8221;1\/3&#8243;][\/vc_column][\/vc_row][vc_row disable_element=&#8221;yes&#8221;][vc_column width=&#8221;2\/3&#8243;]\r\n                <div class=\"text-modules\">\r\n                    <div class=\"container\">\r\n                        \r\n                        <div class=\"text-modules__content\"><\/p>\n<h3><span style=\"color: #fc0397;\"><strong>Galeria<\/strong><\/span><\/h3>\n<p>[Miejsce na odes\u0142anie do pe\u0142nego podsumowania linkowanego w osobnym wpisie, poni\u017cej przyk\u0142ad, DO USUNI\u0118CIA potem. <span style=\"color: #ff0000;\">Poni\u017cej w galerii trzeba wybra\u0107 4 zdj\u0119cia z podsumowania!]<\/span><\/p>\n<p>Zobacz fotorelacj\u0119 z Tygodnia Zimna. Pe\u0142n\u0105 galeri\u0119 wraz z podpisami do zdj\u0119\u0107 i podsumowaniem wszystkich aktywno\u015bci znajdziecie w <a href=\"https:\/\/us.edu.pl\/multimedia\/podsumowanie-tygodnia-zimna-w-miescie-nauki\/\" target=\"_blank\" rel=\"noopener\">osobnym wpisie<\/a>.<\/p>\n<p>\n<\/div>\r\n                    <\/div>\r\n                <\/div>[\/vc_column][vc_column width=&#8221;1\/3&#8243;][\/vc_column][\/vc_row][vc_row disable_element=&#8221;yes&#8221;][vc_column]            \r\n                    <div class=\"container\">\r\n                        <div class=\"gallery gallery_4\" data-images-in-row=\"4\">\r\n                            \r\n                            <div class=\"row m-0\">\r\n                                <a data-fancybox-group=\"button\" title=\"\" data-fancybox=\"661\" href=\"https:\/\/us.edu.pl\/wp-content\/uploads\/EMNK\/Tydzien-Zimna\/fot.-Przemyslaw-Kowal.jpg\" class=\"gallery__item thumbnail\"\r\n                                    style=\"background-image: url(https:\/\/us.edu.pl\/wp-content\/uploads\/EMNK\/Tydzien-Zimna\/fot.-Przemyslaw-Kowal.jpg)\"> <span class=\"d-none\">https:\/\/us.edu.pl\/wp-content\/uploads\/EMNK\/Tydzien-Zimna\/fot.-Przemyslaw-Kowal.jpg<\/span> <\/a><a data-fancybox-group=\"button\" title=\"\" data-fancybox=\"661\" href=\"https:\/\/us.edu.pl\/wp-content\/uploads\/EMNK\/Tydzien-Zimna\/fot.-Przemyslaw-Kowal-30.jpg\" class=\"gallery__item thumbnail\"\r\n                                    style=\"background-image: url(https:\/\/us.edu.pl\/wp-content\/uploads\/EMNK\/Tydzien-Zimna\/fot.-Przemyslaw-Kowal-30.jpg)\"> <span class=\"d-none\">https:\/\/us.edu.pl\/wp-content\/uploads\/EMNK\/Tydzien-Zimna\/fot.-Przemyslaw-Kowal-30.jpg<\/span> <\/a><a data-fancybox-group=\"button\" title=\"\" data-fancybox=\"661\" href=\"https:\/\/us.edu.pl\/wp-content\/uploads\/EMNK\/Tydzien-Zimna\/fot.-Przemyslaw-Kowal-10.jpg\" class=\"gallery__item thumbnail\"\r\n                                    style=\"background-image: url(https:\/\/us.edu.pl\/wp-content\/uploads\/EMNK\/Tydzien-Zimna\/fot.-Przemyslaw-Kowal-10.jpg)\"> <span class=\"d-none\">https:\/\/us.edu.pl\/wp-content\/uploads\/EMNK\/Tydzien-Zimna\/fot.-Przemyslaw-Kowal-10.jpg<\/span> <\/a><a data-fancybox-group=\"button\" title=\"\" data-fancybox=\"661\" href=\"https:\/\/us.edu.pl\/wp-content\/uploads\/EMNK\/Tydzien-Zimna\/fot.-Aneta-Knapik-1.jpg\" class=\"gallery__item thumbnail\"\r\n                                    style=\"background-image: url(https:\/\/us.edu.pl\/wp-content\/uploads\/EMNK\/Tydzien-Zimna\/fot.-Aneta-Knapik-1-768x1024.jpg)\"> <span class=\"d-none\">https:\/\/us.edu.pl\/wp-content\/uploads\/EMNK\/Tydzien-Zimna\/fot.-Aneta-Knapik-1.jpg<\/span> <\/a>\r\n                            <\/div>\r\n                    <\/div>\r\n                <\/div>[\/vc_column][\/vc_row][vc_row][vc_column width=&#8221;2\/3&#8243;][vc_separator]\r\n                <div class=\"text-modules\">\r\n                    <div class=\"container\">\r\n                        \r\n                        <div class=\"text-modules__content\"><\/p>\n<h3><span style=\"color: #fc0397;\"><strong>Profile of the curator and the producer<\/strong><\/span><\/h3>\n<p>\n<\/div>\r\n                    <\/div>\r\n                <\/div>\r\n                <div class=\"text-modules\">\r\n                    <div class=\"container\">\r\n                        \r\n                        <div class=\"text-modules__content\"><\/p>\n<p><strong>Jaros\u0142aw Kozuba, PhD, DSc, Eng., Assoc. Prof.<\/strong> \u2013 research and didactic employee, director of the Central and Eastern European Civil Aviation Personnel Training Centre at the Silesian University of Technology. Expert in the field of aviation safety and aviation technology. Author\/co-author of over 180 scientific articles and 19 academic monographs\/textbooks. Former pilot of the Polish Air Force, communicator of aviation education and training at universities.<\/p>\n<p><strong>Robert Wiesza\u0142a, PhD, Eng. <\/strong>\u2013 research and didactic employee \u2013 training manager at the PART-147 Technical Service Mechanics Training Centre of the Silesian University of Technology. His work focuses on issues related to environmental protection in transport. He is the author\/co-author of over 100 scientific articles. In his free time, he likes hiking in the mountains and reading fantasy books .<\/p>\n<p>\n<\/div>\r\n                    <\/div>\r\n                <\/div>[\/vc_column][vc_column width=&#8221;1\/3&#8243;][\/vc_column][\/vc_row][vc_row][vc_column width=&#8221;2\/3&#8243;][vc_separator]\r\n                <div class=\"text-modules\">\r\n                    <div class=\"container\">\r\n                        \r\n                        <div class=\"text-modules__content\"><\/p>\n<p><img class=\"alignnone wp-image-179177\" src=\"https:\/\/us.edu.pl\/wp-content\/uploads\/strona-glowna\/logo\/logo-EU_black.png\" alt=\"Funded by European Union\" width=\"250\" height=\"156\" \/><\/p>\n<p>Funded by the European Union. Views and opinions expressed are however those of the author(s) only and do not necessarily reflect those of the European Union or the European Research Executive Agency. Neither the European Union nor the granting authority can be held responsible for them.<\/p>\n<p>\n<\/div>\r\n                    <\/div>\r\n                <\/div>[\/vc_column][vc_column width=&#8221;1\/3&#8243;][\/vc_column][\/vc_row]<\/p>\n<p><\/p>","protected":false},"excerpt":{"rendered":"<p>[vc_row][vc_column width=&#8221;2\/3&#8243;][vc_separator][vc_btn title=&#8221;Weekly schedule&#8221; color=&#8221;black&#8221; size=&#8221;lg&#8221; align=&#8221;center&#8221; link=&#8221;url:https%3A%2F%2Fprogram.miastonauki.pl%2Ftydzien-latania|target:_blank&#8221;][vc_btn title=&#8221;Event on Facebook&#8221; color=&#8221;black&#8221; size=&#8221;lg&#8221; align=&#8221;center&#8221; link=&#8221;url:https%3A%2F%2Fwww.facebook.com%2Fevents%2F965561534642705%3Factive_tab%3Dabout|target:_blank&#8221;][\/vc_column][vc_column width=&#8221;1\/3&#8243;][vc_single_image image=&#8221;185958&#8243; img_size=&#8221;large&#8221; alignment=&#8221;center&#8221; onclick=&#8221;link_image&#8221;][\/vc_column][\/vc_row][vc_row disable_element=&#8221;yes&#8221;][vc_column width=&#8221;2\/3&#8243;][vc_separator][\/vc_column][vc_column width=&#8221;1\/3&#8243;][\/vc_column][\/vc_row][vc_row disable_element=&#8221;yes&#8221;][vc_column width=&#8221;2\/3&#8243;][vc_separator][vc_separator][\/vc_column][vc_column width=&#8221;1\/3&#8243;][\/vc_column][\/vc_row][vc_row disable_element=&#8221;yes&#8221;][vc_column width=&#8221;2\/3&#8243;][vc_separator][vc_video link=&#8221;https:\/\/www.youtube.com\/watch?v=Qh-hqGdY1rU&amp;ab_channel=Katowice2024%E2%80%93EuropeanCityofScience&#8221; align=&#8221;center&#8221;][vc_separator][\/vc_column][vc_column width=&#8221;1\/3&#8243;][\/vc_column][\/vc_row][vc_row disable_element=&#8221;yes&#8221;][vc_column width=&#8221;2\/3&#8243;][\/vc_column][vc_column width=&#8221;1\/3&#8243;][\/vc_column][\/vc_row][vc_row disable_element=&#8221;yes&#8221;][vc_column][\/vc_column][\/vc_row][vc_row][vc_column width=&#8221;2\/3&#8243;][vc_separator][\/vc_column][vc_column width=&#8221;1\/3&#8243;][\/vc_column][\/vc_row][vc_row][vc_column width=&#8221;2\/3&#8243;][vc_separator][\/vc_column][vc_column width=&#8221;1\/3&#8243;][\/vc_column][\/vc_row] [&#8230;]<\/p>\n<p><a class=\"btn btn-secondary understrap-read-more-link\" href=\"https:\/\/us.edu.pl\/en\/tydzien-latania-w-miescie-nauki-27-maja-2-czerwca-2024\/\">Read More&#8230;<\/a><\/p>\n","protected":false},"author":3279,"featured_media":184748,"comment_status":"closed","ping_status":"open","sticky":false,"template":"","format":"standard","meta":{"_expiration-date-status":"","_expiration-date":0,"_expiration-date-type":"","_expiration-date-categories":[],"_expiration-date-options":[]},"categories":[2175],"tags":[2186],"acf":[],"_links":{"self":[{"href":"https:\/\/us.edu.pl\/en\/wp-json\/wp\/v2\/posts\/184740"}],"collection":[{"href":"https:\/\/us.edu.pl\/en\/wp-json\/wp\/v2\/posts"}],"about":[{"href":"https:\/\/us.edu.pl\/en\/wp-json\/wp\/v2\/types\/post"}],"author":[{"embeddable":true,"href":"https:\/\/us.edu.pl\/en\/wp-json\/wp\/v2\/users\/3279"}],"replies":[{"embeddable":true,"href":"https:\/\/us.edu.pl\/en\/wp-json\/wp\/v2\/comments?post=184740"}],"version-history":[{"count":4,"href":"https:\/\/us.edu.pl\/en\/wp-json\/wp\/v2\/posts\/184740\/revisions"}],"predecessor-version":[{"id":186974,"href":"https:\/\/us.edu.pl\/en\/wp-json\/wp\/v2\/posts\/184740\/revisions\/186974"}],"wp:featuredmedia":[{"embeddable":true,"href":"https:\/\/us.edu.pl\/en\/wp-json\/wp\/v2\/media\/184748"}],"wp:attachment":[{"href":"https:\/\/us.edu.pl\/en\/wp-json\/wp\/v2\/media?parent=184740"}],"wp:term":[{"taxonomy":"category","embeddable":true,"href":"https:\/\/us.edu.pl\/en\/wp-json\/wp\/v2\/categories?post=184740"},{"taxonomy":"post_tag","embeddable":true,"href":"https:\/\/us.edu.pl\/en\/wp-json\/wp\/v2\/tags?post=184740"}],"curies":[{"name":"wp","href":"https:\/\/api.w.org\/{rel}","templated":true}]}}