{"id":186931,"date":"2024-06-11T15:25:00","date_gmt":"2024-06-11T13:25:00","guid":{"rendered":"https:\/\/us.edu.pl\/?p=186931"},"modified":"2024-06-26T10:50:46","modified_gmt":"2024-06-26T08:50:46","slug":"tydzien-wiedzy-w-miescie-nauki-1-7-lipca-2024","status":"publish","type":"post","link":"https:\/\/us.edu.pl\/en\/tydzien-wiedzy-w-miescie-nauki-1-7-lipca-2024\/","title":{"rendered":"Knowledge Week in the City of Science: 1\u20137 July 2024"},"content":{"rendered":"<p><\/p>\n<p>[vc_row][vc_column width=&#8221;2\/3&#8243;]\r\n                <div class=\"text-modules\">\r\n                    <div class=\"container\">\r\n                        \r\n                        <div class=\"text-modules__content\"><\/p>\n<h2><strong><span style=\"color: #fc0397;\">Week #26: Knowledge Week<\/span><\/strong><\/h2>\n<p><strong>Date<\/strong>: 1\u20137 July 2024<\/p>\n<p>\n<\/div>\r\n                    <\/div>\r\n                <\/div>\r\n                <div class=\"text-modules\">\r\n                    <div class=\"container\">\r\n                        \r\n                        <div class=\"text-modules__content\"><\/p>\n<ul>\n<li><strong>Curator<\/strong>: Anna Budzanowska, PhD (City of Katowice)<\/li>\n<li><strong>Producer<\/strong>: Miros\u0142aw Rusecki<\/li>\n<\/ul>\n<p>\n<\/div>\r\n                    <\/div>\r\n                <\/div>[vc_separator]\r\n                <div class=\"text-modules\">\r\n                    <div class=\"container\">\r\n                        \r\n                        <div class=\"text-modules__content\"><\/p>\n<h3><span style=\"color: #fc0397;\"><strong>Description of the week<\/strong><\/span><\/h3>\n<p>Week #26 of <a href=\"https:\/\/us.edu.pl\/en\/europejskie-miasto-nauki\/50-tygodni-w-miescie-nauki\/\">50 Weeks in the City of Science\u00a0<\/a>is the Knowledge Week. The event is part of the European City of Science programme, which will last throughout 2024.<\/p>\n<p><span class=\"jCAhz JxVs2d ChMk0b\"><span class=\"ryNqvb\">Knowledge.<\/span><\/span> <span class=\"jCAhz JxVs2d ChMk0b\"><span class=\"ryNqvb\">Each of us can say that we understand it in our own way.<\/span><\/span> <span class=\"jCAhz JxVs2d ChMk0b\"><span class=\"ryNqvb\">Someone may define it as life experience, but a scientist will say that it is information collected during research.<\/span><\/span> <span class=\"jCAhz JxVs2d ChMk0b\"><span class=\"ryNqvb\">Knowledge can be scientific, practical, theoretical, empirical and intuitive.<\/span><\/span><\/p>\n<p><span class=\"jCAhz JxVs2d ChMk0b\"><span class=\"ryNqvb\">Knowledge allows us to understand the world and the reality in which we function.<\/span><\/span> <span class=\"jCAhz JxVs2d ChMk0b\"><span class=\"ryNqvb\">Thanks to it, we make conscious decisions and solve problems.<\/span><\/span> <span class=\"jCAhz JxVs2d ChMk0b\"><span class=\"ryNqvb\">It is the foundation of progress and change in every field of life: from science to art and philosophy.<\/span><\/span><\/p>\n<p><span class=\"jCAhz JxVs2d ChMk0b\"><span class=\"ryNqvb\">Knowledge is the foundation, but it is subject to change.<\/span><\/span> <span class=\"jCAhz JxVs2d ChMk0b\"><span class=\"ryNqvb\">What we consider certain and indisputable today may be questioned over time and supplemented with new breakthrough discoveries.<\/span><\/span><\/p>\n<p><span class=\"jCAhz JxVs2d\"><span class=\"ryNqvb\">We have seen how important reliable, proven knowledge is during the COVID-19 pandemic.<\/span><\/span> <span class=\"jCAhz JxVs2d\"><span class=\"ryNqvb\">Thanks to knowledge, we could fight disinformation, it was our weapon against fake news.<\/span><\/span> <span class=\"jCAhz JxVs2d ChMk0b\"><span class=\"ryNqvb\">Knowledge allowed us to develop vaccine research and provide the public with reliable information about the threat.<\/span><\/span> <span class=\"jCAhz JxVs2d ChMk0b\"><span class=\"ryNqvb\">In the current international situation, knowledge is the basis for effective defense and action during the threat of conflict escalation.<\/span><\/span> <span class=\"jCAhz JxVs2d ChMk0b\"><span class=\"ryNqvb\">Knowledge allows you to develop appropriate strategies and use advanced technologies and skills (analysis of military and intelligence data).<\/span><\/span><\/p>\n<p>\n<\/div>\r\n                    <\/div>\r\n                <\/div>[vc_btn title=&#8221;Weekly schedule&#8221; color=&#8221;black&#8221; size=&#8221;lg&#8221; align=&#8221;center&#8221; link=&#8221;url:https%3A%2F%2Fprogram.miastonauki.pl%2Ftydzien-wiedzy|target:_blank&#8221;][vc_btn title=&#8221;Event on Facebook&#8221; color=&#8221;black&#8221; size=&#8221;lg&#8221; align=&#8221;center&#8221; link=&#8221;url:https%3A%2F%2Fwww.facebook.com%2Fevents%2F2096414910758795%3Factive_tab%3Dabout|target:_blank&#8221;][\/vc_column][vc_column width=&#8221;1\/3&#8243;][vc_single_image image=&#8221;187533&#8243; img_size=&#8221;large&#8221; alignment=&#8221;center&#8221; onclick=&#8221;link_image&#8221;][\/vc_column][\/vc_row][vc_row disable_element=&#8221;yes&#8221;][vc_column width=&#8221;2\/3&#8243;][vc_separator]\r\n                <div class=\"text-modules\">\r\n                    <div class=\"container\">\r\n                        \r\n                        <div class=\"text-modules__content\"><\/p>\n<h3><span style=\"color: #fc0397;\"><strong>Podcast<\/strong><\/span><\/h3>\n<p>[Miejsce na kr\u00f3tki opis i link do podcastu]<\/p>\n<p>\n<\/div>\r\n                    <\/div>\r\n                <\/div>[\/vc_column][vc_column width=&#8221;1\/3&#8243;][\/vc_column][\/vc_row][vc_row disable_element=&#8221;yes&#8221;][vc_column width=&#8221;2\/3&#8243;][vc_separator]\r\n                <div class=\"text-modules\">\r\n                    <div class=\"container\">\r\n                        \r\n                        <div class=\"text-modules__content\"><\/p>\n<h3><span style=\"color: #fc0397;\"><strong>Badania naukowe<\/strong><\/span><\/h3>\n<p>W artykule <a href=\"https:\/\/us.edu.pl\/katowice-miasto-nauki-miasto-muzyki-i-miasto-organow\/\" target=\"_blank\" rel=\"noopener\">\u201eKatowice \u2013 Miasto Nauki, Miasto Muzyki i miasto organ\u00f3w\u201d<\/a> Agnieszka Kliks-Pudlik opisuje badania prowadzone przez naukowc\u00f3w ze wszystkich uczelni wchodz\u0105cych w sk\u0142ad Konsorcjum Akademickiego \u2013 Katowice Miasto Nauki. W tek\u015bcie przybli\u017cone s\u0105 prace prowadzone w Akademii Muzycznej im. Karola Szymanowskiego w Katowicach.<\/p>\n<p>\n<\/div>\r\n                    <\/div>\r\n                <\/div>[vc_separator][\/vc_column][vc_column width=&#8221;1\/3&#8243;][\/vc_column][\/vc_row][vc_row disable_element=&#8221;yes&#8221;][vc_column width=&#8221;2\/3&#8243;][vc_separator]\r\n                <div class=\"text-modules\">\r\n                    <div class=\"container\">\r\n                        \r\n                        <div class=\"text-modules__content\"><\/p>\n<h3><span style=\"color: #fc0397;\"><strong>Morsowanie [Miejsce na filmowe podsumowanie]<\/strong><\/span><\/h3>\n<p>[Opis filmu dla przyk\u0142adu poni\u017cej, DO USUNI\u0118CIA potem]<\/p>\n<p>Uczestnicy Tygodni Zimna mieli mo\u017cliwo\u015b\u0107 wzi\u0105\u0107 udzia\u0142 w morsowaniu pod okiem ratownik\u00f3w medycznych, kt\u00f3rzy pilnowali, by nikomu nie sta\u0142a si\u0119 krzywda.<\/p>\n<p>Oto, dlaczego warto spr\u00f3bowa\u0107 morsowania pyta\u0142 organizator\u00f3w i uczestnik\u00f3w Bartosz Solak.<\/p>\n<p>\n<\/div>\r\n                    <\/div>\r\n                <\/div>[vc_video link=&#8221;https:\/\/www.youtube.com\/watch?v=Qh-hqGdY1rU&amp;ab_channel=Katowice2024%E2%80%93EuropeanCityofScience&#8221; align=&#8221;center&#8221;][vc_separator][\/vc_column][vc_column width=&#8221;1\/3&#8243;][\/vc_column][\/vc_row][vc_row disable_element=&#8221;yes&#8221;][vc_column width=&#8221;2\/3&#8243;]\r\n                <div class=\"text-modules\">\r\n                    <div class=\"container\">\r\n                        \r\n                        <div class=\"text-modules__content\"><\/p>\n<h3><span style=\"color: #fc0397;\"><strong>Galeria<\/strong><\/span><\/h3>\n<p>[Miejsce na odes\u0142anie do pe\u0142nego podsumowania linkowanego w osobnym wpisie, poni\u017cej przyk\u0142ad, DO USUNI\u0118CIA potem. <span style=\"color: #ff0000;\">Poni\u017cej w galerii trzeba wybra\u0107 4 zdj\u0119cia z podsumowania!]<\/span><\/p>\n<p>Zobacz fotorelacj\u0119 z Tygodnia Zimna. Pe\u0142n\u0105 galeri\u0119 wraz z podpisami do zdj\u0119\u0107 i podsumowaniem wszystkich aktywno\u015bci znajdziecie w <a href=\"https:\/\/us.edu.pl\/multimedia\/podsumowanie-tygodnia-zimna-w-miescie-nauki\/\" target=\"_blank\" rel=\"noopener\">osobnym wpisie<\/a>.<\/p>\n<p>\n<\/div>\r\n                    <\/div>\r\n                <\/div>[\/vc_column][vc_column width=&#8221;1\/3&#8243;][\/vc_column][\/vc_row][vc_row disable_element=&#8221;yes&#8221;][vc_column]            \r\n                    <div class=\"container\">\r\n                        <div class=\"gallery gallery_4\" data-images-in-row=\"4\">\r\n                            \r\n                            <div class=\"row m-0\">\r\n                                <a data-fancybox-group=\"button\" title=\"\" data-fancybox=\"8515\" href=\"https:\/\/us.edu.pl\/wp-content\/uploads\/EMNK\/Tydzien-Zimna\/fot.-Przemyslaw-Kowal.jpg\" class=\"gallery__item thumbnail\"\r\n                                    style=\"background-image: url(https:\/\/us.edu.pl\/wp-content\/uploads\/EMNK\/Tydzien-Zimna\/fot.-Przemyslaw-Kowal.jpg)\"> <span class=\"d-none\">https:\/\/us.edu.pl\/wp-content\/uploads\/EMNK\/Tydzien-Zimna\/fot.-Przemyslaw-Kowal.jpg<\/span> <\/a><a data-fancybox-group=\"button\" title=\"\" data-fancybox=\"8515\" href=\"https:\/\/us.edu.pl\/wp-content\/uploads\/EMNK\/Tydzien-Zimna\/fot.-Przemyslaw-Kowal-30.jpg\" class=\"gallery__item thumbnail\"\r\n                                    style=\"background-image: url(https:\/\/us.edu.pl\/wp-content\/uploads\/EMNK\/Tydzien-Zimna\/fot.-Przemyslaw-Kowal-30.jpg)\"> <span class=\"d-none\">https:\/\/us.edu.pl\/wp-content\/uploads\/EMNK\/Tydzien-Zimna\/fot.-Przemyslaw-Kowal-30.jpg<\/span> <\/a><a data-fancybox-group=\"button\" title=\"\" data-fancybox=\"8515\" href=\"https:\/\/us.edu.pl\/wp-content\/uploads\/EMNK\/Tydzien-Zimna\/fot.-Przemyslaw-Kowal-10.jpg\" class=\"gallery__item thumbnail\"\r\n                                    style=\"background-image: url(https:\/\/us.edu.pl\/wp-content\/uploads\/EMNK\/Tydzien-Zimna\/fot.-Przemyslaw-Kowal-10.jpg)\"> <span class=\"d-none\">https:\/\/us.edu.pl\/wp-content\/uploads\/EMNK\/Tydzien-Zimna\/fot.-Przemyslaw-Kowal-10.jpg<\/span> <\/a><a data-fancybox-group=\"button\" title=\"\" data-fancybox=\"8515\" href=\"https:\/\/us.edu.pl\/wp-content\/uploads\/EMNK\/Tydzien-Zimna\/fot.-Aneta-Knapik-1.jpg\" class=\"gallery__item thumbnail\"\r\n                                    style=\"background-image: url(https:\/\/us.edu.pl\/wp-content\/uploads\/EMNK\/Tydzien-Zimna\/fot.-Aneta-Knapik-1-768x1024.jpg)\"> <span class=\"d-none\">https:\/\/us.edu.pl\/wp-content\/uploads\/EMNK\/Tydzien-Zimna\/fot.-Aneta-Knapik-1.jpg<\/span> <\/a>\r\n                            <\/div>\r\n                    <\/div>\r\n                <\/div>[\/vc_column][\/vc_row][vc_row][vc_column width=&#8221;2\/3&#8243;][vc_separator]\r\n                <div class=\"text-modules\">\r\n                    <div class=\"container\">\r\n                        \r\n                        <div class=\"text-modules__content\"><\/p>\n<h3><span style=\"color: #fc0397;\"><strong>Profile of the curator<\/strong><\/span><\/h3>\n<p>\n<\/div>\r\n                    <\/div>\r\n                <\/div>\r\n                <div class=\"text-modules\">\r\n                    <div class=\"container\">\r\n                        \r\n                        <div class=\"text-modules__content\"><\/p>\n<p><strong>Anna Budzanowska, PhD<\/strong> \u2013 <span class=\"jCAhz JxVs2d ChMk0b\"><span class=\"ryNqvb\">champion of the ESOF2024 conference \u2013 the largest European platform for institutional cooperation between science and the socio-economic environment.<\/span><\/span> <span class=\"jCAhz JxVs2d ChMk0b\"><span class=\"ryNqvb\">Representative of the European City of Science Katowice 2024 and academic lecturer.<\/span><\/span> <span class=\"jCAhz JxVs2d ChMk0b\"><span class=\"ryNqvb\">She has many years of experience in public administration.<\/span><\/span> <span class=\"jCAhz JxVs2d ChMk0b\"><span class=\"ryNqvb\">In the years 2016\u20132019, director general and from 2019 to 2021, deputy minister at the Ministry of Science and Higher Education.<\/span><\/span> <span class=\"jCAhz JxVs2d ChMk0b\"><span class=\"ryNqvb\">She was responsible for social consultations and strategic projects.<\/span><\/span> <span class=\"jCAhz JxVs2d ChMk0b\"><span class=\"ryNqvb\">She initiated and supervised the National Science Congress.<\/span><\/span> <span class=\"jCAhz JxVs2d ChMk0b\"><span class=\"ryNqvb\">Co-author of the model of doctoral schools and implementation doctorates, the Excellence Initiative \u2013 Research University, dual career programs, projects supporting social responsibility of science and the research and development sector.<\/span><\/span> <span class=\"jCAhz JxVs2d ChMk0b\"><span class=\"ryNqvb\">Her research interests focus on the study of public policies and political doctrines.<\/span><\/span> She a<span class=\"jCAhz JxVs2d ChMk0b\"><span class=\"ryNqvb\">nalyzes the research and higher education sector, focusing on the management of academic institutions, university systems, networking models, in particular European universities (EUI).<\/span><\/span><\/p>\n<p>\n<\/div>\r\n                    <\/div>\r\n                <\/div>[vc_separator][\/vc_column][vc_column width=&#8221;1\/3&#8243;][\/vc_column][\/vc_row][vc_row][vc_column width=&#8221;2\/3&#8243;]\r\n                <div class=\"text-modules\">\r\n                    <div class=\"container\">\r\n                        \r\n                        <div class=\"text-modules__content\"><\/p>\n<p><img class=\"alignnone wp-image-179177\" src=\"https:\/\/us.edu.pl\/wp-content\/uploads\/strona-glowna\/logo\/logo-EU_black.png\" alt=\"Funded by European Union\" width=\"250\" height=\"156\" \/><\/p>\n<p>Funded by the European Union. Views and opinions expressed are however those of the author(s) only and do not necessarily reflect those of the European Union or the European Research Executive Agency. Neither the European Union nor the granting authority can be held responsible for them.<\/p>\n<p>\n<\/div>\r\n                    <\/div>\r\n                <\/div>[\/vc_column][vc_column width=&#8221;1\/3&#8243;][\/vc_column][\/vc_row]<\/p>\n<p><\/p>","protected":false},"excerpt":{"rendered":"<p>[vc_row][vc_column width=&#8221;2\/3&#8243;][vc_separator][vc_btn title=&#8221;Weekly schedule&#8221; color=&#8221;black&#8221; size=&#8221;lg&#8221; align=&#8221;center&#8221; link=&#8221;url:https%3A%2F%2Fprogram.miastonauki.pl%2Ftydzien-wiedzy|target:_blank&#8221;][vc_btn title=&#8221;Event on Facebook&#8221; color=&#8221;black&#8221; size=&#8221;lg&#8221; align=&#8221;center&#8221; link=&#8221;url:https%3A%2F%2Fwww.facebook.com%2Fevents%2F2096414910758795%3Factive_tab%3Dabout|target:_blank&#8221;][\/vc_column][vc_column width=&#8221;1\/3&#8243;][vc_single_image image=&#8221;187533&#8243; img_size=&#8221;large&#8221; alignment=&#8221;center&#8221; onclick=&#8221;link_image&#8221;][\/vc_column][\/vc_row][vc_row disable_element=&#8221;yes&#8221;][vc_column width=&#8221;2\/3&#8243;][vc_separator][\/vc_column][vc_column width=&#8221;1\/3&#8243;][\/vc_column][\/vc_row][vc_row disable_element=&#8221;yes&#8221;][vc_column width=&#8221;2\/3&#8243;][vc_separator][vc_separator][\/vc_column][vc_column width=&#8221;1\/3&#8243;][\/vc_column][\/vc_row][vc_row disable_element=&#8221;yes&#8221;][vc_column width=&#8221;2\/3&#8243;][vc_separator][vc_video link=&#8221;https:\/\/www.youtube.com\/watch?v=Qh-hqGdY1rU&amp;ab_channel=Katowice2024%E2%80%93EuropeanCityofScience&#8221; align=&#8221;center&#8221;][vc_separator][\/vc_column][vc_column width=&#8221;1\/3&#8243;][\/vc_column][\/vc_row][vc_row disable_element=&#8221;yes&#8221;][vc_column width=&#8221;2\/3&#8243;][\/vc_column][vc_column width=&#8221;1\/3&#8243;][\/vc_column][\/vc_row][vc_row disable_element=&#8221;yes&#8221;][vc_column][\/vc_column][\/vc_row][vc_row][vc_column width=&#8221;2\/3&#8243;][vc_separator][vc_separator][\/vc_column][vc_column width=&#8221;1\/3&#8243;][\/vc_column][\/vc_row][vc_row][vc_column width=&#8221;2\/3&#8243;][\/vc_column][vc_column width=&#8221;1\/3&#8243;][\/vc_column][\/vc_row] [&#8230;]<\/p>\n<p><a class=\"btn btn-secondary understrap-read-more-link\" href=\"https:\/\/us.edu.pl\/en\/tydzien-wiedzy-w-miescie-nauki-1-7-lipca-2024\/\">Read More&#8230;<\/a><\/p>\n","protected":false},"author":3279,"featured_media":186933,"comment_status":"closed","ping_status":"open","sticky":false,"template":"","format":"standard","meta":{"_expiration-date-status":"","_expiration-date":0,"_expiration-date-type":"","_expiration-date-categories":[],"_expiration-date-options":[]},"categories":[2175],"tags":[2186],"acf":[],"_links":{"self":[{"href":"https:\/\/us.edu.pl\/en\/wp-json\/wp\/v2\/posts\/186931"}],"collection":[{"href":"https:\/\/us.edu.pl\/en\/wp-json\/wp\/v2\/posts"}],"about":[{"href":"https:\/\/us.edu.pl\/en\/wp-json\/wp\/v2\/types\/post"}],"author":[{"embeddable":true,"href":"https:\/\/us.edu.pl\/en\/wp-json\/wp\/v2\/users\/3279"}],"replies":[{"embeddable":true,"href":"https:\/\/us.edu.pl\/en\/wp-json\/wp\/v2\/comments?post=186931"}],"version-history":[{"count":1,"href":"https:\/\/us.edu.pl\/en\/wp-json\/wp\/v2\/posts\/186931\/revisions"}],"predecessor-version":[{"id":187534,"href":"https:\/\/us.edu.pl\/en\/wp-json\/wp\/v2\/posts\/186931\/revisions\/187534"}],"wp:featuredmedia":[{"embeddable":true,"href":"https:\/\/us.edu.pl\/en\/wp-json\/wp\/v2\/media\/186933"}],"wp:attachment":[{"href":"https:\/\/us.edu.pl\/en\/wp-json\/wp\/v2\/media?parent=186931"}],"wp:term":[{"taxonomy":"category","embeddable":true,"href":"https:\/\/us.edu.pl\/en\/wp-json\/wp\/v2\/categories?post=186931"},{"taxonomy":"post_tag","embeddable":true,"href":"https:\/\/us.edu.pl\/en\/wp-json\/wp\/v2\/tags?post=186931"}],"curies":[{"name":"wp","href":"https:\/\/api.w.org\/{rel}","templated":true}]}}