{"id":1487,"date":"2020-06-17T14:04:04","date_gmt":"2020-06-17T12:04:04","guid":{"rendered":"https:\/\/us.edu.pl\/icrk\/?p=1487"},"modified":"2020-06-24T14:49:27","modified_gmt":"2020-06-24T12:49:27","slug":"artykul-nt-icrk-na-lamach-gazety-uniwersyteckiej-us","status":"publish","type":"post","link":"https:\/\/us.edu.pl\/icrk\/artykul-nt-icrk-na-lamach-gazety-uniwersyteckiej-us\/","title":{"rendered":"Artyku\u0142 nt. ICRK na \u0142amach \u201eGazety Uniwersyteckiej U\u015a\u201d"},"content":{"rendered":"<p><\/p>\n<p>[vc_row el_class=&#8221;container&#8221;][vc_column width=&#8221;2\/3&#8243;]\r\n                <div class=\"text-modules\">\r\n                    <div class=\"container\">\r\n                        \r\n                        <div class=\"text-modules__content\"><\/p>\n<p>W czerwcowym numerze \u201eGazety Uniwersyteckiej U\u015a\u201d \u2013 miesi\u0119cznika Uniwersytetu \u015al\u0105skiego \u2013 ukaza\u0142 si\u0119 artyku\u0142 prezentuj\u0105cy Interdyscyplinarne Centrum Rozwoju Kadr. W materiale mo\u017cna przeczyta\u0107 mi\u0119dzy innymi na temat idei i zada\u0144 stoj\u0105cych przed cz\u0142onkami zespo\u0142u Centrum oraz przyj\u0119tych przez nich warto\u015bci.<\/p>\n<p>Na \u0142amach miesi\u0119cznika przedstawione zosta\u0142y te\u017c za\u0142o\u017cenia i cele projektu pt. \u201eICRK \u2013 <em>think tank<\/em> ds. rozwoju kluczowych kompetencji kadr przysz\u0142o\u015bci dla polskiej nauki\u201d realizowanego w ramach konkursu Ministerstwa Nauki i Szkolnictwa Wy\u017cszego DIALOG.<\/p>\n<p>Artyku\u0142 \u201eDoskona\u0142o\u015b\u0107 badawcza w przyjaznym miejscu pracy\u201d, stanowi\u0105cy zaproszenie do wsp\u00f3\u0142pracy, adresowane do naukowc\u00f3w podejmuj\u0105cych tematy zwi\u0105zane z szeroko rozumianym funkcjonowaniem cz\u0142owieka w pracy, dost\u0119pny jest pod adresem: <a href=\"https:\/\/gazeta.us.edu.pl\/node\/427123\">www.gazeta.us.edu.pl<\/a>.<\/p>\n<p>\n<\/div>\r\n                    <\/div>\r\n                <\/div>[\/vc_column][vc_column width=&#8221;1\/3&#8243;]\r\n                <div class=\"text-modules\">\r\n                    <div class=\"container\">\r\n                        \r\n                        <div class=\"text-modules__content\"><\/p>\n<p><img class=\"alignnone size-medium wp-image-1490 aligncenter\" src=\"https:\/\/us.edu.pl\/icrk\/wp-content\/uploads\/sites\/55\/2020\/06\/Gazeta-Uniwersytecka-ok\u0142adka-415x600.png\" alt=\"Ok\u0142adka czerwcowego numeru \u201eGazety Uniwersyteckiej U\u015a\u201d\" width=\"90%\" height=\"auto\" srcset=\"https:\/\/us.edu.pl\/icrk\/wp-content\/uploads\/sites\/55\/2020\/06\/Gazeta-Uniwersytecka-ok\u0142adka-415x600.png 415w, https:\/\/us.edu.pl\/icrk\/wp-content\/uploads\/sites\/55\/2020\/06\/Gazeta-Uniwersytecka-ok\u0142adka-398x575.png 398w, https:\/\/us.edu.pl\/icrk\/wp-content\/uploads\/sites\/55\/2020\/06\/Gazeta-Uniwersytecka-ok\u0142adka.png 477w\" sizes=\"(max-width: 415px) 100vw, 415px\" \/><\/p>\n<p>\n<\/div>\r\n                    <\/div>\r\n                <\/div>[\/vc_column][\/vc_row]<\/p>\n<p><\/p>","protected":false},"excerpt":{"rendered":"<p>[vc_row el_class=&#8221;container&#8221;][vc_column width=&#8221;2\/3&#8243;][\/vc_column][vc_column width=&#8221;1\/3&#8243;][\/vc_column][\/vc_row] [&#8230;]<\/p>\n<p><a class=\"btn btn-secondary understrap-read-more-link\" href=\"https:\/\/us.edu.pl\/icrk\/artykul-nt-icrk-na-lamach-gazety-uniwersyteckiej-us\/\">Read More&#8230;<\/a><\/p>\n","protected":false},"author":139,"featured_media":1489,"comment_status":"open","ping_status":"open","sticky":false,"template":"","format":"standard","meta":{"_expiration-date-status":"saved","_expiration-date":0,"_expiration-date-type":"","_expiration-date-categories":[],"_expiration-date-options":[]},"categories":[9],"tags":[27,28],"acf":[],"_links":{"self":[{"href":"https:\/\/us.edu.pl\/icrk\/wp-json\/wp\/v2\/posts\/1487"}],"collection":[{"href":"https:\/\/us.edu.pl\/icrk\/wp-json\/wp\/v2\/posts"}],"about":[{"href":"https:\/\/us.edu.pl\/icrk\/wp-json\/wp\/v2\/types\/post"}],"author":[{"embeddable":true,"href":"https:\/\/us.edu.pl\/icrk\/wp-json\/wp\/v2\/users\/139"}],"replies":[{"embeddable":true,"href":"https:\/\/us.edu.pl\/icrk\/wp-json\/wp\/v2\/comments?post=1487"}],"version-history":[{"count":1,"href":"https:\/\/us.edu.pl\/icrk\/wp-json\/wp\/v2\/posts\/1487\/revisions"}],"predecessor-version":[{"id":1491,"href":"https:\/\/us.edu.pl\/icrk\/wp-json\/wp\/v2\/posts\/1487\/revisions\/1491"}],"wp:featuredmedia":[{"embeddable":true,"href":"https:\/\/us.edu.pl\/icrk\/wp-json\/wp\/v2\/media\/1489"}],"wp:attachment":[{"href":"https:\/\/us.edu.pl\/icrk\/wp-json\/wp\/v2\/media?parent=1487"}],"wp:term":[{"taxonomy":"category","embeddable":true,"href":"https:\/\/us.edu.pl\/icrk\/wp-json\/wp\/v2\/categories?post=1487"},{"taxonomy":"post_tag","embeddable":true,"href":"https:\/\/us.edu.pl\/icrk\/wp-json\/wp\/v2\/tags?post=1487"}],"curies":[{"name":"wp","href":"https:\/\/api.w.org\/{rel}","templated":true}]}}