{"id":1630,"date":"2020-07-07T16:34:57","date_gmt":"2020-07-07T14:34:57","guid":{"rendered":"https:\/\/us.edu.pl\/icrk\/?p=1630"},"modified":"2020-07-07T17:09:47","modified_gmt":"2020-07-07T15:09:47","slug":"icrk-warsztaty-eksperckiej-grupy-referencyjnej","status":"publish","type":"post","link":"https:\/\/us.edu.pl\/icrk\/icrk-warsztaty-eksperckiej-grupy-referencyjnej\/","title":{"rendered":"ICRK | Warsztaty eksperckiej grupy referencyjnej"},"content":{"rendered":"<p><\/p>\n<p>[vc_row][vc_column width=&#8221;2\/3&#8243;]\r\n                <div class=\"text-modules\">\r\n                    <div class=\"container\">\r\n                        \r\n                        <div class=\"text-modules__content\"><\/p>\n<p>Weryfikacja zakresu kompetencji oraz przypisanych wska\u017anik\u00f3w \u2013 to cel warsztat\u00f3w eksperckiej grupy referencyjnej, kt\u00f3re odby\u0142y si\u0119 7 lipca 2020 roku w ramach realizacji projektu pn. \u201eInterdyscyplinarne Centrum Rozwoju Kadr \u2013 <em>think tank<\/em> ds. rozwoju kluczowych kompetencji kadr przysz\u0142o\u015bci dla polskiej nauki\u201d.<\/p>\n<p>Naukowcy, dydaktycy i pracownicy wsparcia reprezentuj\u0105cy szesna\u015bcie polskich uczelni dyskutowali na temat projektowanego modelu kompetencji kadry badawczej oraz kadry wsparcia administracyjnego, kt\u00f3ry ma wspom\u00f3c zarz\u0105dzanie lud\u017ami w sektorze nauki i szkolnictwa wy\u017cszego, a tak\u017ce przyczyni\u0107 si\u0119 do umacniania pozycji polskiej nauki na arenie mi\u0119dzynarodowej.<\/p>\n<p>Do tej pory w ramach projektu wyodr\u0119bnionych zosta\u0142o ju\u017c ponad czterdzie\u015bci kompetencji wraz z przypisanymi do nich wska\u017anikami. Cz\u0142onkowie grupy eksperckiej, reprezentuj\u0105cy r\u00f3\u017cne polskie o\u015brodki akademickie, przesy\u0142ali swoje uwagi do zbioru, aby nast\u0119pnie podczas warsztat\u00f3w om\u00f3wi\u0107 proponowane zmiany.<\/p>\n<p>Wszystkie uwagi zostan\u0105 uwzgl\u0119dnione przy konstruowaniu modelu, a zestaw kompetencji b\u0119dzie jeszcze poddany ocenie ekspert\u00f3w zewn\u0119trznych. Docelowo narz\u0119dzie ma by\u0107 wdro\u017cone i przetestowane w kilku polskich uczelniach, w tym w Uniwersytecie \u015al\u0105skim w Katowicach.<\/p>\n<p>Spotkanie moderowa\u0142 dr Grzegorz Filipowicz, prezes Polskiego Stowarzyszenia HR Business Partner, ekspert w obszarze rozwoju zawodowego oraz budowy system\u00f3w kompetencji, dyrektor ds. merytorycznych ForFuture.<\/p>\n<p>Projekt, kierowany przez pe\u0142nomocnik rektora ds. rozwoju kadr prof. Barbar\u0119 Ko\u017cusznik, realizowany jest we wsp\u00f3\u0142pracy z Interdyscyplinarnym Centrum Rozwoju Kadr. Szczeg\u00f3\u0142owe informacje na temat inicjatywy dost\u0119pne s\u0105 na stronie: <a href=\"http:\/\/www.us.edu.pl\/icrk\/inicjatywy\">www.us.edu.pl<\/a>.<\/p>\n<p>\n<\/div>\r\n                    <\/div>\r\n                <\/div>[\/vc_column][vc_column width=&#8221;1\/3&#8243;]\r\n                <div class=\"text-modules\">\r\n                    <div class=\"container\">\r\n                        \r\n                        <div class=\"text-modules__content\"><\/p>\n<p><img class=\"alignnone size-medium wp-image-1631\" src=\"https:\/\/us.edu.pl\/icrk\/wp-content\/uploads\/sites\/55\/Obrazy\/spotkanie-online-600x450.jpg\" alt=\"Laptop z napisem spotkanie online\" width=\"100%\" height=\"auto\" srcset=\"https:\/\/us.edu.pl\/icrk\/wp-content\/uploads\/sites\/55\/Obrazy\/spotkanie-online-600x450.jpg 600w, https:\/\/us.edu.pl\/icrk\/wp-content\/uploads\/sites\/55\/Obrazy\/spotkanie-online-768x576.jpg 768w, https:\/\/us.edu.pl\/icrk\/wp-content\/uploads\/sites\/55\/Obrazy\/spotkanie-online-575x431.jpg 575w, https:\/\/us.edu.pl\/icrk\/wp-content\/uploads\/sites\/55\/Obrazy\/spotkanie-online.jpg 800w\" sizes=\"(max-width: 600px) 100vw, 600px\" \/><\/p>\n<p>\n<\/div>\r\n                    <\/div>\r\n                <\/div>[\/vc_column][\/vc_row]<\/p>\n<p><\/p>","protected":false},"excerpt":{"rendered":"<p>[vc_row][vc_column width=&#8221;2\/3&#8243;][\/vc_column][vc_column width=&#8221;1\/3&#8243;][\/vc_column][\/vc_row] [&#8230;]<\/p>\n<p><a class=\"btn btn-secondary understrap-read-more-link\" href=\"https:\/\/us.edu.pl\/icrk\/icrk-warsztaty-eksperckiej-grupy-referencyjnej\/\">Read More&#8230;<\/a><\/p>\n","protected":false},"author":139,"featured_media":1631,"comment_status":"open","ping_status":"open","sticky":false,"template":"","format":"standard","meta":{"_expiration-date-status":"saved","_expiration-date":0,"_expiration-date-type":"","_expiration-date-categories":[],"_expiration-date-options":[]},"categories":[10],"tags":[16,32],"acf":[],"_links":{"self":[{"href":"https:\/\/us.edu.pl\/icrk\/wp-json\/wp\/v2\/posts\/1630"}],"collection":[{"href":"https:\/\/us.edu.pl\/icrk\/wp-json\/wp\/v2\/posts"}],"about":[{"href":"https:\/\/us.edu.pl\/icrk\/wp-json\/wp\/v2\/types\/post"}],"author":[{"embeddable":true,"href":"https:\/\/us.edu.pl\/icrk\/wp-json\/wp\/v2\/users\/139"}],"replies":[{"embeddable":true,"href":"https:\/\/us.edu.pl\/icrk\/wp-json\/wp\/v2\/comments?post=1630"}],"version-history":[{"count":4,"href":"https:\/\/us.edu.pl\/icrk\/wp-json\/wp\/v2\/posts\/1630\/revisions"}],"predecessor-version":[{"id":1670,"href":"https:\/\/us.edu.pl\/icrk\/wp-json\/wp\/v2\/posts\/1630\/revisions\/1670"}],"wp:featuredmedia":[{"embeddable":true,"href":"https:\/\/us.edu.pl\/icrk\/wp-json\/wp\/v2\/media\/1631"}],"wp:attachment":[{"href":"https:\/\/us.edu.pl\/icrk\/wp-json\/wp\/v2\/media?parent=1630"}],"wp:term":[{"taxonomy":"category","embeddable":true,"href":"https:\/\/us.edu.pl\/icrk\/wp-json\/wp\/v2\/categories?post=1630"},{"taxonomy":"post_tag","embeddable":true,"href":"https:\/\/us.edu.pl\/icrk\/wp-json\/wp\/v2\/tags?post=1630"}],"curies":[{"name":"wp","href":"https:\/\/api.w.org\/{rel}","templated":true}]}}