{"id":454,"date":"2020-01-23T09:58:10","date_gmt":"2020-01-23T08:58:10","guid":{"rendered":"http:\/\/us.edu.pl\/icrk\/?p=454"},"modified":"2020-05-12T14:11:09","modified_gmt":"2020-05-12T12:11:09","slug":"spotkanie-dotyczace-tozsamosci-wizerunkowej-icrk","status":"publish","type":"post","link":"https:\/\/us.edu.pl\/icrk\/spotkanie-dotyczace-tozsamosci-wizerunkowej-icrk\/","title":{"rendered":"Spotkanie dotycz\u0105ce to\u017csamo\u015bci wizerunkowej ICRK"},"content":{"rendered":"<p>[vc_row][vc_column width=&#8221;2\/3&#8243;]\r\n                <div class=\"text-modules\">\r\n                    <div class=\"container\">\r\n                        \r\n                        <div class=\"text-modules__content\"><p>Opracowanie koncepcji komunikacji nt. dzia\u0142alno\u015bci Interdyscyplinarnego Centrum Rozwoju Kadr by\u0142o przedmiotem spotkania, kt\u00f3re odby\u0142o si\u0119 22 stycznia 2020 roku. W dyskusjach uczestniczyli cz\u0142onkowie zespo\u0142u centrum oraz osoby zaanga\u017cowane w realizacj\u0119 pierwszego projektu w ramach ICRK, kt\u00f3rego celem jest analiza kluczowych kompetencji kadr przysz\u0142o\u015bci dla polskiej nauki.<\/p>\n<p>Spotkanie prowadzi\u0142a dyrektor ICRK prof. dr hab. Barbara Ko\u017cusznik. Uczestnicy rozmawiali mi\u0119dzy innymi na temat misji i strategii rozwoju centrum oraz omawiali kluczowe zadania planowane w pierwszym kwartale 2020 roku. Przedmiotem dyskusji by\u0142y r\u00f3wnie\u017c kwestie zwi\u0105zane z budowaniem to\u017csamo\u015bci wizerunkowej centrum oraz zasad jego systemu identyfikacji wizualnej.<\/p>\n<\/div>\r\n                    <\/div>\r\n                <\/div>[\/vc_column][vc_column width=&#8221;1\/3&#8243;]\r\n                <div class=\"text-modules\">\r\n                    <div class=\"container\">\r\n                        \r\n                        <div class=\"text-modules__content\"><p><img class=\"alignnone wp-image-456\" src=\"http:\/\/us.edu.pl\/icrk\/wp-content\/uploads\/sites\/55\/2020\/05\/800x800_5-300x300.jpg\" alt=\"Napis ICRK oraz li\u015bcie\" width=\"450\" height=\"450\" srcset=\"https:\/\/us.edu.pl\/icrk\/wp-content\/uploads\/sites\/55\/2020\/05\/800x800_5-300x300.jpg 300w, https:\/\/us.edu.pl\/icrk\/wp-content\/uploads\/sites\/55\/2020\/05\/800x800_5-150x150.jpg 150w, https:\/\/us.edu.pl\/icrk\/wp-content\/uploads\/sites\/55\/2020\/05\/800x800_5-768x768.jpg 768w, https:\/\/us.edu.pl\/icrk\/wp-content\/uploads\/sites\/55\/2020\/05\/800x800_5-575x575.jpg 575w, https:\/\/us.edu.pl\/icrk\/wp-content\/uploads\/sites\/55\/2020\/05\/800x800_5.jpg 800w\" sizes=\"(max-width: 450px) 100vw, 450px\" \/><\/p>\n<\/div>\r\n                    <\/div>\r\n                <\/div>[\/vc_column][\/vc_row]<\/p>","protected":false},"excerpt":{"rendered":"<p>[vc_row][vc_column width=&#8221;2\/3&#8243;][\/vc_column][vc_column width=&#8221;1\/3&#8243;][\/vc_column][\/vc_row] [&#8230;]<\/p>\n<p><a class=\"btn btn-secondary understrap-read-more-link\" href=\"https:\/\/us.edu.pl\/icrk\/spotkanie-dotyczace-tozsamosci-wizerunkowej-icrk\/\">Read More&#8230;<\/a><\/p>\n","protected":false},"author":139,"featured_media":458,"comment_status":"open","ping_status":"open","sticky":false,"template":"","format":"standard","meta":{"_expiration-date-status":"saved","_expiration-date":0,"_expiration-date-type":"","_expiration-date-categories":[],"_expiration-date-options":[]},"categories":[9],"tags":[14,13],"acf":[],"_links":{"self":[{"href":"https:\/\/us.edu.pl\/icrk\/wp-json\/wp\/v2\/posts\/454"}],"collection":[{"href":"https:\/\/us.edu.pl\/icrk\/wp-json\/wp\/v2\/posts"}],"about":[{"href":"https:\/\/us.edu.pl\/icrk\/wp-json\/wp\/v2\/types\/post"}],"author":[{"embeddable":true,"href":"https:\/\/us.edu.pl\/icrk\/wp-json\/wp\/v2\/users\/139"}],"replies":[{"embeddable":true,"href":"https:\/\/us.edu.pl\/icrk\/wp-json\/wp\/v2\/comments?post=454"}],"version-history":[{"count":1,"href":"https:\/\/us.edu.pl\/icrk\/wp-json\/wp\/v2\/posts\/454\/revisions"}],"predecessor-version":[{"id":459,"href":"https:\/\/us.edu.pl\/icrk\/wp-json\/wp\/v2\/posts\/454\/revisions\/459"}],"wp:featuredmedia":[{"embeddable":true,"href":"https:\/\/us.edu.pl\/icrk\/wp-json\/wp\/v2\/media\/458"}],"wp:attachment":[{"href":"https:\/\/us.edu.pl\/icrk\/wp-json\/wp\/v2\/media?parent=454"}],"wp:term":[{"taxonomy":"category","embeddable":true,"href":"https:\/\/us.edu.pl\/icrk\/wp-json\/wp\/v2\/categories?post=454"},{"taxonomy":"post_tag","embeddable":true,"href":"https:\/\/us.edu.pl\/icrk\/wp-json\/wp\/v2\/tags?post=454"}],"curies":[{"name":"wp","href":"https:\/\/api.w.org\/{rel}","templated":true}]}}