{"id":548,"date":"2020-04-23T12:55:16","date_gmt":"2020-04-23T10:55:16","guid":{"rendered":"http:\/\/us.edu.pl\/icrk\/?p=548"},"modified":"2020-05-12T17:59:08","modified_gmt":"2020-05-12T15:59:08","slug":"online-spotkanie-eksperckie-proces-prowadzenia-badan","status":"publish","type":"post","link":"https:\/\/us.edu.pl\/icrk\/online-spotkanie-eksperckie-proces-prowadzenia-badan\/","title":{"rendered":"[online] Spotkanie eksperckie | Proces prowadzenia bada\u0144"},"content":{"rendered":"<p><\/p>\n<p>[vc_row][vc_column width=&#8221;2\/3&#8243;]\r\n                <div class=\"text-modules\">\r\n                    <div class=\"container\">\r\n                        \r\n                        <div class=\"text-modules__content\"><\/p>\n<p>Proces prowadzenia bada\u0144 naukowych to temat kolejnego spotkania eksperckiego, kt\u00f3re odby\u0142o si\u0119 w przestrzeni wirtualnej 22 kwietnia 2020 roku. Przedstawiciele grupy projektowej \u201eICRK \u2013 <em>think tank<\/em> ds. rozwoju kluczowych kompetencji kadr przysz\u0142o\u015bci dla polskiej nauki\u201d dyskutowali z reprezentantami kadry naukowej i wsparcia administracyjnego na temat kluczowych element\u00f3w przes\u0105dzaj\u0105cych o jako\u015bci prowadzonych bada\u0144 naukowych.<\/p>\n<p>W rozmowach udzia\u0142 wzi\u0119li dr hab. in\u017c. Olaf Flak, prof. U\u015a, prodziekan ds. umi\u0119dzynarodowienia i organizacji Szko\u0142y Filmowej im. Krzysztofa Kie\u015blowskiego U\u015a oraz dr Ma\u0142gorzata Chrupa\u0142a-Pniak, zast\u0119pca kierownika Dzia\u0142u HR i Komunikacji z Pracownikami U\u015a, a tak\u017ce: dr Maciej Kapkowski z Wydzia\u0142u Nauk \u015acis\u0142ych i Technicznych, dr Marek Marzec, prof. U\u015a z Wydzia\u0142u Nauk Przyrodniczych U\u015a, dr hab. Agnieszka Turska-Kawa, prof. U\u015a z Wydzia\u0142u Nauk Spo\u0142ecznych, Ewa Pa\u017adziora-Palus, kierownik organizacyjny Wydzia\u0142u Nauk Spo\u0142ecznych U\u015a oraz Magdalena Stryja, kierownik administracyjny Wydzia\u0142u Prawa i Administracji U\u015a.<\/p>\n<p>\n<\/div>\r\n                    <\/div>\r\n                <\/div>[\/vc_column][vc_column width=&#8221;1\/3&#8243;]\r\n                <div class=\"text-modules\">\r\n                    <div class=\"container\">\r\n                        \r\n                        <div class=\"text-modules__content\"><\/p>\n<p><img class=\"alignnone wp-image-549\" src=\"http:\/\/us.edu.pl\/icrk\/wp-content\/uploads\/sites\/55\/2020\/05\/brooke-lark-W1B2LpQOBxA-unsplash-600x450.jpg\" alt=\"Kobiece d\u0142onie i tablet oraz ro\u015bliny na stole\" width=\"500\" height=\"375\" srcset=\"https:\/\/us.edu.pl\/icrk\/wp-content\/uploads\/sites\/55\/2020\/05\/brooke-lark-W1B2LpQOBxA-unsplash-600x450.jpg 600w, https:\/\/us.edu.pl\/icrk\/wp-content\/uploads\/sites\/55\/2020\/05\/brooke-lark-W1B2LpQOBxA-unsplash-768x576.jpg 768w, https:\/\/us.edu.pl\/icrk\/wp-content\/uploads\/sites\/55\/2020\/05\/brooke-lark-W1B2LpQOBxA-unsplash-575x431.jpg 575w, https:\/\/us.edu.pl\/icrk\/wp-content\/uploads\/sites\/55\/2020\/05\/brooke-lark-W1B2LpQOBxA-unsplash.jpg 800w\" sizes=\"(max-width: 500px) 100vw, 500px\" \/><\/p>\n<p>\n<\/div>\r\n                    <\/div>\r\n                <\/div>[\/vc_column][\/vc_row]<\/p>\n<p><\/p>","protected":false},"excerpt":{"rendered":"<p>[vc_row][vc_column width=&#8221;2\/3&#8243;][\/vc_column][vc_column width=&#8221;1\/3&#8243;][\/vc_column][\/vc_row] [&#8230;]<\/p>\n<p><a class=\"btn btn-secondary understrap-read-more-link\" href=\"https:\/\/us.edu.pl\/icrk\/online-spotkanie-eksperckie-proces-prowadzenia-badan\/\">Read More&#8230;<\/a><\/p>\n","protected":false},"author":139,"featured_media":549,"comment_status":"open","ping_status":"open","sticky":false,"template":"","format":"standard","meta":{"_expiration-date-status":"saved","_expiration-date":0,"_expiration-date-type":"","_expiration-date-categories":[],"_expiration-date-options":[]},"categories":[10],"tags":[23,16],"acf":[],"_links":{"self":[{"href":"https:\/\/us.edu.pl\/icrk\/wp-json\/wp\/v2\/posts\/548"}],"collection":[{"href":"https:\/\/us.edu.pl\/icrk\/wp-json\/wp\/v2\/posts"}],"about":[{"href":"https:\/\/us.edu.pl\/icrk\/wp-json\/wp\/v2\/types\/post"}],"author":[{"embeddable":true,"href":"https:\/\/us.edu.pl\/icrk\/wp-json\/wp\/v2\/users\/139"}],"replies":[{"embeddable":true,"href":"https:\/\/us.edu.pl\/icrk\/wp-json\/wp\/v2\/comments?post=548"}],"version-history":[{"count":1,"href":"https:\/\/us.edu.pl\/icrk\/wp-json\/wp\/v2\/posts\/548\/revisions"}],"predecessor-version":[{"id":550,"href":"https:\/\/us.edu.pl\/icrk\/wp-json\/wp\/v2\/posts\/548\/revisions\/550"}],"wp:featuredmedia":[{"embeddable":true,"href":"https:\/\/us.edu.pl\/icrk\/wp-json\/wp\/v2\/media\/549"}],"wp:attachment":[{"href":"https:\/\/us.edu.pl\/icrk\/wp-json\/wp\/v2\/media?parent=548"}],"wp:term":[{"taxonomy":"category","embeddable":true,"href":"https:\/\/us.edu.pl\/icrk\/wp-json\/wp\/v2\/categories?post=548"},{"taxonomy":"post_tag","embeddable":true,"href":"https:\/\/us.edu.pl\/icrk\/wp-json\/wp\/v2\/tags?post=548"}],"curies":[{"name":"wp","href":"https:\/\/api.w.org\/{rel}","templated":true}]}}