{"id":2416,"date":"2022-10-20T11:58:43","date_gmt":"2022-10-20T09:58:43","guid":{"rendered":"https:\/\/us.edu.pl\/idb\/?p=2416"},"modified":"2022-10-25T12:37:04","modified_gmt":"2022-10-25T10:37:04","slug":"swoboda-badan-poczucie-stygmatyzacji-wsrod-osadzonych","status":"publish","type":"post","link":"https:\/\/us.edu.pl\/idb\/swoboda-badan-poczucie-stygmatyzacji-wsrod-osadzonych\/","title":{"rendered":"Swoboda bada\u0144 | Poczucie stygmatyzacji w\u015br\u00f3d osadzonych"},"content":{"rendered":"<p>[vc_row][vc_column][vc_empty_space][\/vc_column][\/vc_row][vc_row][vc_column width=&#8221;1\/3&#8243; css=&#8221;.vc_custom_1620308023905{background-color: #eaeaea !important;}&#8221;]\r\n                <div class=\"text-modules\">\r\n                    <div class=\"container\">\r\n                        \r\n                        <div class=\"text-modules__content\"><\/p>\n<p style=\"text-align: right;\"><strong><small><span style=\"letter-spacing: 0.6mm; color: #011535; font-size: 120%; font-family: PT Sans Narrow; font-weight: bolder;\">INICJATYWA DOSKONA\u0141O\u015aCI BADAWCZEJ<\/span><\/small><\/strong><\/p>\n<hr \/>\n<p style=\"text-align: right;\"><strong><small><span style=\"letter-spacing: 0.4mm; color: #9b132a; font-size: 130%; font-family: PT Sans Narrow;\">SWOBODA BADA\u0143 \u2013 NAUKA DLA PRZYSZ\u0141O\u015aCI<\/span><\/small><\/strong><\/p>\n<p>\n<\/div>\r\n                    <\/div>\r\n                <\/div><div class=\"container\"><div class=\"separator\" style=\"background-color: #002E5A\"><\/div><\/div>\r\n                <div class=\"text-modules\">\r\n                    <div class=\"container\">\r\n                        \r\n                        <div class=\"text-modules__content\"><\/p>\n<p style=\"font-size: 110%; color: #011535; font-family: 'PT Sans Narrow'; text-align: right;\">Cykl \u201eSwoboda bada\u0144 \u2013 nauka dla przysz\u0142o\u015bci\u201d to artyku\u0142y, wywiady i kr\u00f3tkie filmy prezentuj\u0105ce badania laureat\u00f3w konkursu \u201eSwoboda bada\u0144\u201d<\/p>\n<p>\n<\/div>\r\n                    <\/div>\r\n                <\/div>[vc_btn title=&#8221;CYKL \u201eSWOBODA BADA\u0143 \u2013 NAUKA DLA PRZYSZ\u0141O\u015aCI\u201d&#8221; style=&#8221;classic&#8221; shape=&#8221;square&#8221; color=&#8221;blue&#8221; size=&#8221;sm&#8221; align=&#8221;right&#8221; css=&#8221;.vc_custom_1620714581867{margin-top: 4px !important;margin-right: 0px !important;border-top-width: 0px !important;border-right-width: 0px !important;padding-top: 0px !important;padding-right: 0px !important;}&#8221; link=&#8221;url:https%3A%2F%2Fus.edu.pl%2Finicjatywadoskonalosci%2Fswoboda-badan-nauka-dla-przyszlosci%2F|||&#8221;][\/vc_column][vc_column width=&#8221;2\/3&#8243;][vc_column_text css=&#8221;.vc_custom_1666259942441{margin-bottom: 0px !important;border-bottom-width: 0px !important;padding-bottom: 0px !important;padding-left: 10px !important;}&#8221;]<\/p>\n<p style=\"font-size: 200%; font-family: PT Sans Narrow; color: #002e5a;\"><strong>dr Wiola Friedrich<\/strong><\/p>\n<p>[\/vc_column_text][vc_row_inner css=&#8221;.vc_custom_1620304473772{margin-top: 0px !important;border-top-width: 0px !important;padding-top: 0px !important;}&#8221;][vc_column_inner width=&#8221;2\/3&#8243;][vc_empty_space height=&#8221;2px&#8221; css=&#8221;.vc_custom_1620304425731{background-color: #9b132a !important;}&#8221;][\/vc_column_inner][vc_column_inner width=&#8221;1\/3&#8243;][\/vc_column_inner][\/vc_row_inner]\r\n                <div class=\"text-modules\">\r\n                    <div class=\"container\">\r\n                        \r\n                        <div class=\"text-modules__content\"><\/p>\n<h3 style=\"font-size: 120%; font-family: PT Sans Narrow; color: #002e5a;\">Poczucie stygmatyzacji w\u015br\u00f3d osadzonych<\/h3>\n<p>\n<\/div>\r\n                    <\/div>\r\n                <\/div>\r\n                <div class=\"text-modules\">\r\n                    <div class=\"container\">\r\n                        \r\n                        <div class=\"text-modules__content\"><p><span style=\"font-size: 10pt;\">| Olimpia Orz\u0105da\u0142a |<\/span><\/p>\n<p>Kara pozbawienia wolno\u015bci cz\u0119sto wi\u0105\u017ce si\u0119 z ca\u0142kowit\u0105 izolacj\u0105 od \u015bwiata zewn\u0119trznego. W zak\u0142adach karnych typu zamkni\u0119tego osadzeni sp\u0119dzaj\u0105 w swojej celi dwadzie\u015bcia trzy godziny na dob\u0119. Sprzyja to poczuciu stygmatyzacji w\u015br\u00f3d wi\u0119\u017ani\u00f3w. Badaniem tego aspektu zaj\u0119\u0142a si\u0119 dr Wiola Friedrich z Instytutu Psychologii Uniwersytetu \u015al\u0105skiego w Katowicach w ramach pierwszej edycji konkursu pn. \u201eSwoboda bada\u0144\u201d Inicjatywy Doskona\u0142o\u015bci Badawczej.<\/p>\n<\/div>\r\n                    <\/div>\r\n                <\/div>\r\n                <div class=\"text-modules\">\r\n                    <div class=\"container\">\r\n                        \r\n                        <div class=\"text-modules__content\"><\/p>\n<figure id=\"attachment_2419\" aria-describedby=\"caption-attachment-2419\" style=\"width: 428px\" class=\"wp-caption aligncenter\"><img loading=\"lazy\" class=\"size-medium wp-image-2419\" src=\"http:\/\/us.edu.pl\/idb\/wp-content\/uploads\/sites\/72\/fotografie\/swoboda-badan-I\/dr-Wiola-Friedrich-\u2014-kopia-428x600.jpg\" alt=\"dr Wiola Friedrich\" width=\"428\" height=\"600\" srcset=\"https:\/\/us.edu.pl\/idb\/wp-content\/uploads\/sites\/72\/fotografie\/swoboda-badan-I\/dr-Wiola-Friedrich-\u2014-kopia-428x600.jpg 428w, https:\/\/us.edu.pl\/idb\/wp-content\/uploads\/sites\/72\/fotografie\/swoboda-badan-I\/dr-Wiola-Friedrich-\u2014-kopia-410x575.jpg 410w, https:\/\/us.edu.pl\/idb\/wp-content\/uploads\/sites\/72\/fotografie\/swoboda-badan-I\/dr-Wiola-Friedrich-\u2014-kopia.jpg 571w\" sizes=\"(max-width: 428px) 100vw, 428px\" \/><figcaption id=\"caption-attachment-2419\" class=\"wp-caption-text\"><span style=\"font-size: 10pt;\">Dr Wiola Friedrich z Instytutu Psychologii Uniwersytetu \u015al\u0105skiego w Katowicach | fot. archiwum prywatne dr W. Friedrich<\/span><\/figcaption><\/figure>\n<p>\n<\/div>\r\n                    <\/div>\r\n                <\/div>\r\n                <div class=\"text-modules\">\r\n                    <div class=\"container\">\r\n                        \r\n                        <div class=\"text-modules__content\"><p>Celem naukowczyni by\u0142o opracowanie polskiej wersji angloj\u0119zycznego narz\u0119dzia do pomiaru poczucia stygmatyzacji osadzonych \u2013 Self-stigma of Individuals with Criminal Records (SSICR).<\/p>\n<p>Laureatka konkursu przeprowadzi\u0142a ankiety w pi\u0119ciu jednostkach penitencjarnych: w aresztach \u015bledczych\u00a0w Katowicach, Sosnowcu i Mys\u0142owicach, a tak\u017ce w zak\u0142adach karnych w Raciborzu i Wojkowicach. Badaniami obj\u0119\u0142a 186 m\u0119\u017cczyzn \u2013 zar\u00f3wno karanych po raz pierwszy, jak i recydywist\u00f3w.<\/p>\n<p>\u2013 Zawsze staram si\u0119, by grupa by\u0142a r\u00f3\u017cnorodna \u2013 podkre\u015bla psycholo\u017cka z Uniwersytetu \u015al\u0105skiego. \u2013 Dzi\u0119ki temu mog\u0119 por\u00f3wnywa\u0107 wyniki. W kolejnych badaniach b\u0119d\u0119 opisywa\u0107, jak silne jest poczucie stygmatyzacji i jaki jest jego zwi\u0105zek z cechami osobowo\u015bciowymi oraz poczuciem l\u0119ku. Mam tak\u0105 hipotez\u0119, \u017ce poczucie stygmatyzacji jest wy\u017csze u recydywist\u00f3w.<\/p>\n<p>Na pocz\u0105tku osadzeni wype\u0142niali ankiet\u0119 autorstwa dr W. Friedrich, kt\u00f3ra zawiera\u0142a m.in. pytania demograficzne i penitencjarne \u2013 za co zosta\u0142 zas\u0105dzony wyrok, jaka jest d\u0142ugo\u015b\u0107 kary oraz czy dana osoba by\u0142a wcze\u015bniej karana. Opr\u00f3cz tego naukowczyni wykorzysta\u0142a inne kwestionariusze: STAI do badania poczucia l\u0119ku jako stanu i cechy, SES mierz\u0105cy samoocen\u0119 oraz skal\u0119 depresji Becka. W samym kwestionariuszu SSICR wi\u0119\u017aniowie odpowiadali na pytania zwi\u0105zane z trzema aspektami.<\/p>\n<p>\u2013 Po pierwsze, pytania dotyczy\u0142y tego, co osadzeni uwa\u017caj\u0105, \u017ce spo\u0142ecze\u0144stwo o nich my\u015bli (np. \u201eMoim zdaniem spo\u0142ecze\u0144stwo s\u0105dzi, \u017ce wi\u0119kszo\u015bci os\u00f3b z kryminaln\u0105 przesz\u0142o\u015bci\u0105 nie mo\u017cna ufa\u0107\u201d). Po drugie, ankietowani wyra\u017cali swoje opinie o innych wi\u0119\u017aniach (np. \u201eMoim zdaniem wi\u0119kszo\u015b\u0107 os\u00f3b z kryminaln\u0105 przesz\u0142o\u015bci\u0105 jest odra\u017caj\u0105ca\u201d). Po trzecie, odnosili si\u0119 do swoich pogl\u0105d\u00f3w na w\u0142asny temat (np. \u201eZ uwagi na to, \u017ce mam kryminaln\u0105 przesz\u0142o\u015b\u0107, mam iloraz inteligencji poni\u017cej \u015bredniej\u201d) \u2013 wyja\u015bnia laureatka konkursu pn. \u201eSwoboda bada\u0144\u201d.<\/p>\n<p>Kwestionariusz SSICR, za zgod\u0105 jego ameryka\u0144skich autor\u00f3w, zosta\u0142 zaadaptowany do polskich warunk\u00f3w.<\/p>\n<p>\u2013 Mam nadziej\u0119, \u017ce pracownicy i studenci b\u0119d\u0105 z niego korzysta\u0107 w swoich badaniach \u2013 m\u00f3wi psycholo\u017cka. Narz\u0119dzie zosta\u0142o udost\u0119pnione w artykule opublikowanym w czasopi\u015bmie <a href=\"http:\/\/www.resocjalizacjapolska.pl\/index.php\/rp\/article\/view\/371\" rel=\"nofollow \">\u201eResocjalizacja Polska\u201d<\/a>.<\/p>\n<p>To niejedyne badania dr W. Friedrich prowadzone w\u015br\u00f3d wi\u0119\u017ani\u00f3w. Naukowczyni szczeg\u00f3lnie interesuje si\u0119 psychologi\u0105 penitencjarn\u0105. Pierwsze swoje badania w zak\u0142adach karnych realizowa\u0142a podczas pisania pracy magisterskiej, kt\u00f3ra po\u015bwi\u0119cona by\u0142a osobowo\u015bciowej i temperamentalnej charakterystyki sprawczy\u0144 przest\u0119pstw.<\/p>\n<p>\u2013 Mam sw\u00f3j spos\u00f3b na osadzonych \u2013 m\u00f3wi psycholo\u017cka. \u2013 Zawsze staram si\u0119, aby badania by\u0142y przeprowadzane indywidualnie. Poczucie autonomii i decydowania o sobie jest dla wi\u0119\u017ani\u00f3w bardzo wa\u017cne, poniewa\u017c jest to jednak kara pozbawienia wolno\u015bci i w zak\u0142adach karnych ich prawa s\u0105 ograniczane, wi\u0119c samodzielne podejmowanie decyzji o tym, czy wezm\u0105 udzia\u0142 w badaniu, czy nie, jest kluczem, by wsp\u00f3\u0142pracowali. Niekt\u00f3rzy nawet lubi\u0105 bra\u0107 udzia\u0142 w badaniach, bo mog\u0105 wyj\u015b\u0107 z celi i porozmawia\u0107 z kim\u015b z zewn\u0105trz.<\/p>\n<p>Dr W. Friedrich ko\u0144czy aktualnie pisa\u0107 artyku\u0142 dotycz\u0105cy funkcjonowania osadzonych w czasie pandemii, kt\u00f3ra zdaniem psycholo\u017cki jeszcze bardziej zwi\u0119ksza\u0142a w\u015br\u00f3d osadzonych poczucie izolacji. Badania, realizowane cz\u0119\u015bciowo w ramach <a href=\"https:\/\/us.edu.pl\/idb\/horyzonty\/prisoninpandemic\/\">projektu dofinansowanego w konkursie pn. \u201eHoryzont Postcovidowy\u201d Inicjatywy Doskona\u0142o\u015bci Badawczej<\/a>, by\u0142y przeprowadzone na prze\u0142omie 2021 i 2022 roku.<\/p>\n<p>Naukowczyni planuje r\u00f3wnie\u017c badania po\u015bwi\u0119cone osadzonym kobietom w ci\u0105\u017cy lub do\u015bwiadczeniom macierzy\u0144stwa w izolacji wi\u0119ziennej.<\/p>\n<p>\u2013 My\u015bl\u0119, \u017ce b\u0119dzie to trudne, bo kobiet jest bardzo ma\u0142o w populacji wi\u0119ziennej. To tylko kilka procent, a ci\u0119\u017carnych jest jeszcze mniej. By\u0107 mo\u017ce zajm\u0119 si\u0119 bardziej do\u015bwiadczaniem macierzy\u0144stwa zza krat. To temat dosy\u0107 pomijany \u2013 m\u00f3wi dr W. Friedrich.<\/p>\n<\/div>\r\n                    <\/div>\r\n                <\/div>[\/vc_column][\/vc_row]<\/p>","protected":false},"excerpt":{"rendered":"<p>[vc_row][vc_column][vc_empty_space][\/vc_column][\/vc_row][vc_row][vc_column width=&#8221;1\/3&#8243; css=&#8221;.vc_custom_1620308023905{background-color: #eaeaea !important;}&#8221;][vc_btn title=&#8221;CYKL \u201eSWOBODA BADA\u0143 \u2013 NAUKA DLA PRZYSZ\u0141O\u015aCI\u201d&#8221; style=&#8221;classic&#8221; shape=&#8221;square&#8221; color=&#8221;blue&#8221; size=&#8221;sm&#8221; align=&#8221;right&#8221; css=&#8221;.vc_custom_1620714581867{margin-top: 4px !important;margin-right: 0px !important;border-top-width: 0px !important;border-right-width: 0px !important;padding-top: 0px !important;padding-right: 0px !important;}&#8221; link=&#8221;url:https%3A%2F%2Fus.edu.pl%2Finicjatywadoskonalosci%2Fswoboda-badan-nauka-dla-przyszlosci%2F|||&#8221;][\/vc_column][vc_column width=&#8221;2\/3&#8243;][vc_column_text css=&#8221;.vc_custom_1666259942441{margin-bottom: 0px !important;border-bottom-width: 0px !important;padding-bottom: 0px !important;padding-left: 10px !important;}&#8221;] dr Wiola Friedrich [\/vc_column_text][vc_row_inner css=&#8221;.vc_custom_1620304473772{margin-top: 0px !important;border-top-width: 0px !important;padding-top: 0px !important;}&#8221;][vc_column_inner width=&#8221;2\/3&#8243;][vc_empty_space height=&#8221;2px&#8221; css=&#8221;.vc_custom_1620304425731{background-color: [&#8230;]<\/p>\n<p><a class=\"btn btn-secondary understrap-read-more-link\" href=\"https:\/\/us.edu.pl\/idb\/swoboda-badan-poczucie-stygmatyzacji-wsrod-osadzonych\/\">Read More&#8230;<\/a><\/p>\n","protected":false},"author":33,"featured_media":2420,"comment_status":"open","ping_status":"open","sticky":false,"template":"","format":"standard","meta":{"_expiration-date-status":"","_expiration-date":0,"_expiration-date-type":"","_expiration-date-categories":[],"_expiration-date-options":[]},"categories":[10,19,12],"tags":[],"acf":[],"_links":{"self":[{"href":"https:\/\/us.edu.pl\/idb\/wp-json\/wp\/v2\/posts\/2416"}],"collection":[{"href":"https:\/\/us.edu.pl\/idb\/wp-json\/wp\/v2\/posts"}],"about":[{"href":"https:\/\/us.edu.pl\/idb\/wp-json\/wp\/v2\/types\/post"}],"author":[{"embeddable":true,"href":"https:\/\/us.edu.pl\/idb\/wp-json\/wp\/v2\/users\/33"}],"replies":[{"embeddable":true,"href":"https:\/\/us.edu.pl\/idb\/wp-json\/wp\/v2\/comments?post=2416"}],"version-history":[{"count":5,"href":"https:\/\/us.edu.pl\/idb\/wp-json\/wp\/v2\/posts\/2416\/revisions"}],"predecessor-version":[{"id":2424,"href":"https:\/\/us.edu.pl\/idb\/wp-json\/wp\/v2\/posts\/2416\/revisions\/2424"}],"wp:featuredmedia":[{"embeddable":true,"href":"https:\/\/us.edu.pl\/idb\/wp-json\/wp\/v2\/media\/2420"}],"wp:attachment":[{"href":"https:\/\/us.edu.pl\/idb\/wp-json\/wp\/v2\/media?parent=2416"}],"wp:term":[{"taxonomy":"category","embeddable":true,"href":"https:\/\/us.edu.pl\/idb\/wp-json\/wp\/v2\/categories?post=2416"},{"taxonomy":"post_tag","embeddable":true,"href":"https:\/\/us.edu.pl\/idb\/wp-json\/wp\/v2\/tags?post=2416"}],"curies":[{"name":"wp","href":"https:\/\/api.w.org\/{rel}","templated":true}]}}