{"id":1487,"date":"2020-10-08T13:37:40","date_gmt":"2020-10-08T11:37:40","guid":{"rendered":"https:\/\/us.edu.pl\/instytut\/ibbios\/?p=1487"},"modified":"2022-03-02T12:39:39","modified_gmt":"2022-03-02T11:39:39","slug":"nowe-wladze-instytutu-biologii-biotechnologii-i-ochrony-srodowiska-us","status":"publish","type":"post","link":"https:\/\/us.edu.pl\/instytut\/ibbios\/2020\/10\/08\/nowe-wladze-instytutu-biologii-biotechnologii-i-ochrony-srodowiska-us\/","title":{"rendered":"Nowe W\u0142adze Instytutu Biologii, Biotechnologii i Ochrony \u015arodowiska U\u015a"},"content":{"rendered":"<p>[vc_row][vc_column][vc_column_text]<\/p>\n<p style=\"text-align: center\"><span style=\"font-size: 14pt\"><strong><em><img class=\"alignright wp-image-888 size-medium\" src=\"https:\/\/us.edu.pl\/instytut\/ibbios\/wp-content\/uploads\/sites\/36\/Nieprzypisane\/bankowa-300x200.jpg\" alt=\"\" width=\"300\" height=\"200\" srcset=\"https:\/\/us.edu.pl\/instytut\/ibbios\/wp-content\/uploads\/sites\/36\/Nieprzypisane\/bankowa-300x200.jpg 300w, https:\/\/us.edu.pl\/instytut\/ibbios\/wp-content\/uploads\/sites\/36\/Nieprzypisane\/bankowa-768x513.jpg 768w, https:\/\/us.edu.pl\/instytut\/ibbios\/wp-content\/uploads\/sites\/36\/Nieprzypisane\/bankowa-575x384.jpg 575w, https:\/\/us.edu.pl\/instytut\/ibbios\/wp-content\/uploads\/sites\/36\/Nieprzypisane\/bankowa.jpg 800w\" sizes=\"(max-width: 300px) 100vw, 300px\" \/><\/em><\/strong><\/span><\/p>\n<p><img class=\"wp-image-884 size-medium alignright\" src=\"https:\/\/us.edu.pl\/instytut\/ibbios\/wp-content\/uploads\/sites\/36\/Nieprzypisane\/DSC02869-300x195.jpeg\" alt=\"\" width=\"300\" height=\"195\" srcset=\"https:\/\/us.edu.pl\/instytut\/ibbios\/wp-content\/uploads\/sites\/36\/Nieprzypisane\/DSC02869-300x195.jpeg 300w, https:\/\/us.edu.pl\/instytut\/ibbios\/wp-content\/uploads\/sites\/36\/Nieprzypisane\/DSC02869-768x500.jpeg 768w, https:\/\/us.edu.pl\/instytut\/ibbios\/wp-content\/uploads\/sites\/36\/Nieprzypisane\/DSC02869-1024x667.jpeg 1024w, https:\/\/us.edu.pl\/instytut\/ibbios\/wp-content\/uploads\/sites\/36\/Nieprzypisane\/DSC02869-575x374.jpeg 575w\" sizes=\"(max-width: 300px) 100vw, 300px\" \/><\/p>\n<p style=\"text-align: center\"><span style=\"font-size: 14pt\"><strong><em>Szanowni Pa\u0144stwo,<\/em><\/strong><\/span><\/p>\n<p style=\"text-align: center\"><span style=\"font-size: 14pt\"><strong><em>Mi\u0142o nam poinformowa\u0107, \u017ce z dniem 1 pa\u017adziernika 2020 roku na stanowisko Dyrektora Instytutu Biologii, Biotechnologii i Ochrony \u015arodowiska zosta\u0142a powo\u0142ana Pani dr hab. Danuta Wojcieszy\u0144ska,prof U\u015a. Natomiast na stanowisko Zast\u0119pcy Dyrektora zosta\u0142 powo\u0142any Pan dr Mariusz Kanturski, prof U\u015a.<\/em><\/strong><\/span><\/p>\n<p>[\/vc_column_text][\/vc_column][\/vc_row]<\/p>","protected":false},"excerpt":{"rendered":"<p>[vc_row][vc_column][vc_column_text] Szanowni Pa\u0144stwo, Mi\u0142o nam poinformowa\u0107, \u017ce z dniem 1 pa\u017adziernika 2020 roku na stanowisko Dyrektora Instytutu Biologii, Biotechnologii i Ochrony \u015arodowiska zosta\u0142a powo\u0142ana Pani dr hab. Danuta Wojcieszy\u0144ska,prof U\u015a. Natomiast na stanowisko Zast\u0119pcy Dyrektora zosta\u0142 powo\u0142any Pan dr Mariusz Kanturski, prof U\u015a. [\/vc_column_text][\/vc_column][\/vc_row] [&#8230;]<\/p>\n<p><a class=\"btn btn-secondary understrap-read-more-link\" href=\"https:\/\/us.edu.pl\/instytut\/ibbios\/2020\/10\/08\/nowe-wladze-instytutu-biologii-biotechnologii-i-ochrony-srodowiska-us\/\">Read More&#8230;<\/a><\/p>\n","protected":false},"author":2283,"featured_media":886,"comment_status":"open","ping_status":"open","sticky":false,"template":"","format":"standard","meta":{"_expiration-date-status":"saved","_expiration-date":0,"_expiration-date-type":"","_expiration-date-categories":[],"_expiration-date-options":[]},"categories":[13,9],"tags":[],"acf":[],"_links":{"self":[{"href":"https:\/\/us.edu.pl\/instytut\/ibbios\/wp-json\/wp\/v2\/posts\/1487"}],"collection":[{"href":"https:\/\/us.edu.pl\/instytut\/ibbios\/wp-json\/wp\/v2\/posts"}],"about":[{"href":"https:\/\/us.edu.pl\/instytut\/ibbios\/wp-json\/wp\/v2\/types\/post"}],"author":[{"embeddable":true,"href":"https:\/\/us.edu.pl\/instytut\/ibbios\/wp-json\/wp\/v2\/users\/2283"}],"replies":[{"embeddable":true,"href":"https:\/\/us.edu.pl\/instytut\/ibbios\/wp-json\/wp\/v2\/comments?post=1487"}],"version-history":[{"count":5,"href":"https:\/\/us.edu.pl\/instytut\/ibbios\/wp-json\/wp\/v2\/posts\/1487\/revisions"}],"predecessor-version":[{"id":1492,"href":"https:\/\/us.edu.pl\/instytut\/ibbios\/wp-json\/wp\/v2\/posts\/1487\/revisions\/1492"}],"wp:featuredmedia":[{"embeddable":true,"href":"https:\/\/us.edu.pl\/instytut\/ibbios\/wp-json\/wp\/v2\/media\/886"}],"wp:attachment":[{"href":"https:\/\/us.edu.pl\/instytut\/ibbios\/wp-json\/wp\/v2\/media?parent=1487"}],"wp:term":[{"taxonomy":"category","embeddable":true,"href":"https:\/\/us.edu.pl\/instytut\/ibbios\/wp-json\/wp\/v2\/categories?post=1487"},{"taxonomy":"post_tag","embeddable":true,"href":"https:\/\/us.edu.pl\/instytut\/ibbios\/wp-json\/wp\/v2\/tags?post=1487"}],"curies":[{"name":"wp","href":"https:\/\/api.w.org\/{rel}","templated":true}]}}