{"id":4352,"date":"2022-03-28T14:21:37","date_gmt":"2022-03-28T12:21:37","guid":{"rendered":"https:\/\/us.edu.pl\/instytut\/ibbios\/?p=4352"},"modified":"2022-03-28T14:21:37","modified_gmt":"2022-03-28T12:21:37","slug":"konferencja-8th-eurobiotech","status":"publish","type":"post","link":"https:\/\/us.edu.pl\/instytut\/ibbios\/2022\/03\/28\/konferencja-8th-eurobiotech\/","title":{"rendered":"Konferencja 8th EUROBIOTECH"},"content":{"rendered":"<p>[vc_row][vc_column]\r\n                <div class=\"text-modules\">\r\n                    <div class=\"container\">\r\n                        \r\n                        <div class=\"text-modules__content\"><p><span style=\"font-size: 12pt;\">W imieniu Komitetu Biotechnologii PAN i Komitetu Organizacyjnego\u00a0<span class=\"xxxmarkfe1o7c4rf\">Eurobiotech<\/span>\u00a02022 serdecznie zapraszam Pa\u0144stwa do udzia\u0142u w konferencji\u00a0<span style=\"color: #000080;\"><strong>8th EUROBIOTECH<\/strong><\/span>,kt\u00f3ra odb\u0119dzie si\u0119<strong>\u00a0w dniach 20-22 czerwca 2022 r. w Krakowie,<\/strong><strong>\u00a0<\/strong><a href=\"https:\/\/www.eurobiotech.krakow.pl\/gb\/\">https:\/\/www.eurobiotech.krakow.pl\/gb\/<\/a><span class=\"xxxmsohyperlink\"><u>.<\/u><\/span><\/span><\/p>\n<\/div>\r\n                    <\/div>\r\n                <\/div>[vc_single_image image=&#8221;4356&#8243; img_size=&#8221;full&#8221;][vc_column_text]<\/p>\n<p style=\"margin: 0cm 0cm 0.0001pt; background: white none repeat scroll 0% 0%; text-align: left;\"><span style=\"font-size: 12pt; font-family: verdana, geneva, sans-serif;\">Serdecznie zapraszamy wszystkich zainteresowanych <strong>biologi\u0105 kom\u00f3rek macierzystych, terapi\u0105 genow\u0105 i odkrywaniem lek\u00f3w<\/strong><span class=\"xxxjlqj4b\">.<\/span><span class=\"xxxviiyi\">\u00a0Podczas konferencji o<\/span><span class=\"xxxjlqj4b\">m\u00f3wione zostan\u0105 nowoczesne narz\u0119dzia wykorzystywane w\u00a0<\/span><strong>in\u017cynierii genetycznej<\/strong><span class=\"xxxjlqj4b\">, takie jak<\/span><strong>\u00a0<\/strong><strong>edycja i transfer gen\u00f3w<\/strong><span class=\"xxxjlqj4b\">, badania podstawowe i translacyjne w biologii kom\u00f3rek macierzystych oraz\u00a0<\/span><strong>nowe metody modelowania chor\u00f3b i bada\u0144 lek\u00f3w<\/strong><span class=\"xxxjlqj4b\">, w tym\u00a0<\/span><strong>poszukiwanie szczepionek przeciwko koronawirusowi<\/strong><span class=\"xxxjlqj4b\">.<\/span><span class=\"xxxviiyi\">\u00a0<\/span><span class=\"xxxjlqj4b\">Znaczna cz\u0119\u015b\u0107 kongresu b\u0119dzie po\u015bwi\u0119cona aspektom\u00a0<\/span><strong>edycji gen\u00f3w w biotechnologii ro\u015blin.\u00a0<\/strong><\/span><\/p>\n<p style=\"margin: 0cm 0cm 0.0001pt; background: white none repeat scroll 0% 0%; text-align: left;\"><span style=\"font-size: 12pt; font-family: verdana, geneva, sans-serif;\"><strong>\u00a0<\/strong><\/span><\/p>\n<p style=\"margin: 0cm 0cm 0.0001pt; background: white none repeat scroll 0% 0%; text-align: left;\"><span style=\"font-size: 12pt; font-family: verdana, geneva, sans-serif;\">Szczeg\u00f3\u0142owy zakres tematyczny konferencji dost\u0119pny na stronie:<em>\u00a0<\/em><b><\/b><a href=\"https:\/\/www.eurobiotech.krakow.pl\/gb\/programme\/topics.html\"><em><b>Sesje<\/b><\/em><strong><i><span style=\"text-decoration: none;\">8th EUROBIOTECH<\/span><\/i><\/strong><\/a><em>.<\/em><\/span><\/p>\n<p style=\"margin: 0cm 0cm 0.0001pt; background: white none repeat scroll 0% 0%; text-align: left;\"><span style=\"font-size: 12pt; font-family: verdana, geneva, sans-serif;\"><em>\u00a0<\/em><\/span><\/p>\n<p style=\"margin: 0cm 0cm 0.0001pt; background: white none repeat scroll 0% 0%; text-align: left;\"><span style=\"font-size: 12pt; font-family: verdana, geneva, sans-serif;\">Maj\u0105c na uwadze du\u017ce zainteresowanie osi\u0105gni\u0119ciami biotechnologii medycznej organizatorzy planuj\u0105\u00a0<strong>dwie sesje w j\u0119zyku polskim<\/strong>\u00a0po\u015bwi\u0119cone\u00a0<strong>terapiom genowym i kom\u00f3rkowym<\/strong>\u00a0(21 czerwca) i osi\u0105gni\u0119ciom<strong>\u00a0nauki i medycyny w walce z pandemi\u0105 COVID-19\u00a0<\/strong>(na zako\u0144czenie konferencji). Obydwie b\u0119d\u0105\u00a0transmitowane on-line.\u00a0<\/span><\/p>\n<p style=\"margin: 0cm 0cm 0.0001pt; line-height: 18pt; background: white none repeat scroll 0% 0%; text-align: left;\"><span style=\"font-size: 12pt; font-family: verdana, geneva, sans-serif;\"><strong>\u00a0<\/strong><\/span><\/p>\n<p style=\"margin: 0cm 0cm 0.0001pt; background: white none repeat scroll 0% 0%; text-align: left;\"><span style=\"font-size: 12pt; font-family: verdana, geneva, sans-serif;\">Zaproszenie na konferencj\u0119 przyj\u0119li<strong>\u00a0<\/strong>i wyg\u0142osz\u0105 wyk\u0142ady m.in.<strong>\u00a0\u00a0<\/strong><strong>prof. Seppo Yla-Herttuala<\/strong><strong>\u00a0<\/strong>(Kuopio), prof.<strong>\u00a0Giulio Cossu\u00a0<\/strong>(Manchester),<strong>\u00a0<\/strong><strong>prof. Alicja J\u00f3zkowicz\u00a0<\/strong>(Krak\u00f3w),\u00a0<strong>prof. Markus Ruegg<\/strong><strong>\u00a0<\/strong>(Basel),<strong>\u00a0<\/strong><strong>prof. Serena Zacchigna\u00a0<\/strong>(Trieste),<strong>\u00a0<\/strong><strong>prof. Piotr Trzonkowski\u00a0<\/strong>(Gda\u0144sk),<strong>\u00a0<\/strong><strong>prof. Eran Perlson\u00a0<\/strong>(Tel Aviv),<strong>\u00a0<\/strong><strong>prof. Dirk Inze\u00a0<\/strong>(Gandawa),<strong>\u00a0<\/strong><strong>prof. Krzysztof Pyr\u0107\u00a0<\/strong>(Krak\u00f3w)<strong>\u00a0<\/strong>i wielu innych.\u00a0\u00a0\u00a0<\/span><\/p>\n<p style=\"margin: 0cm 0cm 0.0001pt; background: white none repeat scroll 0% 0%; text-align: left;\"><span style=\"font-size: 12pt; font-family: verdana, geneva, sans-serif;\">\u00a0<\/span><\/p>\n<p style=\"margin: 0cm 0cm 0.0001pt; background: white none repeat scroll 0% 0%; text-align: left;\"><span style=\"font-size: 12pt; font-family: verdana, geneva, sans-serif;\"><strong>PROGRAM\u00a0<\/strong>dost\u0119pny\u00a0<a href=\"https:\/\/www.eurobiotech.krakow.pl\/gb\/programme.html\"><em>tutaj<\/em><\/a>\u00a0<\/span><\/p>\n<p><span style=\"font-size: 12pt;\"><span class=\"xxxmsohyperlink\">Zapraszamy i zach\u0119camy do wcze\u015bniejszej rejestracji, co umo\u017cliwi skorzystanie ze specjalnego,<\/span> OBNI\u017bONEGO wpisowego dla doktorant\u00f3w i jeszcze ni\u017cszego dla student\u00f3w<span class=\"xxxmsohyperlink\">. Formularz rejestracyjny dost\u0119pny <a href=\"https:\/\/eurobiotech.krakow.pl\/gb\/registration.html\">TUTAJ<\/a>.<\/span><\/span><\/p>\n<p style=\"margin: 0cm 0cm 0.0001pt; background: white none repeat scroll 0% 0%; text-align: left;\"><span style=\"font-size: 12pt; font-family: verdana, geneva, sans-serif;\">\u00a0<\/span><\/p>\n<p>&nbsp;<\/p>\n<p style=\"margin: 0cm 0cm 0.0001pt; background: white none repeat scroll 0% 0%; text-align: left;\"><span style=\"font-size: 12pt; font-family: verdana, geneva, sans-serif;\"><strong>WA\u017bNE DATY:\u00a0<\/strong><\/span><\/p>\n<p style=\"margin: 0cm 0cm 0.0001pt; background: white none repeat scroll 0% 0%; text-align: left;\"><span style=\"font-size: 12pt; font-family: verdana, geneva, sans-serif;\">\u00a0<\/span><\/p>\n<p style=\"margin: 0cm 0cm 0.0001pt; background: white none repeat scroll 0% 0%; text-align: left;\"><span style=\"font-size: 12pt; font-family: verdana, geneva, sans-serif;\"><a href=\"https:\/\/www.eurobiotech.krakow.pl\/gb\/registration.html\"><span style=\"text-decoration: none;\">REJESTRACJA:<\/span><\/a>\u00a0\u00a0<\/span><\/p>\n<p style=\"margin: 0cm 0cm 0.0001pt; background: white none repeat scroll 0% 0%; text-align: left;\"><span style=\"font-size: 12pt; font-family: verdana, geneva, sans-serif;\">Obni\u017cone wpisowe<strong> do\u00a024.04.2022\u00a0<\/strong><\/span><\/p>\n<p style=\"margin: 0cm 0cm 0.0001pt; background: white none repeat scroll 0% 0%; text-align: left;\"><span style=\"font-size: 12pt; font-family: verdana, geneva, sans-serif;\">\u00a0<\/span><\/p>\n<p style=\"margin: 0cm 0cm 0.0001pt; background: white none repeat scroll 0% 0%; text-align: left;\"><span style=\"font-size: 12pt; font-family: verdana, geneva, sans-serif;\"><a href=\"https:\/\/www.eurobiotech.krakow.pl\/gb\/abstracts\/abstracts.html\"><span style=\"text-decoration: none;\">ABSTRAKTY<\/span><\/a>:\u00a0\u00a0<\/span><\/p>\n<p style=\"margin: 0cm 0cm 0.0001pt; background: white none repeat scroll 0% 0%; text-align: left;\"><span style=\"font-size: 12pt; font-family: verdana, geneva, sans-serif;\">Termin przyjmowania abstrakt\u00f3w:\u00a0<strong>24.04.2022\u00a0<\/strong><\/span><\/p>\n<p style=\"margin: 0cm 0cm 0.0001pt; background: white none repeat scroll 0% 0%; text-align: left;\"><span style=\"font-size: 12pt; font-family: verdana, geneva, sans-serif;\">\u00a0\u00a0<\/span><\/p>\n<p>[\/vc_column_text][\/vc_column][\/vc_row]<\/p>","protected":false},"excerpt":{"rendered":"<p>[vc_row][vc_column][vc_single_image image=&#8221;4356&#8243; img_size=&#8221;full&#8221;][vc_column_text] Serdecznie zapraszamy wszystkich zainteresowanych biologi\u0105 kom\u00f3rek macierzystych, terapi\u0105 genow\u0105 i odkrywaniem lek\u00f3w.\u00a0Podczas konferencji om\u00f3wione zostan\u0105 nowoczesne narz\u0119dzia wykorzystywane w\u00a0in\u017cynierii genetycznej, takie jak\u00a0edycja i transfer gen\u00f3w, badania podstawowe i translacyjne w biologii kom\u00f3rek macierzystych oraz\u00a0nowe metody modelowania chor\u00f3b i bada\u0144 lek\u00f3w, w tym\u00a0poszukiwanie szczepionek przeciwko koronawirusowi.\u00a0Znaczna cz\u0119\u015b\u0107 kongresu b\u0119dzie po\u015bwi\u0119cona aspektom\u00a0edycji gen\u00f3w w [&#8230;]<\/p>\n<p><a class=\"btn btn-secondary understrap-read-more-link\" href=\"https:\/\/us.edu.pl\/instytut\/ibbios\/2022\/03\/28\/konferencja-8th-eurobiotech\/\">Read More&#8230;<\/a><\/p>\n","protected":false},"author":4825,"featured_media":4354,"comment_status":"open","ping_status":"open","sticky":false,"template":"","format":"standard","meta":{"_expiration-date-status":"saved","_expiration-date":0,"_expiration-date-type":"","_expiration-date-categories":[],"_expiration-date-options":[]},"categories":[13,29,10],"tags":[213,212,211,214,215,58,216],"acf":[],"_links":{"self":[{"href":"https:\/\/us.edu.pl\/instytut\/ibbios\/wp-json\/wp\/v2\/posts\/4352"}],"collection":[{"href":"https:\/\/us.edu.pl\/instytut\/ibbios\/wp-json\/wp\/v2\/posts"}],"about":[{"href":"https:\/\/us.edu.pl\/instytut\/ibbios\/wp-json\/wp\/v2\/types\/post"}],"author":[{"embeddable":true,"href":"https:\/\/us.edu.pl\/instytut\/ibbios\/wp-json\/wp\/v2\/users\/4825"}],"replies":[{"embeddable":true,"href":"https:\/\/us.edu.pl\/instytut\/ibbios\/wp-json\/wp\/v2\/comments?post=4352"}],"version-history":[{"count":6,"href":"https:\/\/us.edu.pl\/instytut\/ibbios\/wp-json\/wp\/v2\/posts\/4352\/revisions"}],"predecessor-version":[{"id":4361,"href":"https:\/\/us.edu.pl\/instytut\/ibbios\/wp-json\/wp\/v2\/posts\/4352\/revisions\/4361"}],"wp:featuredmedia":[{"embeddable":true,"href":"https:\/\/us.edu.pl\/instytut\/ibbios\/wp-json\/wp\/v2\/media\/4354"}],"wp:attachment":[{"href":"https:\/\/us.edu.pl\/instytut\/ibbios\/wp-json\/wp\/v2\/media?parent=4352"}],"wp:term":[{"taxonomy":"category","embeddable":true,"href":"https:\/\/us.edu.pl\/instytut\/ibbios\/wp-json\/wp\/v2\/categories?post=4352"},{"taxonomy":"post_tag","embeddable":true,"href":"https:\/\/us.edu.pl\/instytut\/ibbios\/wp-json\/wp\/v2\/tags?post=4352"}],"curies":[{"name":"wp","href":"https:\/\/api.w.org\/{rel}","templated":true}]}}