{"id":4772,"date":"2022-09-05T14:56:28","date_gmt":"2022-09-05T12:56:28","guid":{"rendered":"https:\/\/us.edu.pl\/instytut\/ibbios\/?p=4772"},"modified":"2022-09-05T14:56:28","modified_gmt":"2022-09-05T12:56:28","slug":"era-czlowieka-wystawa-grupy-fotografy","status":"publish","type":"post","link":"https:\/\/us.edu.pl\/instytut\/ibbios\/2022\/09\/05\/era-czlowieka-wystawa-grupy-fotografy\/","title":{"rendered":"Era Cz\u0142owieka: wystawa grupy Fotografy"},"content":{"rendered":"<p>[vc_row][vc_column]\r\n                <div class=\"text-modules \">\r\n                    <div class=\"container\">\r\n                         \r\n                        <div class=\"row m-0\">\r\n                            <div class=\"text-modules__content\">\r\n                                <span style=\"font-size: 12pt;\">Serdecznie zapraszamy do ogl\u0105dania wystawy <strong>grupy Fotografy<\/strong> zatytu\u0142owanej <strong>&#8222;Era Cz\u0142owieka&#8221;<\/strong>. Ekspozycja prezentowana jest w holu g\u0142\u00f3wnym CINiB-y (poziom 0) w dniach 24 czerwca-20 wrze\u015bnia 2022 r. Finisa\u017c wystawy odb\u0119dzie si\u0119 w CINiB-ie <strong>15 wrze\u015bnia o godz. 16.00<\/strong>.<\/span><\/p>\n<p><span style=\"font-size: 12pt;\">Wi\u0119cej informacji znajduje si\u0119 <a href=\"https:\/\/www.ciniba.edu.pl\/wiadomosci\/988411-era-czlowieka-wystawa-grupy-fotografy\">na stronie CINIBA<\/a>.<\/span><\/p>\n<p>&nbsp;<\/p>\n<div class=\"mt-3\"><\/div>\r\n                            <\/div>\r\n                            \r\n                            <div class=\"text-modules__img\"><a href=\"https:\/\/us.edu.pl\/instytut\/ibbios\/wp-content\/uploads\/sites\/36\/Bez-kategorii\/Zaproszenie_1.png\" target=\"_blank\"><img src=\"https:\/\/us.edu.pl\/instytut\/ibbios\/wp-content\/uploads\/sites\/36\/Bez-kategorii\/Zaproszenie_1.png\" alt=\"img\"><\/a><\/div>\r\n                        <\/div>\r\n                    <\/div>\r\n                <\/div>[\/vc_column][\/vc_row]<\/p>","protected":false},"excerpt":{"rendered":"<p>[vc_row][vc_column][\/vc_column][\/vc_row] [&#8230;]<\/p>\n<p><a class=\"btn btn-secondary understrap-read-more-link\" href=\"https:\/\/us.edu.pl\/instytut\/ibbios\/2022\/09\/05\/era-czlowieka-wystawa-grupy-fotografy\/\">Read More&#8230;<\/a><\/p>\n","protected":false},"author":4825,"featured_media":1687,"comment_status":"open","ping_status":"open","sticky":false,"template":"","format":"standard","meta":{"_expiration-date-status":"","_expiration-date":0,"_expiration-date-type":"","_expiration-date-categories":[],"_expiration-date-options":[]},"categories":[13,10],"tags":[397,164,395,396,393,394,392],"acf":[],"_links":{"self":[{"href":"https:\/\/us.edu.pl\/instytut\/ibbios\/wp-json\/wp\/v2\/posts\/4772"}],"collection":[{"href":"https:\/\/us.edu.pl\/instytut\/ibbios\/wp-json\/wp\/v2\/posts"}],"about":[{"href":"https:\/\/us.edu.pl\/instytut\/ibbios\/wp-json\/wp\/v2\/types\/post"}],"author":[{"embeddable":true,"href":"https:\/\/us.edu.pl\/instytut\/ibbios\/wp-json\/wp\/v2\/users\/4825"}],"replies":[{"embeddable":true,"href":"https:\/\/us.edu.pl\/instytut\/ibbios\/wp-json\/wp\/v2\/comments?post=4772"}],"version-history":[{"count":1,"href":"https:\/\/us.edu.pl\/instytut\/ibbios\/wp-json\/wp\/v2\/posts\/4772\/revisions"}],"predecessor-version":[{"id":4774,"href":"https:\/\/us.edu.pl\/instytut\/ibbios\/wp-json\/wp\/v2\/posts\/4772\/revisions\/4774"}],"wp:featuredmedia":[{"embeddable":true,"href":"https:\/\/us.edu.pl\/instytut\/ibbios\/wp-json\/wp\/v2\/media\/1687"}],"wp:attachment":[{"href":"https:\/\/us.edu.pl\/instytut\/ibbios\/wp-json\/wp\/v2\/media?parent=4772"}],"wp:term":[{"taxonomy":"category","embeddable":true,"href":"https:\/\/us.edu.pl\/instytut\/ibbios\/wp-json\/wp\/v2\/categories?post=4772"},{"taxonomy":"post_tag","embeddable":true,"href":"https:\/\/us.edu.pl\/instytut\/ibbios\/wp-json\/wp\/v2\/tags?post=4772"}],"curies":[{"name":"wp","href":"https:\/\/api.w.org\/{rel}","templated":true}]}}