{"id":4893,"date":"2022-10-06T08:29:17","date_gmt":"2022-10-06T06:29:17","guid":{"rendered":"https:\/\/us.edu.pl\/instytut\/ibbios\/?p=4893"},"modified":"2022-10-06T08:29:17","modified_gmt":"2022-10-06T06:29:17","slug":"zyczenia-wladz-dziekanskich-na-nowy-rok-akademicki","status":"publish","type":"post","link":"https:\/\/us.edu.pl\/instytut\/ibbios\/2022\/10\/06\/zyczenia-wladz-dziekanskich-na-nowy-rok-akademicki\/","title":{"rendered":"\u017byczenia w\u0142adz dzieka\u0144skich na nowy rok akademicki."},"content":{"rendered":"<p>[vc_row][vc_column]\r\n                <div class=\"text-modules \">\r\n                    <div class=\"container\">\r\n                         \r\n                        <div class=\"row m-0\">\r\n                            <div class=\"text-modules__content\">\r\n                                <span style=\"font-size: 12pt;\">Drodzy Pa\u0144stwo<\/span><br \/>\n<span style=\"font-size: 12pt;\">Niech ten nowy rok akademicki 2022\/2023 b\u0119dzie dla Was czasem wype\u0142nionym <\/span><span style=\"font-size: 12pt;\">realizacj\u0105 plan\u00f3w naukowych, odkry\u0107 w czasie bada\u0144 ale tak\u017ce zaj\u0119\u0107 dydaktycznych, <\/span><span style=\"font-size: 12pt;\">o\u017cywionych dyskusji, owocnych spotka\u0144, ciekawych wyjazd\u00f3w terenowych, <\/span><span style=\"font-size: 12pt;\">wydarze\u0144 popularyzuj\u0105cych nauki przyrodnicze, ale przede wszystkim \u017cyczymy Pa\u0144stwu<\/span> <span style=\"font-size: 12pt;\">zdrowia i energii do podejmowania tych wyzwa\u0144!<\/span><\/p>\n<p><span style=\"font-size: 12pt;\">Dziekan wraz z Prodziekanami Wydzia\u0142u Nauk Przyrodniczych<\/span><br \/>\n<span style=\"font-size: 12pt;\">Prof. dr hab. Leszek Marynowski<\/span><br \/>\n<span style=\"font-size: 12pt;\">Prof. dr hab. Piotr \u015awi\u0105tek<\/span><br \/>\n<span style=\"font-size: 12pt;\">dr hab. Agata Daszkowska-Golec, prof U\u015a<\/span><br \/>\n<span style=\"font-size: 12pt;\">dr hab. Krzysztof Szopa, prof U\u015a<\/span> \r\n                                <div class=\"mt-3\"><\/div>\r\n                            <\/div>\r\n                            \r\n                            <div class=\"text-modules__img\"><img src=\"https:\/\/us.edu.pl\/instytut\/ibbios\/wp-content\/uploads\/sites\/36\/Bez-kategorii\/WNP_dziekanstwo_2022-2023-scaled.jpg\" alt=\"img\"><\/div>\r\n                        <\/div>\r\n                    <\/div>\r\n                <\/div>[\/vc_column][\/vc_row]<\/p>","protected":false},"excerpt":{"rendered":"<p>[vc_row][vc_column][\/vc_column][\/vc_row] [&#8230;]<\/p>\n<p><a class=\"btn btn-secondary understrap-read-more-link\" href=\"https:\/\/us.edu.pl\/instytut\/ibbios\/2022\/10\/06\/zyczenia-wladz-dziekanskich-na-nowy-rok-akademicki\/\">Read More&#8230;<\/a><\/p>\n","protected":false},"author":4825,"featured_media":4894,"comment_status":"open","ping_status":"open","sticky":false,"template":"","format":"standard","meta":{"_expiration-date-status":"","_expiration-date":0,"_expiration-date-type":"","_expiration-date-categories":[],"_expiration-date-options":[]},"categories":[13,8],"tags":[430,431,432,131],"acf":[],"_links":{"self":[{"href":"https:\/\/us.edu.pl\/instytut\/ibbios\/wp-json\/wp\/v2\/posts\/4893"}],"collection":[{"href":"https:\/\/us.edu.pl\/instytut\/ibbios\/wp-json\/wp\/v2\/posts"}],"about":[{"href":"https:\/\/us.edu.pl\/instytut\/ibbios\/wp-json\/wp\/v2\/types\/post"}],"author":[{"embeddable":true,"href":"https:\/\/us.edu.pl\/instytut\/ibbios\/wp-json\/wp\/v2\/users\/4825"}],"replies":[{"embeddable":true,"href":"https:\/\/us.edu.pl\/instytut\/ibbios\/wp-json\/wp\/v2\/comments?post=4893"}],"version-history":[{"count":1,"href":"https:\/\/us.edu.pl\/instytut\/ibbios\/wp-json\/wp\/v2\/posts\/4893\/revisions"}],"predecessor-version":[{"id":4895,"href":"https:\/\/us.edu.pl\/instytut\/ibbios\/wp-json\/wp\/v2\/posts\/4893\/revisions\/4895"}],"wp:featuredmedia":[{"embeddable":true,"href":"https:\/\/us.edu.pl\/instytut\/ibbios\/wp-json\/wp\/v2\/media\/4894"}],"wp:attachment":[{"href":"https:\/\/us.edu.pl\/instytut\/ibbios\/wp-json\/wp\/v2\/media?parent=4893"}],"wp:term":[{"taxonomy":"category","embeddable":true,"href":"https:\/\/us.edu.pl\/instytut\/ibbios\/wp-json\/wp\/v2\/categories?post=4893"},{"taxonomy":"post_tag","embeddable":true,"href":"https:\/\/us.edu.pl\/instytut\/ibbios\/wp-json\/wp\/v2\/tags?post=4893"}],"curies":[{"name":"wp","href":"https:\/\/api.w.org\/{rel}","templated":true}]}}