{"id":5203,"date":"2022-12-29T11:38:53","date_gmt":"2022-12-29T10:38:53","guid":{"rendered":"https:\/\/us.edu.pl\/instytut\/ibbios\/?p=5203"},"modified":"2022-12-29T11:38:53","modified_gmt":"2022-12-29T10:38:53","slug":"choinkami-warto-sie-nacieszyc-zmiany-klimatu-w-polsce-stanowia-dla-nich-zagrozenie-rozmowa-dla-magazynu-slazag","status":"publish","type":"post","link":"https:\/\/us.edu.pl\/instytut\/ibbios\/2022\/12\/29\/choinkami-warto-sie-nacieszyc-zmiany-klimatu-w-polsce-stanowia-dla-nich-zagrozenie-rozmowa-dla-magazynu-slazag\/","title":{"rendered":"&#8221;Choinkami warto si\u0119 nacieszy\u0107. Zmiany klimatu w Polsce stanowi\u0105 dla nich zagro\u017cenie&#8221; &#8211; rozmowa dla magazynu \u015al\u0105zag"},"content":{"rendered":"<p>[vc_row][vc_column]\r\n                <div class=\"text-modules \">\r\n                    <div class=\"container\">\r\n                         \r\n                        <div class=\"row m-0\">\r\n                            <div class=\"text-modules__content\">\r\n                                <\/p>\n<blockquote><p><strong><span style=\"font-size: 12pt;\"><em>Prognozy dla drzew iglastych nie s\u0105 dobre, wi\u0119c warto si\u0119 nimi nacieszy\u0107, poniewa\u017c b\u0119dzie ich w naszych lasach coraz mniej. To drzewa przystosowane do ch\u0142odnych i wilgotnych warunk\u00f3w. Rosn\u0105 g\u0142\u00f3wnie na dalekiej p\u00f3\u0142nocy, gdzie tworz\u0105 g\u0119ste lasy iglaste &#8211; tajg\u0119, a tak\u017ce na obszarach g\u00f3rskich, gdzie klimat jest zwykle ch\u0142odniejszy i bardziej wilgotny. Oczywi\u015bcie istniej\u0105 od tej zasady wyj\u0105tki. Zmiany klimatyczne, czyli wzrost \u015bredniej temperatury, a tak\u017ce wyd\u0142u\u017caj\u0105ce si\u0119 okresy suszy, po kt\u00f3rych nast\u0119puj\u0105 kr\u00f3tkie intensywne opady &#8211; wszystko to stanowi zagro\u017cenie dla drzew iglastych w Polsce &#8211; wyja\u015bnia Mariusz Wierzgo\u0144, botanik z Uniwersytetu \u015al\u0105skiego w Katowicach.<\/em><\/span><\/strong><\/p><\/blockquote>\n<p><span style=\"font-size: 12pt;\">Zapraszamy do przeczytania<a href=\"https:\/\/www.slazag.pl\/choinkami-warto-sie-nacieszyc-zmiany-klimatu-w-polsce-stanowia-dla-nich-zagrozenie?fbclid=IwAR3_Zv_86nIGlatVWeUiRqGYHJ-kFJOmRI3TuxD-HT9jgIS7xFTrUDmW3oo\"> rozmowy z mgr Mariuszem Wierzgoniem<\/a>, doktorantem z Wydzia\u0142u Nauk Przyrodniczych U\u015a, kt\u00f3ra ukaza\u0142a si\u0119 na ramach <a href=\"https:\/\/www.slazag.pl\/choinkami-warto-sie-nacieszyc-zmiany-klimatu-w-polsce-stanowia-dla-nich-zagrozenie?fbclid=IwAR3_Zv_86nIGlatVWeUiRqGYHJ-kFJOmRI3TuxD-HT9jgIS7xFTrUDmW3oo\">portalu \u015al\u0105zag<\/a>. Skupia si\u0119 ona na drzewach iglastych &#8211; zar\u00f3wno w kontek\u015bcie \u015bwi\u0105tecznych choinek, jak i ich naturalnego wyst\u0119powania w ekosystemach Polski i nie tylko.<\/span><br \/>\n<span style=\"font-size: 12pt;\">[<a href=\"https:\/\/www.slazag.pl\/choinkami-warto-sie-nacieszyc-zmiany-klimatu-w-polsce-stanowia-dla-nich-zagrozenie?fbclid=IwAR3_Zv_86nIGlatVWeUiRqGYHJ-kFJOmRI3TuxD-HT9jgIS7xFTrUDmW3oo\">LINK<\/a>].<\/span> \r\n                                <div class=\"mt-3\"><\/div>\r\n                            <\/div>\r\n                            \r\n                            <div class=\"text-modules__img\"><img src=\"https:\/\/us.edu.pl\/instytut\/ibbios\/wp-content\/uploads\/sites\/36\/Bez-kategorii\/nature-wallpaper-gb421d334e_1280.jpg\" alt=\"img\"><\/div>\r\n                        <\/div>\r\n                    <\/div>\r\n                <\/div>[\/vc_column][\/vc_row]<\/p>","protected":false},"excerpt":{"rendered":"<p>[vc_row][vc_column][\/vc_column][\/vc_row] [&#8230;]<\/p>\n<p><a class=\"btn btn-secondary understrap-read-more-link\" href=\"https:\/\/us.edu.pl\/instytut\/ibbios\/2022\/12\/29\/choinkami-warto-sie-nacieszyc-zmiany-klimatu-w-polsce-stanowia-dla-nich-zagrozenie-rozmowa-dla-magazynu-slazag\/\">Read More&#8230;<\/a><\/p>\n","protected":false},"author":4825,"featured_media":5204,"comment_status":"open","ping_status":"open","sticky":false,"template":"","format":"standard","meta":{"_expiration-date-status":"","_expiration-date":0,"_expiration-date-type":"","_expiration-date-categories":[],"_expiration-date-options":[]},"categories":[13],"tags":[522,523,524,117,456,525,521,520,382],"acf":[],"_links":{"self":[{"href":"https:\/\/us.edu.pl\/instytut\/ibbios\/wp-json\/wp\/v2\/posts\/5203"}],"collection":[{"href":"https:\/\/us.edu.pl\/instytut\/ibbios\/wp-json\/wp\/v2\/posts"}],"about":[{"href":"https:\/\/us.edu.pl\/instytut\/ibbios\/wp-json\/wp\/v2\/types\/post"}],"author":[{"embeddable":true,"href":"https:\/\/us.edu.pl\/instytut\/ibbios\/wp-json\/wp\/v2\/users\/4825"}],"replies":[{"embeddable":true,"href":"https:\/\/us.edu.pl\/instytut\/ibbios\/wp-json\/wp\/v2\/comments?post=5203"}],"version-history":[{"count":3,"href":"https:\/\/us.edu.pl\/instytut\/ibbios\/wp-json\/wp\/v2\/posts\/5203\/revisions"}],"predecessor-version":[{"id":5207,"href":"https:\/\/us.edu.pl\/instytut\/ibbios\/wp-json\/wp\/v2\/posts\/5203\/revisions\/5207"}],"wp:featuredmedia":[{"embeddable":true,"href":"https:\/\/us.edu.pl\/instytut\/ibbios\/wp-json\/wp\/v2\/media\/5204"}],"wp:attachment":[{"href":"https:\/\/us.edu.pl\/instytut\/ibbios\/wp-json\/wp\/v2\/media?parent=5203"}],"wp:term":[{"taxonomy":"category","embeddable":true,"href":"https:\/\/us.edu.pl\/instytut\/ibbios\/wp-json\/wp\/v2\/categories?post=5203"},{"taxonomy":"post_tag","embeddable":true,"href":"https:\/\/us.edu.pl\/instytut\/ibbios\/wp-json\/wp\/v2\/tags?post=5203"}],"curies":[{"name":"wp","href":"https:\/\/api.w.org\/{rel}","templated":true}]}}