{"id":5528,"date":"2023-02-24T10:12:51","date_gmt":"2023-02-24T09:12:51","guid":{"rendered":"https:\/\/us.edu.pl\/instytut\/ibbios\/?p=5528"},"modified":"2023-02-24T10:15:31","modified_gmt":"2023-02-24T09:15:31","slug":"dlaczego-nie-nalezy-wycinac-drzew-tylko-chronic-je-za-wszelka-cene","status":"publish","type":"post","link":"https:\/\/us.edu.pl\/instytut\/ibbios\/2023\/02\/24\/dlaczego-nie-nalezy-wycinac-drzew-tylko-chronic-je-za-wszelka-cene\/","title":{"rendered":"Dlaczego nie nale\u017cy wycina\u0107 drzew, tylko chroni\u0107 je za wszelk\u0105 cen\u0119?"},"content":{"rendered":"<p>[vc_row][vc_column]\r\n                <div class=\"text-modules \">\r\n                    <div class=\"container\">\r\n                         \r\n                        <div class=\"row m-0\">\r\n                            <div class=\"text-modules__content\">\r\n                                <span style=\"font-size: 12pt;\">Zapraszamy do lektury analizy Pani Profesor <\/span><span style=\"font-size: 16px;\">z naszego Instytutu<\/span><span style=\"font-size: 16px;\">\u00a0<\/span><span style=\"font-size: 12pt;\">Anny Orczewskiej na stronie <\/span><a style=\"font-size: 12pt;\" href=\"https:\/\/frdl.org.pl\/opinie-frdl\/dlaczego-nie-nalezy-wycinac-drzew-tylko-chronic-je-za-wszelka-cene?fbclid=IwAR1Rr-82FBptWxdTOXKjTInh4ej2wtrWymLALnydRz9ZklRTlo62s_uUBg0\">Fundacji Rozwoju Demokracji Lokalnej<\/a><span style=\"font-size: 12pt;\">.<\/span><\/p>\n<p><span style=\"font-size: 12pt;\"><em><span id=\"page5R_mcid13\" class=\"markedContent\"><span dir=\"ltr\" role=\"presentation\">&#8222;Wydaje si\u0119, \u017ce w powodzi istniej\u0105cego pi\u015bmiennictwa naukowego i popularnonaukowego o <\/span><\/span><span id=\"page5R_mcid14\" class=\"markedContent\"><span dir=\"ltr\" role=\"presentation\">drzewach, nie ma potrzeby by pisa\u0107 o nich kolejny artyku\u0142, bo napisano na ten temat naprawd\u0119 <\/span><\/span><span id=\"page5R_mcid15\" class=\"markedContent\"><span dir=\"ltr\" role=\"presentation\">du\u017co. W ostatnich latach w naszym kraju m\u00f3wi si\u0119 o drzewach cz\u0119sto w przestrzeni publicznej. <\/span><\/span><span id=\"page5R_mcid16\" class=\"markedContent\"><span dir=\"ltr\" role=\"presentation\">Z<\/span> <span dir=\"ltr\" role=\"presentation\">pewno\u015bci\u0105<\/span> <span dir=\"ltr\" role=\"presentation\">jednym<\/span> <span dir=\"ltr\" role=\"presentation\">z<\/span> <span dir=\"ltr\" role=\"presentation\">motor\u00f3w<\/span> <span dir=\"ltr\" role=\"presentation\">tej<\/span> <span dir=\"ltr\" role=\"presentation\">dyskusji<\/span> <span dir=\"ltr\" role=\"presentation\">by\u0142o <\/span><span dir=\"ltr\" role=\"presentation\">niechlubne,<\/span> <span dir=\"ltr\" role=\"presentation\">tzw.<\/span> <span dir=\"ltr\" role=\"presentation\">Lex<\/span> <span dir=\"ltr\" role=\"presentation\">Szyszko,<\/span> <span dir=\"ltr\" role=\"presentation\">kt\u00f3re <\/span><\/span><span id=\"page5R_mcid17\" class=\"markedContent\"><span dir=\"ltr\" role=\"presentation\">liberalizowa\u0142o<\/span> <span dir=\"ltr\" role=\"presentation\">przepisy<\/span> <span dir=\"ltr\" role=\"presentation\">dotycz\u0105ce<\/span> <span dir=\"ltr\" role=\"presentation\">wycinania<\/span> <span dir=\"ltr\" role=\"presentation\">drzew<\/span> <span dir=\"ltr\" role=\"presentation\">na<\/span> <span dir=\"ltr\" role=\"presentation\">terenach<\/span> <span dir=\"ltr\" role=\"presentation\">prywatnych,<\/span> <span dir=\"ltr\" role=\"presentation\">daj\u0105c <\/span><\/span><span id=\"page5R_mcid18\" class=\"markedContent\"><span dir=\"ltr\" role=\"presentation\">w\u0142a\u015bcicielom<\/span> <span dir=\"ltr\" role=\"presentation\">drzew<\/span> <span dir=\"ltr\" role=\"presentation\">rosn\u0105cych<\/span> <span dir=\"ltr\" role=\"presentation\">na<\/span> <span dir=\"ltr\" role=\"presentation\">obszarach<\/span> <span dir=\"ltr\" role=\"presentation\">zabudowanych<\/span> <span dir=\"ltr\" role=\"presentation\">w<\/span> <span dir=\"ltr\" role=\"presentation\">mie\u015bcie,<\/span> <span dir=\"ltr\" role=\"presentation\">na<\/span> <span dir=\"ltr\" role=\"presentation\">wsi<\/span> <span dir=\"ltr\" role=\"presentation\">oraz<\/span> <span dir=\"ltr\" role=\"presentation\">w <\/span><\/span><span class=\"markedContent\"><span dir=\"ltr\" role=\"presentation\">krajobrazie rolniczym, wielkie, zielone \u015bwiat\u0142o na wycinanie drzew. (&#8230;)<\/span><\/span><\/em><\/span><\/p>\n<p><span style=\"font-size: 12pt;\"><em><span id=\"page5R_mcid30\" class=\"markedContent\"><span dir=\"ltr\" role=\"presentation\">R\u00f3wnie wielkie spustoszenie, a by\u0107 mo\u017ce nawet wi\u0119ksze ni\u017c samo wyci\u0119cie milion\u00f3w cennych <\/span><\/span><span id=\"page5R_mcid31\" class=\"markedContent\"><span dir=\"ltr\" role=\"presentation\">drzew, wspomniana ustawa poczyni\u0142a w mentalno\u015bci wielu os\u00f3b, kt\u00f3re pod jej wp\u0142ywem <\/span><\/span><span id=\"page5R_mcid32\" class=\"markedContent\"><span dir=\"ltr\" role=\"presentation\">zmieni\u0142y spos\u00f3b postrzegania drzew. Zanim Lex Szyszko wesz\u0142o w \u017cycie, liczne przepisy maj\u0105ce <\/span><\/span><span id=\"page5R_mcid33\" class=\"markedContent\"><span dir=\"ltr\" role=\"presentation\">na celu ochron\u0119 du\u017cych, starych drzew by\u0142y skuteczn\u0105 zapor\u0105, chroni\u0105c\u0105 je przez zniszczeniem. <\/span><\/span><span id=\"page5R_mcid34\" class=\"markedContent\"><span dir=\"ltr\" role=\"presentation\">By\u0142y te\u017c skuteczn\u0105 barier\u0105 mentaln\u0105, utrwalaj\u0105c\u0105 w spo\u0142ecze\u0144stwie przekonanie, \u017ce drzew nie <\/span><\/span><span id=\"page5R_mcid35\" class=\"markedContent\"><span dir=\"ltr\" role=\"presentation\">wolno niszczy\u0107, bo to wi\u0105\u017ce si\u0119 z surowymi konsekwencjami. Innymi s\u0142owy, prawo spe\u0142nia\u0142o <\/span><\/span><span id=\"page5R_mcid36\" class=\"markedContent\"><span dir=\"ltr\" role=\"presentation\">swoje wa\u017cne funkcje, bo by\u0142o najskuteczniejszym \u015brodkiem edukuj\u0105cym i prewencyjnym. Te <\/span><\/span><span id=\"page5R_mcid37\" class=\"markedContent\"><span dir=\"ltr\" role=\"presentation\">wszystkie zapory przesta\u0142y dzia\u0142a\u0107 z chwil\u0105 wprowadzenia w \u017cycie wspomnianej regulacji, <\/span><\/span><span id=\"page5R_mcid38\" class=\"markedContent\"><span dir=\"ltr\" role=\"presentation\">u\u0142atwiaj\u0105cej<\/span> <span dir=\"ltr\" role=\"presentation\">usuwanie<\/span> <span dir=\"ltr\" role=\"presentation\">drzew<\/span> <span dir=\"ltr\" role=\"presentation\">z<\/span> <span dir=\"ltr\" role=\"presentation\">naszej<\/span> <span dir=\"ltr\" role=\"presentation\">przestrzeni<\/span> <span dir=\"ltr\" role=\"presentation\">bez<\/span> <span dir=\"ltr\" role=\"presentation\">\u017cadnych<\/span> <span dir=\"ltr\" role=\"presentation\">konsekwencji<\/span> <span dir=\"ltr\" role=\"presentation\">prawnych<\/span> <span dir=\"ltr\" role=\"presentation\">i <\/span><\/span><span id=\"page5R_mcid39\" class=\"markedContent\"><span dir=\"ltr\" role=\"presentation\">systemu penalizacji. To dlatego skutki tego faktu b\u0119d\u0105 widoczne w naszym spo\u0142ecze\u0144stwie <\/span><\/span><span id=\"page5R_mcid40\" class=\"markedContent\"><span dir=\"ltr\" role=\"presentation\">jeszcze<\/span> <span dir=\"ltr\" role=\"presentation\">przez<\/span> <span dir=\"ltr\" role=\"presentation\">d\u0142ugie<\/span> <span dir=\"ltr\" role=\"presentation\">dekady<\/span> <span dir=\"ltr\" role=\"presentation\">i<\/span> <span dir=\"ltr\" role=\"presentation\">trudno<\/span> <span dir=\"ltr\" role=\"presentation\">b\u0119dzie<\/span> <span dir=\"ltr\" role=\"presentation\">z\u0142e,<\/span> <span dir=\"ltr\" role=\"presentation\">przedmiotowe<\/span> <span dir=\"ltr\" role=\"presentation\">my\u015blenie<\/span> <span dir=\"ltr\" role=\"presentation\">o<\/span> <span dir=\"ltr\" role=\"presentation\">drzewach, <\/span><\/span><span id=\"page5R_mcid41\" class=\"markedContent\"><span dir=\"ltr\" role=\"presentation\">wykorzeni\u0107.&#8221;<\/span><\/span><\/em><\/span><\/p>\n<p>&nbsp;<\/p>\n<p><span style=\"font-size: 12pt;\">Pe\u0142na tre\u015b\u0107 tekstu dost\u0119pna <\/span><a style=\"font-size: 12pt;\" href=\"https:\/\/frdl.org.pl\/static\/upload\/store\/frdl\/ANALIZY_CELOWE\/DLACZEGO_NIE_NALEZY_WYCINAC_DRZEW.pdf\" class=\"mtli_attachment mtli_pdf\">tutaj<\/a><span style=\"font-size: 12pt;\">.<\/span> \r\n                                <div class=\"mt-3\"><\/div>\r\n                            <\/div>\r\n                            \r\n                            <div class=\"text-modules__img\"><img src=\"https:\/\/us.edu.pl\/instytut\/ibbios\/wp-content\/uploads\/sites\/36\/Bez-kategorii\/Park-w-Strzelcach-Opolskich-fot.-A.-Orczewska.pdf.png\" alt=\"img\"><\/div>\r\n                        <\/div>\r\n                    <\/div>\r\n                <\/div>[\/vc_column][\/vc_row]<\/p>","protected":false},"excerpt":{"rendered":"<p>[vc_row][vc_column][\/vc_column][\/vc_row] [&#8230;]<\/p>\n<p><a class=\"btn btn-secondary understrap-read-more-link\" href=\"https:\/\/us.edu.pl\/instytut\/ibbios\/2023\/02\/24\/dlaczego-nie-nalezy-wycinac-drzew-tylko-chronic-je-za-wszelka-cene\/\">Read More&#8230;<\/a><\/p>\n","protected":false},"author":4825,"featured_media":5529,"comment_status":"open","ping_status":"open","sticky":false,"template":"","format":"standard","meta":{"_expiration-date-status":"","_expiration-date":0,"_expiration-date-type":"","_expiration-date-categories":[],"_expiration-date-options":[]},"categories":[13,8],"tags":[571,335,523,71,573,72,572,574],"acf":[],"_links":{"self":[{"href":"https:\/\/us.edu.pl\/instytut\/ibbios\/wp-json\/wp\/v2\/posts\/5528"}],"collection":[{"href":"https:\/\/us.edu.pl\/instytut\/ibbios\/wp-json\/wp\/v2\/posts"}],"about":[{"href":"https:\/\/us.edu.pl\/instytut\/ibbios\/wp-json\/wp\/v2\/types\/post"}],"author":[{"embeddable":true,"href":"https:\/\/us.edu.pl\/instytut\/ibbios\/wp-json\/wp\/v2\/users\/4825"}],"replies":[{"embeddable":true,"href":"https:\/\/us.edu.pl\/instytut\/ibbios\/wp-json\/wp\/v2\/comments?post=5528"}],"version-history":[{"count":7,"href":"https:\/\/us.edu.pl\/instytut\/ibbios\/wp-json\/wp\/v2\/posts\/5528\/revisions"}],"predecessor-version":[{"id":5536,"href":"https:\/\/us.edu.pl\/instytut\/ibbios\/wp-json\/wp\/v2\/posts\/5528\/revisions\/5536"}],"wp:featuredmedia":[{"embeddable":true,"href":"https:\/\/us.edu.pl\/instytut\/ibbios\/wp-json\/wp\/v2\/media\/5529"}],"wp:attachment":[{"href":"https:\/\/us.edu.pl\/instytut\/ibbios\/wp-json\/wp\/v2\/media?parent=5528"}],"wp:term":[{"taxonomy":"category","embeddable":true,"href":"https:\/\/us.edu.pl\/instytut\/ibbios\/wp-json\/wp\/v2\/categories?post=5528"},{"taxonomy":"post_tag","embeddable":true,"href":"https:\/\/us.edu.pl\/instytut\/ibbios\/wp-json\/wp\/v2\/tags?post=5528"}],"curies":[{"name":"wp","href":"https:\/\/api.w.org\/{rel}","templated":true}]}}