{"id":9867,"date":"2025-08-11T13:08:35","date_gmt":"2025-08-11T11:08:35","guid":{"rendered":"https:\/\/us.edu.pl\/instytut\/ibbios\/?p=9867"},"modified":"2025-08-12T08:23:06","modified_gmt":"2025-08-12T06:23:06","slug":"fotorelacja-z-pierwszego-turnusu-letniej-szkoly-entomologii","status":"publish","type":"post","link":"https:\/\/us.edu.pl\/instytut\/ibbios\/2025\/08\/11\/fotorelacja-z-pierwszego-turnusu-letniej-szkoly-entomologii\/","title":{"rendered":"Fotorelacja z pierwszego turnusu Letniej Szko\u0142y Entomologii"},"content":{"rendered":"<p>[vc_row][vc_column][vc_column_text]<span style=\"font-size: 12pt;\">Pierwszy Turnus Letniej Szko\u0142y Entomologii ju\u017c za nami!<\/span><\/p>\n<p><span style=\"font-size: 12pt;\">Pi\u0119\u0107 dni intensywnych zaj\u0119\u0107 obejmowa\u0142o wyk\u0142ady, zaj\u0119cia terenowe i laboratoryjne z zakresu biologii, ekologii i taksonomii owad\u00f3w. Uczniowie szk\u00f3\u0142 ponadgimnazjalnych otrzymali nie tylko solidn\u0105 dawk\u0119 wiedzy teoretycznej, ale przede wszystkim umiej\u0119tno\u015bci praktyczne.<\/span><\/p>\n<p><span style=\"font-size: 12pt;\">Zapraszamy do zapoznania si\u0119 z fotorelacj\u0105 z wydarzenia #MetropoliaNauki\u00a0<\/span><\/p>\n<p>&nbsp;<\/p>\n<p><span style=\"font-size: 12pt;\">Projekt \u201eLetnia Szko\u0142a Entomologii\u201d zosta\u0142 dofinansowany przez G\u00f3rno\u015bl\u0105sk\u0105 &#8211; Zag\u0142\u0119biowsk\u0105 Metropoli\u0119 w ramach Programu \u201eMetropolitalny Fundusz Wspierania Nauki\u201d<\/span>[\/vc_column_text][vc_gallery type=&#8221;image_grid&#8221; images=&#8221;9894,9890,9914,9883,9887,9880,9916,9919,9923,9924,9931,9936,9935,9927,9940&#8243; img_size=&#8221;large&#8221;][\/vc_column][\/vc_row]<\/p>","protected":false},"excerpt":{"rendered":"<p>[vc_row][vc_column][vc_column_text]Pierwszy Turnus Letniej Szko\u0142y Entomologii ju\u017c za nami! Pi\u0119\u0107 dni intensywnych zaj\u0119\u0107 obejmowa\u0142o wyk\u0142ady, zaj\u0119cia terenowe i laboratoryjne z zakresu biologii, ekologii i taksonomii owad\u00f3w. Uczniowie szk\u00f3\u0142 ponadgimnazjalnych otrzymali nie tylko solidn\u0105 dawk\u0119 wiedzy teoretycznej, ale przede wszystkim umiej\u0119tno\u015bci praktyczne. Zapraszamy do zapoznania si\u0119 z fotorelacj\u0105 z wydarzenia #MetropoliaNauki\u00a0 &nbsp; Projekt \u201eLetnia Szko\u0142a Entomologii\u201d zosta\u0142 [&#8230;]<\/p>\n<p><a class=\"btn btn-secondary understrap-read-more-link\" href=\"https:\/\/us.edu.pl\/instytut\/ibbios\/2025\/08\/11\/fotorelacja-z-pierwszego-turnusu-letniej-szkoly-entomologii\/\">Read More&#8230;<\/a><\/p>\n","protected":false},"author":4825,"featured_media":9887,"comment_status":"open","ping_status":"open","sticky":false,"template":"","format":"standard","meta":{"_expiration-date-status":"","_expiration-date":0,"_expiration-date-type":"","_expiration-date-categories":[],"_expiration-date-options":[]},"categories":[13,10],"tags":[213,1762,1758,1754,1750,378,154],"acf":[],"_links":{"self":[{"href":"https:\/\/us.edu.pl\/instytut\/ibbios\/wp-json\/wp\/v2\/posts\/9867"}],"collection":[{"href":"https:\/\/us.edu.pl\/instytut\/ibbios\/wp-json\/wp\/v2\/posts"}],"about":[{"href":"https:\/\/us.edu.pl\/instytut\/ibbios\/wp-json\/wp\/v2\/types\/post"}],"author":[{"embeddable":true,"href":"https:\/\/us.edu.pl\/instytut\/ibbios\/wp-json\/wp\/v2\/users\/4825"}],"replies":[{"embeddable":true,"href":"https:\/\/us.edu.pl\/instytut\/ibbios\/wp-json\/wp\/v2\/comments?post=9867"}],"version-history":[{"count":7,"href":"https:\/\/us.edu.pl\/instytut\/ibbios\/wp-json\/wp\/v2\/posts\/9867\/revisions"}],"predecessor-version":[{"id":9948,"href":"https:\/\/us.edu.pl\/instytut\/ibbios\/wp-json\/wp\/v2\/posts\/9867\/revisions\/9948"}],"wp:featuredmedia":[{"embeddable":true,"href":"https:\/\/us.edu.pl\/instytut\/ibbios\/wp-json\/wp\/v2\/media\/9887"}],"wp:attachment":[{"href":"https:\/\/us.edu.pl\/instytut\/ibbios\/wp-json\/wp\/v2\/media?parent=9867"}],"wp:term":[{"taxonomy":"category","embeddable":true,"href":"https:\/\/us.edu.pl\/instytut\/ibbios\/wp-json\/wp\/v2\/categories?post=9867"},{"taxonomy":"post_tag","embeddable":true,"href":"https:\/\/us.edu.pl\/instytut\/ibbios\/wp-json\/wp\/v2\/tags?post=9867"}],"curies":[{"name":"wp","href":"https:\/\/api.w.org\/{rel}","templated":true}]}}