{"id":3543,"date":"2025-06-09T11:14:11","date_gmt":"2025-06-09T09:14:11","guid":{"rendered":"https:\/\/us.edu.pl\/instytut\/ich\/?p=3543"},"modified":"2025-06-10T08:32:37","modified_gmt":"2025-06-10T06:32:37","slug":"zmarl-dr-hab-mieczyslaw-sajewicz-prof-us","status":"publish","type":"post","link":"https:\/\/us.edu.pl\/instytut\/ich\/2025\/06\/09\/zmarl-dr-hab-mieczyslaw-sajewicz-prof-us\/","title":{"rendered":"Zmar\u0142 dr hab. Mieczys\u0142aw Sajewicz, prof. U\u015a"},"content":{"rendered":"<p>[vc_row][vc_column][vc_column_text][\/vc_column_text][\/vc_column][\/vc_row][vc_row][vc_column][vc_column_text][\/vc_column_text][\/vc_column][\/vc_row][vc_row][vc_column]\r\n                <div class=\"text-modules\">\r\n                    <div class=\"container\">\r\n                        \r\n                        <div class=\"text-modules__content\"><\/p>\n<div style=\"margin: auto; width: 50%; border: 3px solid black; padding: 25px; background-color: #dddddd; text-align: center;\">\n<p>&nbsp;<\/p>\n<p>&nbsp;<\/p>\n<p>Z g\u0142\u0119bokim \u017calem<br \/>\nprzyj\u0119li\u015bmy wiadomo\u015b\u0107 o \u015bmierci<\/p>\n<p>&nbsp;<\/p>\n<p><strong>\u015bp.<\/strong><br \/>\n<strong>dr. hab. Mieczys\u0142awa Sajewicza, prof. U\u015a<\/strong><\/p>\n<p>&nbsp;<\/p>\n<p>wieloletniego pracownika Instytutu Chemii zatrudnionego w Uniwersytecie \u015al\u0105skim w Katowicach od 1978,<br \/>\ncenionego badacza i nauczyciela akademickiego<\/p>\n<p>Wybitnego specjalisty w zakresie chromatografii<\/p>\n<p>Cenionego i wymagaj\u0105cego nauczyciela akademickiego<\/p>\n<p>Wychowawcy wielu student\u00f3w i mentora licznej grupy naukowc\u00f3w<\/p>\n<p>Osoby niezwykle \u017cyczliwej i skromnej<\/p>\n<p>&nbsp;<\/p>\n<p><strong>Cze\u015b\u0107 Jego Pami\u0119ci<\/strong><\/p>\n<p>&nbsp;<\/p>\n<p>Rodzinie, Najbli\u017cszym oraz Wsp\u00f3\u0142pracownikom Zmar\u0142ego<br \/>\nWyrazy wsp\u00f3\u0142czucia i \u017calu sk\u0142adaj\u0105<\/p>\n<p>dyrekcja oraz pracownicy Instytutu Chemii Uniwersytetu \u015al\u0105skiego<\/p>\n<p>&nbsp;<\/p>\n<p>&nbsp;<\/p>\n<hr \/>\n<p>Uroczysto\u015bci pogrzebowe odb\u0119d\u0105 si\u0119 w \u015brod\u0119 11 czerwca 2025 r. o godz. 12.00 na Cmentarzu parafii \u015bw. Tomasza w Sosnowcu (ul. Ma\u0142ob\u0105dzka 141, 42-500 B\u0119dzin)<\/p>\n<\/div>\n<p>\n<\/div>\r\n                    <\/div>\r\n                <\/div>[\/vc_column][\/vc_row][vc_row][vc_column][vc_column_text][\/vc_column_text][\/vc_column][\/vc_row][vc_row][vc_column][vc_column_text]<\/p>","protected":false},"excerpt":{"rendered":"<p>[vc_row][vc_column][vc_column_text][\/vc_column_text][\/vc_column][\/vc_row][vc_row][vc_column][vc_column_text][\/vc_column_text][\/vc_column][\/vc_row][vc_row][vc_column][\/vc_column][\/vc_row][vc_row][vc_column][vc_column_text][\/vc_column_text][\/vc_column][\/vc_row][vc_row][vc_column][vc_column_text] [&#8230;]<\/p>\n<p><a class=\"btn btn-secondary understrap-read-more-link\" href=\"https:\/\/us.edu.pl\/instytut\/ich\/2025\/06\/09\/zmarl-dr-hab-mieczyslaw-sajewicz-prof-us\/\">Read More&#8230;<\/a><\/p>\n","protected":false},"author":99,"featured_media":2360,"comment_status":"open","ping_status":"open","sticky":false,"template":"","format":"standard","meta":{"_expiration-date-status":"","_expiration-date":0,"_expiration-date-type":"","_expiration-date-categories":[],"_expiration-date-options":[]},"categories":[1],"tags":[],"acf":[],"_links":{"self":[{"href":"https:\/\/us.edu.pl\/instytut\/ich\/wp-json\/wp\/v2\/posts\/3543"}],"collection":[{"href":"https:\/\/us.edu.pl\/instytut\/ich\/wp-json\/wp\/v2\/posts"}],"about":[{"href":"https:\/\/us.edu.pl\/instytut\/ich\/wp-json\/wp\/v2\/types\/post"}],"author":[{"embeddable":true,"href":"https:\/\/us.edu.pl\/instytut\/ich\/wp-json\/wp\/v2\/users\/99"}],"replies":[{"embeddable":true,"href":"https:\/\/us.edu.pl\/instytut\/ich\/wp-json\/wp\/v2\/comments?post=3543"}],"version-history":[{"count":4,"href":"https:\/\/us.edu.pl\/instytut\/ich\/wp-json\/wp\/v2\/posts\/3543\/revisions"}],"predecessor-version":[{"id":3556,"href":"https:\/\/us.edu.pl\/instytut\/ich\/wp-json\/wp\/v2\/posts\/3543\/revisions\/3556"}],"wp:featuredmedia":[{"embeddable":true,"href":"https:\/\/us.edu.pl\/instytut\/ich\/wp-json\/wp\/v2\/media\/2360"}],"wp:attachment":[{"href":"https:\/\/us.edu.pl\/instytut\/ich\/wp-json\/wp\/v2\/media?parent=3543"}],"wp:term":[{"taxonomy":"category","embeddable":true,"href":"https:\/\/us.edu.pl\/instytut\/ich\/wp-json\/wp\/v2\/categories?post=3543"},{"taxonomy":"post_tag","embeddable":true,"href":"https:\/\/us.edu.pl\/instytut\/ich\/wp-json\/wp\/v2\/tags?post=3543"}],"curies":[{"name":"wp","href":"https:\/\/api.w.org\/{rel}","templated":true}]}}