{"id":3624,"date":"2025-09-18T09:48:19","date_gmt":"2025-09-18T07:48:19","guid":{"rendered":"https:\/\/us.edu.pl\/instytut\/ich\/?p=3624"},"modified":"2025-09-18T09:48:19","modified_gmt":"2025-09-18T07:48:19","slug":"obrona-pracy-doktorskiej-mgr-sara-zimny","status":"publish","type":"post","link":"https:\/\/us.edu.pl\/instytut\/ich\/2025\/09\/18\/obrona-pracy-doktorskiej-mgr-sara-zimny\/","title":{"rendered":"Obrona pracy doktorskiej \u2013 mgr Sara Zimny"},"content":{"rendered":"<p><span style=\"font-size: 12pt;\"><a href=\"https:\/\/us.edu.pl\/instytut\/ich\/wp-content\/uploads\/sites\/38\/dzialalnosc-naukowa\/awanse-naukowe\/doktor\/sarazimny\/SaraZimny-inf.pdf\" class=\"mtli_attachment mtli_pdf\" data-mtli=\"mtli_filesize362,54kB\">Sara Zimny &#8211; informacje o obronie<\/a><\/span><\/p>\n<p><span style=\"font-size: 12pt;\"><a href=\"https:\/\/us.edu.pl\/instytut\/ich\/wp-content\/uploads\/sites\/38\/dzialalnosc-naukowa\/awanse-naukowe\/doktor\/sarazimny\/SaraZimny-str.pdf\" class=\"mtli_attachment mtli_pdf\" data-mtli=\"mtli_filesize114,67kB\">Sara Zimny &#8211; streszczenie pracy<\/a><\/span><\/p>\n<p><span style=\"font-size: 12pt;\"><a href=\"https:\/\/us.edu.pl\/instytut\/ich\/wp-content\/uploads\/sites\/38\/dzialalnosc-naukowa\/awanse-naukowe\/doktor\/sarazimny\/SaraZimny-strENG.pdf\" class=\"mtli_attachment mtli_pdf\" data-mtli=\"mtli_filesize137,99kB\">Sara Zimny &#8211; streszczenie pracy (w j\u0119zyku angielskim)<\/a><\/span><\/p>\n<p><span style=\"font-size: 12pt;\"><a href=\"https:\/\/us.edu.pl\/instytut\/ich\/wp-content\/uploads\/sites\/38\/dzialalnosc-naukowa\/awanse-naukowe\/doktor\/sarazimny\/SaraZimny-recenzja-K.Orzechowski.pdf\" class=\"mtli_attachment mtli_pdf\" data-mtli=\"mtli_filesize277,79kB\">Sara Zimny &#8211; recenzja &#8211; prof. Kazimierz Orzechowski<\/a><\/span><\/p>\n<p><span style=\"font-size: 12pt;\"><a href=\"https:\/\/us.edu.pl\/instytut\/ich\/wp-content\/uploads\/sites\/38\/dzialalnosc-naukowa\/awanse-naukowe\/doktor\/sarazimny\/SaraZimny-recenzja-J.Ulanski.pdf\" class=\"mtli_attachment mtli_pdf\" data-mtli=\"mtli_filesize412,32kB\">Sara Zimny &#8211; recenzja &#8211; prof. Jacek Ula\u0144ski<\/a><\/span><\/p>\n<p><span style=\"font-size: 12pt;\"><a href=\"https:\/\/us.edu.pl\/instytut\/ich\/wp-content\/uploads\/sites\/38\/dzialalnosc-naukowa\/awanse-naukowe\/doktor\/sarazimny\/SaraZimny-recenzja-E.JuszynskaGalazka.pdf\" class=\"mtli_attachment mtli_pdf\" data-mtli=\"mtli_filesize1&nbsp;016,89kB\">Sara Zimny &#8211; recenzja &#8211; prof. Ewa Juszy\u0144ska-Ga\u0142\u0105zka<\/a><\/span><\/p>\n<style type=\"text\/css\">a[data-mtli~=\"mtli_filesize362,54kB\"]:after {content:\" (362,54 kB)\"}a[data-mtli~=\"mtli_filesize114,67kB\"]:after {content:\" (114,67 kB)\"}a[data-mtli~=\"mtli_filesize137,99kB\"]:after {content:\" (137,99 kB)\"}a[data-mtli~=\"mtli_filesize277,79kB\"]:after {content:\" (277,79 kB)\"}a[data-mtli~=\"mtli_filesize412,32kB\"]:after {content:\" (412,32 kB)\"}a[data-mtli~=\"mtli_filesize1&nbsp;016,89kB\"]:after {content:\" (1&nbsp;016,89 kB)\"}<\/style>","protected":false},"excerpt":{"rendered":"<p>Sara Zimny &#8211; informacje o obronie Sara Zimny &#8211; streszczenie pracy Sara Zimny &#8211; streszczenie pracy (w j\u0119zyku angielskim) Sara Zimny &#8211; recenzja &#8211; prof. Kazimierz Orzechowski Sara Zimny &#8211; recenzja &#8211; prof. Jacek Ula\u0144ski Sara Zimny &#8211; recenzja &#8211; prof. Ewa Juszy\u0144ska-Ga\u0142\u0105zka [&#8230;]<\/p>\n<p><a class=\"btn btn-secondary understrap-read-more-link\" href=\"https:\/\/us.edu.pl\/instytut\/ich\/2025\/09\/18\/obrona-pracy-doktorskiej-mgr-sara-zimny\/\">Read More&#8230;<\/a><\/p>\n","protected":false},"author":99,"featured_media":631,"comment_status":"open","ping_status":"open","sticky":false,"template":"","format":"standard","meta":{"_expiration-date-status":"","_expiration-date":0,"_expiration-date-type":"","_expiration-date-categories":[],"_expiration-date-options":[]},"categories":[1],"tags":[],"acf":[],"_links":{"self":[{"href":"https:\/\/us.edu.pl\/instytut\/ich\/wp-json\/wp\/v2\/posts\/3624"}],"collection":[{"href":"https:\/\/us.edu.pl\/instytut\/ich\/wp-json\/wp\/v2\/posts"}],"about":[{"href":"https:\/\/us.edu.pl\/instytut\/ich\/wp-json\/wp\/v2\/types\/post"}],"author":[{"embeddable":true,"href":"https:\/\/us.edu.pl\/instytut\/ich\/wp-json\/wp\/v2\/users\/99"}],"replies":[{"embeddable":true,"href":"https:\/\/us.edu.pl\/instytut\/ich\/wp-json\/wp\/v2\/comments?post=3624"}],"version-history":[{"count":1,"href":"https:\/\/us.edu.pl\/instytut\/ich\/wp-json\/wp\/v2\/posts\/3624\/revisions"}],"predecessor-version":[{"id":3625,"href":"https:\/\/us.edu.pl\/instytut\/ich\/wp-json\/wp\/v2\/posts\/3624\/revisions\/3625"}],"wp:featuredmedia":[{"embeddable":true,"href":"https:\/\/us.edu.pl\/instytut\/ich\/wp-json\/wp\/v2\/media\/631"}],"wp:attachment":[{"href":"https:\/\/us.edu.pl\/instytut\/ich\/wp-json\/wp\/v2\/media?parent=3624"}],"wp:term":[{"taxonomy":"category","embeddable":true,"href":"https:\/\/us.edu.pl\/instytut\/ich\/wp-json\/wp\/v2\/categories?post=3624"},{"taxonomy":"post_tag","embeddable":true,"href":"https:\/\/us.edu.pl\/instytut\/ich\/wp-json\/wp\/v2\/tags?post=3624"}],"curies":[{"name":"wp","href":"https:\/\/api.w.org\/{rel}","templated":true}]}}