{"id":1559,"date":"2024-02-26T14:14:13","date_gmt":"2024-02-26T13:14:13","guid":{"rendered":"https:\/\/us.edu.pl\/instytut\/ifil\/?p=1559"},"modified":"2024-02-26T14:14:13","modified_gmt":"2024-02-26T13:14:13","slug":"nadzieja-w-czasach-antropocenu-czy-technika-ocali-ludzkosc-cykl-seminariow-ogolnofilozoficznych","status":"publish","type":"post","link":"https:\/\/us.edu.pl\/instytut\/ifil\/2024\/02\/26\/nadzieja-w-czasach-antropocenu-czy-technika-ocali-ludzkosc-cykl-seminariow-ogolnofilozoficznych\/","title":{"rendered":"Nadzieja w czasach antropocenu. Czy technika ocali ludzko\u015b\u0107? &#8211; cykl seminari\u00f3w og\u00f3lnofilozoficznych"},"content":{"rendered":"<p>[vc_row][vc_column width=&#8221;2\/3&#8243; css=&#8221;.vc_custom_1708952696594{background-color: #d1d5c9 !important;}&#8221;]\r\n                <div class=\"text-modules\">\r\n                    <div class=\"container\">\r\n                        \r\n                        <div class=\"text-modules__content\"><p>Zapraszamy do udzia\u0142u w cyklu seminari\u00f3w og\u00f3lnofilozoficznych \u201eNadzieja w czasach antropocenu. Czy technika ocali ludzko\u015b\u0107?\u201d.<\/p>\n<p>Spotkania odbywaj\u0105 si\u0119 na MS Teams, kod spotkania: q451x9o.<\/p>\n<p>Link zostanie wygenerowany w momencie rozpocz\u0119cia spotkania.<\/p>\n<p>&nbsp;<\/p>\n<p><strong>Plan spotka\u0144<\/strong><\/p>\n<hr \/>\n<ol>\n<li>Prof. KUL, dr hab. Agnieszka Lekka-Kowalik (filozofia), <em>Beztroska szcz\u0119\u015bliwo\u015b\u0107 w transhumanistycznym \u015bwiecie &#8211; iluzja czy rzeczywisto\u015b\u0107<\/em>? <strong>19.02<\/strong><\/li>\n<li>Dr hab. Anna Maj (U\u015a, kulturoznawstwo), <em>Cyborgizacja, biohybrydyzacja \u2013 czy technika zmieni ludzk\u0105 natur\u0119<\/em>? <strong>4.03<\/strong><\/li>\n<li>Dr Bart\u0142omiej Knosala (P\u015al, filozofia techniki),<em> Czy powinni\u015bmy delegowa\u0107 zarz\u0105dzanie \u015brodowiskiem naturalnym sztucznej inteligencji? Nadzieje i obawy<\/em> <strong>18.03<\/strong><\/li>\n<li>Dr Anita Pollak, prof. U\u015a (psychologia), <em>Przyczyny l\u0119k\u00f3w przed sztucznym cz\u0142owiekiem<\/em> <strong>8.04<\/strong><\/li>\n<li>Dr hab. Micha\u0142 Krzykawski, prof. U\u015a (filozofia), <em>Na czym polega technopresja<\/em>? <strong>22.04<\/strong><\/li>\n<li>Dr Marcin Garbowski (KUL, filozofia), <em>W poszukiwaniu udoskonalonego cz\u0142owieka \u2013 dylematy transhumanizmu<\/em> <strong>6.05<\/strong><\/li>\n<li>Prof. KUL dr hab. Zbigniew Wr\u00f3blewski (kulturoznawstwo), dr Pawe\u0142 Fortuna (KUL, psychologia eksperymentalna), <em>Czy roboty humanoidalne maj\u0105 dusz\u0119?<\/em> <strong>20.05<\/strong><\/li>\n<li>Prof. UIK dr hab. Piotr Duchli\u0144ski (filozofia, etyka, coaching) <em>Techniczne poszerzenie kompetencji moralnych cz\u0142owieka<\/em>? <strong>3.06<\/strong><\/li>\n<\/ol>\n<p>&nbsp;<\/p>\n<p>Prowadz\u0105cy:<\/p>\n<p>Prof. dr hab. Krzysztof Wieczorek (<a href=\"mailto:krzysztof.t.wieczorek@us.edu.pl\">krzysztof.t.wieczorek@us.edu.pl<\/a>)<\/p>\n<p>dr hab. Mariusz Wojewoda, prof. U\u015a (<a href=\"mailto:mariusz.wojewoda@us.edu.pl\">mariusz.wojewoda@us.edu.pl<\/a>)<\/p>\n<\/div>\r\n                    <\/div>\r\n                <\/div>[\/vc_column][vc_column width=&#8221;1\/3&#8243;]\r\n                <div class=\"text-modules\">\r\n                    <div class=\"container\">\r\n                        \r\n                        <div class=\"text-modules__content\"><p><img class=\"alignnone wp-image-1560 size-full\" src=\"https:\/\/us.edu.pl\/instytut\/ifil\/wp-content\/uploads\/sites\/23\/Bez-kategorii\/Nadzieja-w-czasach-antropocenu.jpg\" alt=\"r\u0119ka robota\" width=\"993\" height=\"572\" srcset=\"https:\/\/us.edu.pl\/instytut\/ifil\/wp-content\/uploads\/sites\/23\/Bez-kategorii\/Nadzieja-w-czasach-antropocenu.jpg 993w, https:\/\/us.edu.pl\/instytut\/ifil\/wp-content\/uploads\/sites\/23\/Bez-kategorii\/Nadzieja-w-czasach-antropocenu-300x173.jpg 300w, https:\/\/us.edu.pl\/instytut\/ifil\/wp-content\/uploads\/sites\/23\/Bez-kategorii\/Nadzieja-w-czasach-antropocenu-768x442.jpg 768w, https:\/\/us.edu.pl\/instytut\/ifil\/wp-content\/uploads\/sites\/23\/Bez-kategorii\/Nadzieja-w-czasach-antropocenu-575x331.jpg 575w\" sizes=\"(max-width: 993px) 100vw, 993px\" \/><\/p>\n<p style=\"text-align: right;\"><span style=\"font-size: 8pt;\">grafika wygenerowana przy u\u017cyciu AI<\/span><\/p>\n<p>\n<\/div>\r\n                    <\/div>\r\n                <\/div>[\/vc_column][\/vc_row]<\/p>","protected":false},"excerpt":{"rendered":"<p>[vc_row][vc_column width=&#8221;2\/3&#8243; css=&#8221;.vc_custom_1708952696594{background-color: #d1d5c9 !important;}&#8221;][\/vc_column][vc_column width=&#8221;1\/3&#8243;][\/vc_column][\/vc_row] [&#8230;]<\/p>\n<p><a class=\"btn btn-secondary understrap-read-more-link\" href=\"https:\/\/us.edu.pl\/instytut\/ifil\/2024\/02\/26\/nadzieja-w-czasach-antropocenu-czy-technika-ocali-ludzkosc-cykl-seminariow-ogolnofilozoficznych\/\">Read More&#8230;<\/a><\/p>\n","protected":false},"author":1,"featured_media":1560,"comment_status":"open","ping_status":"open","sticky":false,"template":"","format":"standard","meta":{"_expiration-date-status":"","_expiration-date":0,"_expiration-date-type":"","_expiration-date-categories":[],"_expiration-date-options":[]},"categories":[19],"tags":[],"acf":[],"_links":{"self":[{"href":"https:\/\/us.edu.pl\/instytut\/ifil\/wp-json\/wp\/v2\/posts\/1559"}],"collection":[{"href":"https:\/\/us.edu.pl\/instytut\/ifil\/wp-json\/wp\/v2\/posts"}],"about":[{"href":"https:\/\/us.edu.pl\/instytut\/ifil\/wp-json\/wp\/v2\/types\/post"}],"author":[{"embeddable":true,"href":"https:\/\/us.edu.pl\/instytut\/ifil\/wp-json\/wp\/v2\/users\/1"}],"replies":[{"embeddable":true,"href":"https:\/\/us.edu.pl\/instytut\/ifil\/wp-json\/wp\/v2\/comments?post=1559"}],"version-history":[{"count":2,"href":"https:\/\/us.edu.pl\/instytut\/ifil\/wp-json\/wp\/v2\/posts\/1559\/revisions"}],"predecessor-version":[{"id":1562,"href":"https:\/\/us.edu.pl\/instytut\/ifil\/wp-json\/wp\/v2\/posts\/1559\/revisions\/1562"}],"wp:featuredmedia":[{"embeddable":true,"href":"https:\/\/us.edu.pl\/instytut\/ifil\/wp-json\/wp\/v2\/media\/1560"}],"wp:attachment":[{"href":"https:\/\/us.edu.pl\/instytut\/ifil\/wp-json\/wp\/v2\/media?parent=1559"}],"wp:term":[{"taxonomy":"category","embeddable":true,"href":"https:\/\/us.edu.pl\/instytut\/ifil\/wp-json\/wp\/v2\/categories?post=1559"},{"taxonomy":"post_tag","embeddable":true,"href":"https:\/\/us.edu.pl\/instytut\/ifil\/wp-json\/wp\/v2\/tags?post=1559"}],"curies":[{"name":"wp","href":"https:\/\/api.w.org\/{rel}","templated":true}]}}