{"id":1605,"date":"2024-10-14T11:04:41","date_gmt":"2024-10-14T09:04:41","guid":{"rendered":"https:\/\/us.edu.pl\/instytut\/ifil\/?p=1605"},"modified":"2024-10-14T11:04:41","modified_gmt":"2024-10-14T09:04:41","slug":"dr-hab-mariusz-wojewoda-prof-us-na-temat-spolecznego-oddzialywania-ai-w-podcascie-podroz-bez-paszportu","status":"publish","type":"post","link":"https:\/\/us.edu.pl\/instytut\/ifil\/2024\/10\/14\/dr-hab-mariusz-wojewoda-prof-us-na-temat-spolecznego-oddzialywania-ai-w-podcascie-podroz-bez-paszportu\/","title":{"rendered":"Dr hab. Mariusz Wojewoda, prof. U\u015a na temat spo\u0142ecznego oddzia\u0142ywania AI w podca\u015bcie Podr\u00f3\u017c bez Paszportu"},"content":{"rendered":"<p>[vc_row][vc_column width=&#8221;2\/3&#8243;]\r\n                <div class=\"text-modules\">\r\n                    <div class=\"container\">\r\n                        \r\n                        <div class=\"text-modules__content\"><p>Zapraszamy do wys\u0142uchania rozmowy <a href=\"https:\/\/us.edu.pl\/instytut\/ifil\/osoby\/mariusz-wojewoda\/\">dr. hab. Mariusza Wojewody, prof. U\u015a<\/a> na temat spo\u0142ecznego oddzia\u0142ywania AI w podca\u015bcie Mateusza Grzeszczuka <em>Podr\u00f3\u017c bez Paszportu.<\/em><\/p>\n<\/div>\r\n                    <\/div>\r\n                <\/div>[vc_video link=&#8221;https:\/\/www.youtube.com\/watch?v=kTw5ZcSTh1c&#8221;][\/vc_column][vc_column width=&#8221;1\/3&#8243;][\/vc_column][\/vc_row]<\/p>","protected":false},"excerpt":{"rendered":"<p>[vc_row][vc_column width=&#8221;2\/3&#8243;][vc_video link=&#8221;https:\/\/www.youtube.com\/watch?v=kTw5ZcSTh1c&#8221;][\/vc_column][vc_column width=&#8221;1\/3&#8243;][\/vc_column][\/vc_row] [&#8230;]<\/p>\n<p><a class=\"btn btn-secondary understrap-read-more-link\" href=\"https:\/\/us.edu.pl\/instytut\/ifil\/2024\/10\/14\/dr-hab-mariusz-wojewoda-prof-us-na-temat-spolecznego-oddzialywania-ai-w-podcascie-podroz-bez-paszportu\/\">Read More&#8230;<\/a><\/p>\n","protected":false},"author":1,"featured_media":1610,"comment_status":"open","ping_status":"open","sticky":false,"template":"","format":"standard","meta":{"_expiration-date-status":"","_expiration-date":0,"_expiration-date-type":"","_expiration-date-categories":[],"_expiration-date-options":[]},"categories":[15],"tags":[],"acf":[],"_links":{"self":[{"href":"https:\/\/us.edu.pl\/instytut\/ifil\/wp-json\/wp\/v2\/posts\/1605"}],"collection":[{"href":"https:\/\/us.edu.pl\/instytut\/ifil\/wp-json\/wp\/v2\/posts"}],"about":[{"href":"https:\/\/us.edu.pl\/instytut\/ifil\/wp-json\/wp\/v2\/types\/post"}],"author":[{"embeddable":true,"href":"https:\/\/us.edu.pl\/instytut\/ifil\/wp-json\/wp\/v2\/users\/1"}],"replies":[{"embeddable":true,"href":"https:\/\/us.edu.pl\/instytut\/ifil\/wp-json\/wp\/v2\/comments?post=1605"}],"version-history":[{"count":1,"href":"https:\/\/us.edu.pl\/instytut\/ifil\/wp-json\/wp\/v2\/posts\/1605\/revisions"}],"predecessor-version":[{"id":1608,"href":"https:\/\/us.edu.pl\/instytut\/ifil\/wp-json\/wp\/v2\/posts\/1605\/revisions\/1608"}],"wp:featuredmedia":[{"embeddable":true,"href":"https:\/\/us.edu.pl\/instytut\/ifil\/wp-json\/wp\/v2\/media\/1610"}],"wp:attachment":[{"href":"https:\/\/us.edu.pl\/instytut\/ifil\/wp-json\/wp\/v2\/media?parent=1605"}],"wp:term":[{"taxonomy":"category","embeddable":true,"href":"https:\/\/us.edu.pl\/instytut\/ifil\/wp-json\/wp\/v2\/categories?post=1605"},{"taxonomy":"post_tag","embeddable":true,"href":"https:\/\/us.edu.pl\/instytut\/ifil\/wp-json\/wp\/v2\/tags?post=1605"}],"curies":[{"name":"wp","href":"https:\/\/api.w.org\/{rel}","templated":true}]}}