{"id":1939,"date":"2025-11-03T08:47:36","date_gmt":"2025-11-03T07:47:36","guid":{"rendered":"https:\/\/us.edu.pl\/instytut\/ifil\/?p=1939"},"modified":"2025-11-03T08:49:28","modified_gmt":"2025-11-03T07:49:28","slug":"spotkanie-autorskie-z-dr-marta-ples-beben-prof-us-poswiecone-ksiazce-wyobraznia-i-nieswiadomosc-nie-psychoanaliza-gastona-bachelarda","status":"publish","type":"post","link":"https:\/\/us.edu.pl\/instytut\/ifil\/2025\/11\/03\/spotkanie-autorskie-z-dr-marta-ples-beben-prof-us-poswiecone-ksiazce-wyobraznia-i-nieswiadomosc-nie-psychoanaliza-gastona-bachelarda\/","title":{"rendered":"Spotkanie autorskie z dr Mart\u0105 Ples-B\u0119ben, prof. U\u015a, po\u015bwi\u0119cone ksi\u0105\u017cce \u201eWyobra\u017ania i nie\u015bwiadomo\u015b\u0107. Nie-psychoanaliza Gastona Bachelarda\u201d."},"content":{"rendered":"<p>[vc_row][vc_column width=&#8221;2\/3&#8243;]\r\n                <div class=\"text-modules\">\r\n                    <div class=\"container\">\r\n                        \r\n                        <div class=\"text-modules__content\"><p>Instytut Filozofii Uniwersytetu \u015al\u0105skiego w Katowicach zaprasza na spotkanie autorskie z <a href=\"https:\/\/us.edu.pl\/instytut\/ifil\/osoby\/marta-ples-beben\/\">dr Mart\u0105 Ples-B\u0119ben, prof. U\u015a<\/a>, po\u015bwi\u0119cone ksi\u0105\u017cce \u201eWyobra\u017ania i nie\u015bwiadomo\u015b\u0107. Nie-psychoanaliza Gastona Bachelarda\u201d. Wydarzenie odb\u0119dzie si\u0119 we wtorek, 4 listopada 2025 roku o godzinie 15:30 w sali 316 przy ul. Bankowej 11 w Katowicach (budynek WH\/WNS U\u015a).<\/p>\n<p>Spotkanie jest cz\u0119\u015bci\u0105 Seminarium im. Prof. Andrzeja J. Norasa, organizowanego pod egid\u0105 Komisji Filozofii i Socjologii PAN (Katowice).<\/p>\n<p>Publikacja dr Marty Ples-B\u0119ben stanowi now\u0105 interpretacj\u0119 my\u015bli Gastona Bachelarda, w kt\u00f3rej autorka analizuje jego koncepcj\u0119 \u201enie-psychoanalizy\u201d jako oryginalnego rozwini\u0119cia refleksji nad wyobra\u017ani\u0105 i nie\u015bwiadomo\u015bci\u0105. Po wyst\u0105pieniu autorki przewidziana jest dyskusja.<\/p>\n<p>Szczeg\u00f3\u0142owe informacje o ksi\u0105\u017cce dost\u0119pne s\u0105 pod adresem: <a href=\"https:\/\/doi.org\/10.31261\/PN.4246\">https:\/\/doi.org\/10.31261\/PN.4246<\/a><\/p>\n<\/div>\r\n                    <\/div>\r\n                <\/div>[\/vc_column][vc_column width=&#8221;1\/3&#8243;]\r\n                <div class=\"text-modules\">\r\n                    <div class=\"container\">\r\n                        \r\n                        <div class=\"text-modules__content\"><p><img class=\"alignnone wp-image-1588 size-full\" src=\"https:\/\/us.edu.pl\/instytut\/ifil\/wp-content\/uploads\/sites\/23\/obrazki-wyrozniajace\/okulary-na-ksiazce.png\" alt=\"okulary le\u017c\u0105ce na otwartej ksi\u0105\u017cce\" width=\"2048\" height=\"1360\" srcset=\"https:\/\/us.edu.pl\/instytut\/ifil\/wp-content\/uploads\/sites\/23\/obrazki-wyrozniajace\/okulary-na-ksiazce.png 2048w, https:\/\/us.edu.pl\/instytut\/ifil\/wp-content\/uploads\/sites\/23\/obrazki-wyrozniajace\/okulary-na-ksiazce-300x199.png 300w, https:\/\/us.edu.pl\/instytut\/ifil\/wp-content\/uploads\/sites\/23\/obrazki-wyrozniajace\/okulary-na-ksiazce-1024x680.png 1024w, https:\/\/us.edu.pl\/instytut\/ifil\/wp-content\/uploads\/sites\/23\/obrazki-wyrozniajace\/okulary-na-ksiazce-768x510.png 768w, https:\/\/us.edu.pl\/instytut\/ifil\/wp-content\/uploads\/sites\/23\/obrazki-wyrozniajace\/okulary-na-ksiazce-1536x1020.png 1536w, https:\/\/us.edu.pl\/instytut\/ifil\/wp-content\/uploads\/sites\/23\/obrazki-wyrozniajace\/okulary-na-ksiazce-575x382.png 575w\" sizes=\"(max-width: 2048px) 100vw, 2048px\" \/><\/p>\n<\/div>\r\n                    <\/div>\r\n                <\/div>[\/vc_column][\/vc_row]<\/p>","protected":false},"excerpt":{"rendered":"<p>[vc_row][vc_column width=&#8221;2\/3&#8243;][\/vc_column][vc_column width=&#8221;1\/3&#8243;][\/vc_column][\/vc_row] [&#8230;]<\/p>\n<p><a class=\"btn btn-secondary understrap-read-more-link\" href=\"https:\/\/us.edu.pl\/instytut\/ifil\/2025\/11\/03\/spotkanie-autorskie-z-dr-marta-ples-beben-prof-us-poswiecone-ksiazce-wyobraznia-i-nieswiadomosc-nie-psychoanaliza-gastona-bachelarda\/\">Read More&#8230;<\/a><\/p>\n","protected":false},"author":7254,"featured_media":1588,"comment_status":"open","ping_status":"open","sticky":false,"template":"","format":"standard","meta":{"_expiration-date-status":"","_expiration-date":0,"_expiration-date-type":"","_expiration-date-categories":[],"_expiration-date-options":[]},"categories":[15],"tags":[],"acf":[],"_links":{"self":[{"href":"https:\/\/us.edu.pl\/instytut\/ifil\/wp-json\/wp\/v2\/posts\/1939"}],"collection":[{"href":"https:\/\/us.edu.pl\/instytut\/ifil\/wp-json\/wp\/v2\/posts"}],"about":[{"href":"https:\/\/us.edu.pl\/instytut\/ifil\/wp-json\/wp\/v2\/types\/post"}],"author":[{"embeddable":true,"href":"https:\/\/us.edu.pl\/instytut\/ifil\/wp-json\/wp\/v2\/users\/7254"}],"replies":[{"embeddable":true,"href":"https:\/\/us.edu.pl\/instytut\/ifil\/wp-json\/wp\/v2\/comments?post=1939"}],"version-history":[{"count":2,"href":"https:\/\/us.edu.pl\/instytut\/ifil\/wp-json\/wp\/v2\/posts\/1939\/revisions"}],"predecessor-version":[{"id":1941,"href":"https:\/\/us.edu.pl\/instytut\/ifil\/wp-json\/wp\/v2\/posts\/1939\/revisions\/1941"}],"wp:featuredmedia":[{"embeddable":true,"href":"https:\/\/us.edu.pl\/instytut\/ifil\/wp-json\/wp\/v2\/media\/1588"}],"wp:attachment":[{"href":"https:\/\/us.edu.pl\/instytut\/ifil\/wp-json\/wp\/v2\/media?parent=1939"}],"wp:term":[{"taxonomy":"category","embeddable":true,"href":"https:\/\/us.edu.pl\/instytut\/ifil\/wp-json\/wp\/v2\/categories?post=1939"},{"taxonomy":"post_tag","embeddable":true,"href":"https:\/\/us.edu.pl\/instytut\/ifil\/wp-json\/wp\/v2\/tags?post=1939"}],"curies":[{"name":"wp","href":"https:\/\/api.w.org\/{rel}","templated":true}]}}