{"id":2919,"date":"2021-06-13T11:01:37","date_gmt":"2021-06-13T09:01:37","guid":{"rendered":"https:\/\/us.edu.pl\/instytut\/ifiz\/?p=2919"},"modified":"2021-06-13T12:33:46","modified_gmt":"2021-06-13T10:33:46","slug":"rekrutacja-na-studia","status":"publish","type":"post","link":"https:\/\/us.edu.pl\/instytut\/ifiz\/rekrutacja-na-studia\/","title":{"rendered":"Rekrutacja na studia"},"content":{"rendered":"<p>[vc_row][vc_column]\r\n                <div class=\"text-modules\">\r\n                    <div class=\"container\">\r\n                        \r\n                        <div class=\"text-modules__content\"><p><strong>Drodzy kandydaci,<\/strong><br \/>\n<strong>Przypominamy o trwaj\u0105cej rekrutacji!<\/strong><br \/>\nZach\u0119camy do zapoznania si\u0119 z ofert\u0105 dydaktyczn\u0105 Wydzia\u0142u Nauk \u015acis\u0142ych i Technicznych.<br \/>\nW szczeg\u00f3lno\u015bci zapraszamy do studiowania na kierunkach:<\/p>\n<ul>\n<li><a href=\"https:\/\/us.edu.pl\/wydzial\/wnst\/studia\/kandydat\/oferta-dydaktyczna\/studia-pierwszego-stopnia\/fizyka\/\">Fizyka (studia I i II-go stopnia)<\/a>,<\/li>\n<li><a href=\"https:\/\/us.edu.pl\/wydzial\/wnst\/studia\/kandydat\/oferta-dydaktyczna\/biofizyka\/\">Biofizyka (studia I i II-go stopnia)<\/a>,<\/li>\n<li><a href=\"https:\/\/us.edu.pl\/wydzial\/wnst\/studia\/kandydat\/oferta-dydaktyczna\/studia-pierwszego-stopnia\/fizyka-medyczna\/\">Fizyka medyczna (studia I-go stopnia, in\u017cynierskie)<\/a>,<\/li>\n<li><a href=\"https:\/\/us.edu.pl\/wydzial\/wnst\/studia\/kandydat\/oferta-dydaktyczna\/studia-pierwszego-stopnia\/mikro-i-nanotechnologia\/\">Mikro i nanotechnologia (studia I-go stopnia, in\u017cynierskie)<\/a>.<\/li>\n<\/ul>\n<p>W opisie poszczeg\u00f3lnych kierunk\u00f3w znajdziecie informacje o atutach danego kierunku, o tym co go wyr\u00f3\u017cnia, gdzie realizowane s\u0105 zaj\u0119cia, czego chcemy Was nauczy\u0107 i wiele innych ciekawych informacji.<\/p>\n<\/div>\r\n                    <\/div>\r\n                <\/div>\r\n                <div class=\"text-modules\">\r\n                    <div class=\"container\">\r\n                        <h3 class=\"page-title text__title\">Nowa specjalno\u015b\u0107 Fundamental and Applied Physics<\/h3>\r\n                        <div class=\"text-modules__content\"><p>W tym roku uruchomiona zosta\u0142a\u00a0<strong>nowa specjalno\u015b\u0107<\/strong>\u00a0na studiach II-go stopnia na kierunku Fizyka:\u00a0<strong>Fundamental and Applied Physics<\/strong>.<\/p>\n<p>Studia Fizyki II stopnia na specjalno\u015bci <a href=\"https:\/\/katalog.us.edu.pl\/catalog\/program\/view?id=12074&amp;lang=en\">Fundamental and Applied Physics<\/a> obejmuj\u0105 g\u0142\u00f3wne zagadnienia wsp\u00f3\u0142czesnej fizyki i umo\u017cliwiaj\u0105 zdobycie wiedzy i praktyki z r\u00f3\u017cnych dziedzin fizyki i technologii. Studia prowadzone s\u0105 w j\u0119zyku angielskim.<\/p>\n<p>Program studi\u00f3w jest silnie powi\u0105zany z dzia\u0142alno\u015bci\u0105 naukow\u0105 prowadzon\u0105 w Instytucie Fizyki i skonstruowany w taki spos\u00f3b, by studenci, poprzez dob\u00f3r kurs\u00f3w, mogli realizowa\u0107 badania naukowe i pog\u0142\u0119bia\u0107 wiedz\u0119 w obszarach szczeg\u00f3lnie ich interesuj\u0105cych.<\/p>\n<p>Z jednej strony mo\u017ce to by\u0107 Fizyka podstawowa (Fundamental Physics) zajmuj\u0105ca si\u0119 badaniami podstawowych si\u0142 i cz\u0105stek, b\u0119d\u0105cych podstawowym budulcem wszelkiej materii. Prezentuj\u0105c odpowiednie koncepcje i metody teoretyczne i eksperymentalne studia daj\u0105 szans\u0119 na zrozumienie \u015bwiata w ca\u0142ym jego ogromie i z\u0142o\u017cono\u015bci; od czarnych dziury przez supernowe, nadprzewodniki, kropki kwantowe po cz\u0105stki elementarne.<\/p>\n<p>Z drugiej strony Fizyka stosowana (Applied Physics), kt\u00f3ra dotyczy wykorzystania praw fizyki i teorii w praktycznych urz\u0105dzeniach i systemach, a tak\u017ce stosowania fizyki w innych dziedzinach nauki. Fizycy stosowani wykorzystuj\u0105 fizyk\u0119 w celu opracowywania nowych technologii, innowacji lub rozwi\u0105zywania problem\u00f3w in\u017cynieryjnych. Projektowanie detektor\u00f3w czy aparatury badawczej, rola fizyki j\u0105drowej w medycynie &#8211; to jedne z wielu temat\u00f3w, kt\u00f3re studenci b\u0119d\u0105 mogli pozna\u0107 w trakcie studi\u00f3w.<\/p>\n<p>Studenci kierunku Fundamenal and Applied Physics mog\u0105 wybra\u0107 sw\u00f3j przysz\u0142y obszar bada\u0144 spo\u015br\u00f3d wielu specjalizacji w zakresie: fizyki teoretycznej, fizyki atomowej i molekularnej, fizyki fazy skondensowanej, fizyki j\u0105drowej i cz\u0105stek elementarnych, astrofizyki i kosmologii.<\/p>\n<p><strong>Obserwujcie facebook\u2019a <a href=\"https:\/\/www.facebook.com\/wnsit\">Wydzia\u0142u Nauk \u015acis\u0142ych i Technicznych<\/a> i <a href=\"https:\/\/www.facebook.com\/search\/top?q=instytut%20fizyki%20-%20uniwersytet%20%C5%9Bl%C4%85ski\">Instytutu Fizyki Uniwersytetu \u015al\u0105skiego<\/a> gdzie publikowane b\u0119d\u0105 kolejne informacje o rekrutacji.<\/strong><\/p>\n<p><strong>Nie czekajcie, zapiszcie si\u0119 teraz!<\/strong><\/p>\n<\/div>\r\n                    <\/div>\r\n                <\/div>\r\n                <div class=\"text-modules\">\r\n                    <div class=\"container\">\r\n                        <h3 class=\"page-title text__title\">Przydatne linki:<\/h3>\r\n                        <div class=\"text-modules__content\"><p><a href=\"https:\/\/us.edu.pl\/kandydat\/rekrutacja-na-studia-krok-po-kroku\/\">Rekrutacja krok po kroku<\/a><\/p>\n<p><a href=\"https:\/\/irk.us.edu.pl\/irk\/application\/catalog?TimelineSearch%5Bprogram_name%5D=&amp;TimelineSearch%5Bfaculty_id%5D=W4\">Internetowa rejestracja kandydat\u00f3w<\/a><\/p>\n<\/div>\r\n                    <\/div>\r\n                <\/div>[\/vc_column][\/vc_row]<\/p>","protected":false},"excerpt":{"rendered":"<p>[vc_row][vc_column][\/vc_column][\/vc_row] [&#8230;]<\/p>\n<p><a class=\"btn btn-secondary understrap-read-more-link\" href=\"https:\/\/us.edu.pl\/instytut\/ifiz\/rekrutacja-na-studia\/\">Read More&#8230;<\/a><\/p>\n","protected":false},"author":104,"featured_media":2909,"comment_status":"open","ping_status":"open","sticky":false,"template":"","format":"standard","meta":{"_expiration-date-status":"saved","_expiration-date":0,"_expiration-date-type":"","_expiration-date-categories":[],"_expiration-date-options":[]},"categories":[37,8],"tags":[],"acf":[],"_links":{"self":[{"href":"https:\/\/us.edu.pl\/instytut\/ifiz\/wp-json\/wp\/v2\/posts\/2919"}],"collection":[{"href":"https:\/\/us.edu.pl\/instytut\/ifiz\/wp-json\/wp\/v2\/posts"}],"about":[{"href":"https:\/\/us.edu.pl\/instytut\/ifiz\/wp-json\/wp\/v2\/types\/post"}],"author":[{"embeddable":true,"href":"https:\/\/us.edu.pl\/instytut\/ifiz\/wp-json\/wp\/v2\/users\/104"}],"replies":[{"embeddable":true,"href":"https:\/\/us.edu.pl\/instytut\/ifiz\/wp-json\/wp\/v2\/comments?post=2919"}],"version-history":[{"count":0,"href":"https:\/\/us.edu.pl\/instytut\/ifiz\/wp-json\/wp\/v2\/posts\/2919\/revisions"}],"wp:featuredmedia":[{"embeddable":true,"href":"https:\/\/us.edu.pl\/instytut\/ifiz\/wp-json\/wp\/v2\/media\/2909"}],"wp:attachment":[{"href":"https:\/\/us.edu.pl\/instytut\/ifiz\/wp-json\/wp\/v2\/media?parent=2919"}],"wp:term":[{"taxonomy":"category","embeddable":true,"href":"https:\/\/us.edu.pl\/instytut\/ifiz\/wp-json\/wp\/v2\/categories?post=2919"},{"taxonomy":"post_tag","embeddable":true,"href":"https:\/\/us.edu.pl\/instytut\/ifiz\/wp-json\/wp\/v2\/tags?post=2919"}],"curies":[{"name":"wp","href":"https:\/\/api.w.org\/{rel}","templated":true}]}}