{"id":2974,"date":"2021-09-11T10:00:16","date_gmt":"2021-09-11T08:00:16","guid":{"rendered":"https:\/\/us.edu.pl\/instytut\/ifiz\/?p=2974"},"modified":"2021-09-10T19:53:35","modified_gmt":"2021-09-10T17:53:35","slug":"setna-rocznica-urodzin-stanislawa-lema","status":"publish","type":"post","link":"https:\/\/us.edu.pl\/instytut\/ifiz\/setna-rocznica-urodzin-stanislawa-lema\/","title":{"rendered":"Setna rocznica urodzin Stanis\u0142awa Lema"},"content":{"rendered":"<p>[vc_row][vc_column]\r\n                <div class=\"text-modules\">\r\n                    <div class=\"container\">\r\n                        \r\n                        <div class=\"text-modules__content\"><p>W dniu 13 wrze\u015bnia 2021 roku mija setna rocznica urodzin Stanis\u0142awa Lema. Warto odnotowa\u0107 t\u0119 dat\u0119, poniewa\u017c ten urodzony w przedwojennym Lwowie autor licznych ksi\u0105\u017cek jest jednym z najlepiej rozpoznawalnych polskich pisarzy. Jego spu\u015bcizna to w przewa\u017caj\u0105cej cz\u0119\u015bci literatura zaliczaj\u0105ca si\u0119 do fantastyki naukowej. Jednak na tle innych ksi\u0105\u017cek z nurtu SF utwory Lema wyr\u00f3\u017cniaj\u0105 si\u0119 bliskim zwi\u0105zkiem z nauk\u0105. Autor by\u0142 na bie\u017c\u0105co z odkryciami i aktualnymi problemami naukowymi. W swoich ksi\u0105\u017ckach potrafi\u0142 wiarygodnie opisa\u0107 &#8211; tak bliskie fizykom &#8211; neutrino (\u201cG\u0142os Pana\u201d), jak i ruch w okolicy czarnej dziury (\u201cFiasko\u201d). Mia\u0142 te\u017c swoj\u0105, raczej ma\u0142o optymistyczn\u0105, wizj\u0119 kontaktu z pozaziemsk\u0105 inteligencj\u0105 (\u201cEden\u201d, \u201cSolaris\u201d). No i, oczywi\u015bcie, stworzy\u0142 nie\u015bmiertelne \u201cBajki robot\u00f3w\u201d czy \u201cOpowie\u015bci o pilocie Pirxie\u201d, kt\u00f3re tym lepiej si\u0119 rozumie, im wi\u0119cej ma si\u0119 \u017cyciowego do\u015bwiadczenia.<\/p>\n<p>Ciekawe jest r\u00f3wnie\u017c por\u00f3wnanie jego przewidywa\u0144 futurologicznych (\u201cSumma Technologiae\u201d, felietony z lat 90-tych) z nasz\u0105 dzisiejsz\u0105 rzeczywisto\u015bci\u0105 oraz stanem nauki. Stanis\u0142aw Lem nie tylko zapisa\u0142 si\u0119 w historii literatury, tworz\u0105c niezwyk\u0142e utwory w tak pozornie ma\u0142o szlachetnym gatunku, ale r\u00f3wnie\u017c zainteresowa\u0142 nauk\u0105 licznych przysz\u0142ych student\u00f3w, m.in. fizyki.<\/p>\n<\/div>\r\n                    <\/div>\r\n                <\/div>[\/vc_column][\/vc_row]<\/p>","protected":false},"excerpt":{"rendered":"<p>[vc_row][vc_column][\/vc_column][\/vc_row] [&#8230;]<\/p>\n<p><a class=\"btn btn-secondary understrap-read-more-link\" href=\"https:\/\/us.edu.pl\/instytut\/ifiz\/setna-rocznica-urodzin-stanislawa-lema\/\">Read More&#8230;<\/a><\/p>\n","protected":false},"author":104,"featured_media":2975,"comment_status":"open","ping_status":"open","sticky":false,"template":"","format":"standard","meta":{"_expiration-date-status":"saved","_expiration-date":0,"_expiration-date-type":"","_expiration-date-categories":[],"_expiration-date-options":[]},"categories":[37,8],"tags":[],"acf":[],"_links":{"self":[{"href":"https:\/\/us.edu.pl\/instytut\/ifiz\/wp-json\/wp\/v2\/posts\/2974"}],"collection":[{"href":"https:\/\/us.edu.pl\/instytut\/ifiz\/wp-json\/wp\/v2\/posts"}],"about":[{"href":"https:\/\/us.edu.pl\/instytut\/ifiz\/wp-json\/wp\/v2\/types\/post"}],"author":[{"embeddable":true,"href":"https:\/\/us.edu.pl\/instytut\/ifiz\/wp-json\/wp\/v2\/users\/104"}],"replies":[{"embeddable":true,"href":"https:\/\/us.edu.pl\/instytut\/ifiz\/wp-json\/wp\/v2\/comments?post=2974"}],"version-history":[{"count":0,"href":"https:\/\/us.edu.pl\/instytut\/ifiz\/wp-json\/wp\/v2\/posts\/2974\/revisions"}],"wp:featuredmedia":[{"embeddable":true,"href":"https:\/\/us.edu.pl\/instytut\/ifiz\/wp-json\/wp\/v2\/media\/2975"}],"wp:attachment":[{"href":"https:\/\/us.edu.pl\/instytut\/ifiz\/wp-json\/wp\/v2\/media?parent=2974"}],"wp:term":[{"taxonomy":"category","embeddable":true,"href":"https:\/\/us.edu.pl\/instytut\/ifiz\/wp-json\/wp\/v2\/categories?post=2974"},{"taxonomy":"post_tag","embeddable":true,"href":"https:\/\/us.edu.pl\/instytut\/ifiz\/wp-json\/wp\/v2\/tags?post=2974"}],"curies":[{"name":"wp","href":"https:\/\/api.w.org\/{rel}","templated":true}]}}