{"id":3019,"date":"2021-10-30T10:20:30","date_gmt":"2021-10-30T08:20:30","guid":{"rendered":"https:\/\/us.edu.pl\/instytut\/ifiz\/?p=3019"},"modified":"2021-10-30T10:20:30","modified_gmt":"2021-10-30T08:20:30","slug":"msza-swieta-w-intencji-sp-profesora-augusta-chelkowskiego","status":"publish","type":"post","link":"https:\/\/us.edu.pl\/instytut\/ifiz\/msza-swieta-w-intencji-sp-profesora-augusta-chelkowskiego\/","title":{"rendered":"Msza \u015bwi\u0119ta w intencji \u015bp. Profesora Augusta Che\u0142kowskiego"},"content":{"rendered":"<p>[vc_row][vc_column]\r\n                <div class=\"text-modules\">\r\n                    <div class=\"container\">\r\n                        \r\n                        <div class=\"text-modules__content\"><p>Szanowni Pa\u0144stwo,<br \/>\ninformujemy o mszy \u015bwi\u0119tej w intencji \u015bp. Profesora Augusta Che\u0142kowskiego &#8211; patrona naszego Instytutu, kt\u00f3ra co roku odprawiana jest w rocznic\u0119 jego \u015bmierci (w tym roku 22 rocznica) z inicjatywy wsp\u00f3\u0142pracownik\u00f3w i przyjaci\u00f3\u0142 \u015bp. Profesora.<\/p>\n<p>Msza \u015bw. b\u0119dzie odprawiona <strong>4 listopada (czwartek) w kaplicy Wydzia\u0142u Teologicznego, ul. Jordana 18, o godz. 18.30.<\/strong><\/p>\n<\/div>\r\n                    <\/div>\r\n                <\/div>[\/vc_column][\/vc_row]<\/p>","protected":false},"excerpt":{"rendered":"<p>[vc_row][vc_column][\/vc_column][\/vc_row] [&#8230;]<\/p>\n<p><a class=\"btn btn-secondary understrap-read-more-link\" href=\"https:\/\/us.edu.pl\/instytut\/ifiz\/msza-swieta-w-intencji-sp-profesora-augusta-chelkowskiego\/\">Read More&#8230;<\/a><\/p>\n","protected":false},"author":104,"featured_media":1928,"comment_status":"open","ping_status":"open","sticky":false,"template":"","format":"standard","meta":{"_expiration-date-status":"saved","_expiration-date":0,"_expiration-date-type":"","_expiration-date-categories":[],"_expiration-date-options":[]},"categories":[8],"tags":[],"acf":[],"_links":{"self":[{"href":"https:\/\/us.edu.pl\/instytut\/ifiz\/wp-json\/wp\/v2\/posts\/3019"}],"collection":[{"href":"https:\/\/us.edu.pl\/instytut\/ifiz\/wp-json\/wp\/v2\/posts"}],"about":[{"href":"https:\/\/us.edu.pl\/instytut\/ifiz\/wp-json\/wp\/v2\/types\/post"}],"author":[{"embeddable":true,"href":"https:\/\/us.edu.pl\/instytut\/ifiz\/wp-json\/wp\/v2\/users\/104"}],"replies":[{"embeddable":true,"href":"https:\/\/us.edu.pl\/instytut\/ifiz\/wp-json\/wp\/v2\/comments?post=3019"}],"version-history":[{"count":0,"href":"https:\/\/us.edu.pl\/instytut\/ifiz\/wp-json\/wp\/v2\/posts\/3019\/revisions"}],"wp:featuredmedia":[{"embeddable":true,"href":"https:\/\/us.edu.pl\/instytut\/ifiz\/wp-json\/wp\/v2\/media\/1928"}],"wp:attachment":[{"href":"https:\/\/us.edu.pl\/instytut\/ifiz\/wp-json\/wp\/v2\/media?parent=3019"}],"wp:term":[{"taxonomy":"category","embeddable":true,"href":"https:\/\/us.edu.pl\/instytut\/ifiz\/wp-json\/wp\/v2\/categories?post=3019"},{"taxonomy":"post_tag","embeddable":true,"href":"https:\/\/us.edu.pl\/instytut\/ifiz\/wp-json\/wp\/v2\/tags?post=3019"}],"curies":[{"name":"wp","href":"https:\/\/api.w.org\/{rel}","templated":true}]}}