{"id":1006,"date":"2021-05-20T13:48:55","date_gmt":"2021-05-20T11:48:55","guid":{"rendered":"https:\/\/us.edu.pl\/instytut\/igseigp\/?p=1006"},"modified":"2021-05-20T13:49:51","modified_gmt":"2021-05-20T11:49:51","slug":"chaos-przestrzenny-jako-wynik-zniszczen-wojennych-oraz-powojennych-zmian-w-przestrzenni-malego-miasta","status":"publish","type":"post","link":"https:\/\/us.edu.pl\/instytut\/igseigp\/2021\/05\/20\/chaos-przestrzenny-jako-wynik-zniszczen-wojennych-oraz-powojennych-zmian-w-przestrzenni-malego-miasta\/","title":{"rendered":"Chaos przestrzenny jako wynik zniszcze\u0144 wojennych oraz powojennych zmian w przestrzeni ma\u0142ego miasta"},"content":{"rendered":"<p>[vc_row][vc_column]\r\n                <div class=\"text-modules \">\r\n                    <div class=\"container\">\r\n                         \r\n                        <div class=\"row m-0\">\r\n                            <div class=\"text-modules__content\">\r\n                                <\/p>\n<p style=\"text-align: justify\"><span style=\"font-size: 12pt\">W czasopi\u015bmie Land ukaza\u0142 si\u0119 wsp\u00f3\u0142autorki artyku\u0142, dra Tomasza Sp\u00f3rny, pt. Spatial Chaos as a Result of War Damage and Post-war Transformations. Example of Small Town W\u0119gorzewo.<\/span><br \/>\n<span style=\"font-size: 12pt\">W artykule zbadano wp\u0142yw zniszcze\u0144 wojennych oraz procesu socjalistycznej odbudowy miasta na zmiany w jego strukturze przestrzennej (na przyk\u0142adzie W\u0119gorzewa). Dzia\u0142ania wojenne podczas II wojny \u015bwiatowej oraz okres powojennej dewastacji zniszczy\u0142y wiele europejskich miast i miasteczek. Jednym z najbardziej dotkni\u0119tych obszar\u00f3w by\u0142y dawne Prusy Wschodnie, obecnie znajduj\u0105ce si\u0119 na terenie Polski oraz Obwodu Kaliningradzkiego (Federacja Rosyjska). Opr\u00f3cz zniszcze\u0144 miast, wa\u017cnych ze strategicznego i gospodarczego punktu widzenia, ucierpia\u0142y r\u00f3wnie\u017c ma\u0142e miasteczka. Przyk\u0142adem takiego miasta jest W\u0119gorzewo, gdzie skala zniszczenia przedwojennej tkanki miejskiej przekroczy\u0142a 80%, a obszar zabudowany starego miasta praktycznie przesta\u0142 istnie\u0107. W W\u0119gorzewie wyst\u0119puje wi\u0119kszo\u015b\u0107 proces\u00f3w i problem\u00f3w przestrzennych charakterystycznych dla miast Europy \u015arodkowo-Wschodniej. Powojenne zagospodarowanie przestrzenne w okresie PRL, w duchu budowy miasta socjalistycznego i z pomini\u0119ciem pierwotnego uk\u0142adu przestrzennego, przynios\u0142o nieodwracalne zmiany w tkance miejskiej. Odzwierciedli\u0142o si\u0119 to w zerwaniu z pierwotnym uk\u0142adem miasta i powstaniem modernistycznej zabudowy. Zmiany te zosta\u0142y utrwalone, a nawet pog\u0142\u0119bione w okresie transformacji gospodarczej i politycznej z lat 90. XX w.<\/span><br \/>\n<span style=\"font-size: 12pt\">Obecnie, kilkadziesi\u0105t lat po zako\u0144czeniu II wojny \u015bwiatowej, pomimo podj\u0119cia dzia\u0142a\u0144 naprawczych, miasto nadal boryka si\u0119 z problemem chaosu przestrzennego. Jego morfologiczne i fizjonomiczne przejawy w postaci braku centralnej przestrzeni publicznej, utraty historycznego charakteru, dysharmonizacji krajobrazu miejskiego, czy rozproszonej zabudowy, s\u0105 g\u0142\u00f3wnymi przedmiotami analizy artyku\u0142u. W opracowaniu zastosowano zr\u00f3\u017cnicowany aparat metodologiczny, na kt\u00f3ry sk\u0142ada si\u0119 analiza przemian morfologicznych miasta, analiza fizjonomii krajobrazu miejskiego i architektury, badania in situ oraz analiza dokument\u00f3w miejskich i wywiad\u00f3w eksperckich.<\/span><br \/>\n<span style=\"font-size: 12pt\">W dyskusji wyniki bada\u0144 zosta\u0142y osadzone w kontek\u015bcie przypadk\u00f3w innych miast europejskich. We wnioskach wskazano zagro\u017cenia dla kszta\u0142towania \u0142adu przestrzennego w W\u0119gorzewie oraz mo\u017cliwe \u015bcie\u017cki dzia\u0142ania.<\/span><\/p>\n<p style=\"text-align: left\"><span style=\"font-size: 12pt\">Z artyku\u0142em mo\u017cna zapozna\u0107 si\u0119 pod linkiem: <a href=\"https:\/\/www.mdpi.com\/2073-445X\/10\/5\/541\">https:\/\/www.mdpi.com\/2073-445X\/10\/5\/541<\/a><\/span><\/p>\n<div class=\"mt-3\"><\/div>\r\n                            <\/div>\r\n                            \r\n                            <div class=\"text-modules__img\"><img src=\"https:\/\/us.edu.pl\/instytut\/igseigp\/wp-content\/uploads\/sites\/35\/Nieprzypisane\/Fig.-6..jpg\" alt=\"img\"><\/div>\r\n                        <\/div>\r\n                    <\/div>\r\n                <\/div>[\/vc_column][\/vc_row]<\/p>","protected":false},"excerpt":{"rendered":"<p>[vc_row][vc_column][\/vc_column][\/vc_row] [&#8230;]<\/p>\n<p><a class=\"btn btn-secondary understrap-read-more-link\" href=\"https:\/\/us.edu.pl\/instytut\/igseigp\/2021\/05\/20\/chaos-przestrzenny-jako-wynik-zniszczen-wojennych-oraz-powojennych-zmian-w-przestrzenni-malego-miasta\/\">Read More&#8230;<\/a><\/p>\n","protected":false},"author":123,"featured_media":1007,"comment_status":"open","ping_status":"open","sticky":false,"template":"","format":"standard","meta":{"_expiration-date-status":"saved","_expiration-date":0,"_expiration-date-type":"","_expiration-date-categories":[],"_expiration-date-options":[]},"categories":[8],"tags":[],"acf":[],"_links":{"self":[{"href":"https:\/\/us.edu.pl\/instytut\/igseigp\/wp-json\/wp\/v2\/posts\/1006"}],"collection":[{"href":"https:\/\/us.edu.pl\/instytut\/igseigp\/wp-json\/wp\/v2\/posts"}],"about":[{"href":"https:\/\/us.edu.pl\/instytut\/igseigp\/wp-json\/wp\/v2\/types\/post"}],"author":[{"embeddable":true,"href":"https:\/\/us.edu.pl\/instytut\/igseigp\/wp-json\/wp\/v2\/users\/123"}],"replies":[{"embeddable":true,"href":"https:\/\/us.edu.pl\/instytut\/igseigp\/wp-json\/wp\/v2\/comments?post=1006"}],"version-history":[{"count":2,"href":"https:\/\/us.edu.pl\/instytut\/igseigp\/wp-json\/wp\/v2\/posts\/1006\/revisions"}],"predecessor-version":[{"id":1009,"href":"https:\/\/us.edu.pl\/instytut\/igseigp\/wp-json\/wp\/v2\/posts\/1006\/revisions\/1009"}],"wp:featuredmedia":[{"embeddable":true,"href":"https:\/\/us.edu.pl\/instytut\/igseigp\/wp-json\/wp\/v2\/media\/1007"}],"wp:attachment":[{"href":"https:\/\/us.edu.pl\/instytut\/igseigp\/wp-json\/wp\/v2\/media?parent=1006"}],"wp:term":[{"taxonomy":"category","embeddable":true,"href":"https:\/\/us.edu.pl\/instytut\/igseigp\/wp-json\/wp\/v2\/categories?post=1006"},{"taxonomy":"post_tag","embeddable":true,"href":"https:\/\/us.edu.pl\/instytut\/igseigp\/wp-json\/wp\/v2\/tags?post=1006"}],"curies":[{"name":"wp","href":"https:\/\/api.w.org\/{rel}","templated":true}]}}