{"id":1548,"date":"2023-10-02T11:16:14","date_gmt":"2023-10-02T09:16:14","guid":{"rendered":"https:\/\/us.edu.pl\/instytut\/igseigp\/?p=1548"},"modified":"2023-10-02T11:46:28","modified_gmt":"2023-10-02T09:46:28","slug":"ii-kongres-czechoznawstwa-polskiego-i-polonoznawstwa-czeskiego-2023","status":"publish","type":"post","link":"https:\/\/us.edu.pl\/instytut\/igseigp\/2023\/10\/02\/ii-kongres-czechoznawstwa-polskiego-i-polonoznawstwa-czeskiego-2023\/","title":{"rendered":"II Kongres Czechoznawstwa Polskiego i Polonoznawstwa Czeskiego 2023"},"content":{"rendered":"<p>[vc_row][vc_column]\r\n                <div class=\"text-modules \">\r\n                    <div class=\"container\">\r\n                         \r\n                        <div class=\"row m-0\">\r\n                            <div class=\"text-modules__content\">\r\n                                <\/p>\n<p style=\"text-align: justify;\"><span style=\"font-size: 14pt;\">W dniach 24 &#8211; 27 wrze\u015bnia 2023 r. na Uniwersytecie Opolskim odby\u0142 si\u0119 II Kongres Czechoznawstwa Polskiego i Polonoznawstwa Czeskiego 2023. W wydarzeniu udzia\u0142 wzi\u0105\u0142 dr hab. Robert Krzysztofik, prof. U\u015a, kt\u00f3ry przedstawi\u0142 referat zatytu\u0142owany: &#8222;Zielona i b\u0142\u0119kitna infrastruktura jako atrybut wsparcia transformacji miast wojew\u00f3dztwa \u015bl\u0105skiego&#8221;. <\/span><\/p>\n<div class=\"mt-3\"><\/div>\r\n                            <\/div>\r\n                            \r\n                            <div class=\"text-modules__img\"><img src=\"https:\/\/us.edu.pl\/instytut\/igseigp\/wp-content\/uploads\/sites\/35\/Bez-kategorii\/IMG_20230927_174216.jpg\" alt=\"img\"><\/div>\r\n                        <\/div>\r\n                    <\/div>\r\n                <\/div>[\/vc_column][\/vc_row]<\/p>","protected":false},"excerpt":{"rendered":"<p>[vc_row][vc_column][\/vc_column][\/vc_row] [&#8230;]<\/p>\n<p><a class=\"btn btn-secondary understrap-read-more-link\" href=\"https:\/\/us.edu.pl\/instytut\/igseigp\/2023\/10\/02\/ii-kongres-czechoznawstwa-polskiego-i-polonoznawstwa-czeskiego-2023\/\">Read More&#8230;<\/a><\/p>\n","protected":false},"author":123,"featured_media":1549,"comment_status":"open","ping_status":"open","sticky":false,"template":"","format":"standard","meta":{"_expiration-date-status":"","_expiration-date":0,"_expiration-date-type":"","_expiration-date-categories":[],"_expiration-date-options":[]},"categories":[8],"tags":[],"acf":[],"_links":{"self":[{"href":"https:\/\/us.edu.pl\/instytut\/igseigp\/wp-json\/wp\/v2\/posts\/1548"}],"collection":[{"href":"https:\/\/us.edu.pl\/instytut\/igseigp\/wp-json\/wp\/v2\/posts"}],"about":[{"href":"https:\/\/us.edu.pl\/instytut\/igseigp\/wp-json\/wp\/v2\/types\/post"}],"author":[{"embeddable":true,"href":"https:\/\/us.edu.pl\/instytut\/igseigp\/wp-json\/wp\/v2\/users\/123"}],"replies":[{"embeddable":true,"href":"https:\/\/us.edu.pl\/instytut\/igseigp\/wp-json\/wp\/v2\/comments?post=1548"}],"version-history":[{"count":1,"href":"https:\/\/us.edu.pl\/instytut\/igseigp\/wp-json\/wp\/v2\/posts\/1548\/revisions"}],"predecessor-version":[{"id":1550,"href":"https:\/\/us.edu.pl\/instytut\/igseigp\/wp-json\/wp\/v2\/posts\/1548\/revisions\/1550"}],"wp:featuredmedia":[{"embeddable":true,"href":"https:\/\/us.edu.pl\/instytut\/igseigp\/wp-json\/wp\/v2\/media\/1549"}],"wp:attachment":[{"href":"https:\/\/us.edu.pl\/instytut\/igseigp\/wp-json\/wp\/v2\/media?parent=1548"}],"wp:term":[{"taxonomy":"category","embeddable":true,"href":"https:\/\/us.edu.pl\/instytut\/igseigp\/wp-json\/wp\/v2\/categories?post=1548"},{"taxonomy":"post_tag","embeddable":true,"href":"https:\/\/us.edu.pl\/instytut\/igseigp\/wp-json\/wp\/v2\/tags?post=1548"}],"curies":[{"name":"wp","href":"https:\/\/api.w.org\/{rel}","templated":true}]}}